{"id":8435,"date":"2015-04-20T07:52:21","date_gmt":"2015-04-20T05:52:21","guid":{"rendered":"http:\/\/www.helenefm.com\/?p=8435"},"modified":"2015-04-20T07:52:21","modified_gmt":"2015-04-20T05:52:21","slug":"la-region-poitou-charentes-soutient-la-candidature-de-la-rochelle-pour-laccueil-des-epreuves-de-voile-aux-jo-de-2024","status":"publish","type":"post","link":"https:\/\/www.helenefm.com\/?p=8435","title":{"rendered":"La R\u00e9gion Poitou-Charentes soutient la candidature de La Rochelle pour l\u2019accueil des \u00e9preuves de voile aux JO de 2024"},"content":{"rendered":"<p style=\"text-align: justify;\">Alors que la ville de Paris a fait acte de candidature et que le Conseil municipal de La Rochelle doit en d\u00e9cider ce lundi, le conseil r\u00e9gional vante les m\u00e9rites des infrastructures de haut niveau de la cit\u00e9 maritime, et notamment son P\u00f4le France voile. Une d\u00e9lib\u00e9ration de soutien sera prise lors de la prochaine assembl\u00e9e r\u00e9gionale le 24 avril.<\/p>\n","protected":false},"excerpt":{"rendered":"<p>Alors que la ville de Paris a fait acte de candidature et que le Conseil municipal de La Rochelle doit en d\u00e9cider ce lundi, le conseil r\u00e9gional vante les m\u00e9rites des infrastructures<a class=\"moretag\" href=\"https:\/\/www.helenefm.com\/?p=8435\">Lire la suite&#8230;<\/a><\/p>\n","protected":false},"author":1,"featured_media":0,"comment_status":"open","ping_status":"open","sticky":false,"template":"","format":"standard","meta":{"_monsterinsights_skip_tracking":false,"_monsterinsights_sitenote_active":false,"_monsterinsights_sitenote_note":"","_monsterinsights_sitenote_category":0,"jetpack_post_was_ever_published":false,"_jetpack_newsletter_access":"","_jetpack_dont_email_post_to_subs":false,"_jetpack_newsletter_tier_id":0,"_jetpack_memberships_contains_paywalled_content":false,"_jetpack_memberships_contains_paid_content":false,"footnotes":"","jetpack_publicize_message":"","jetpack_publicize_feature_enabled":true,"jetpack_social_post_already_shared":true,"jetpack_social_options":{"image_generator_settings":{"template":"highway","default_image_id":0,"font":"","enabled":false},"version":2}},"categories":[1],"tags":[31],"class_list":["post-8435","post","type-post","status-publish","format-standard","hentry","category-non-classe","tag-la-rochelle"],"yoast_head":"<!-- This site is optimized with the Yoast SEO plugin v27.5 - https:\/\/yoast.com\/product\/yoast-seo-wordpress\/ -->\n<title>La R\u00e9gion Poitou-Charentes soutient la candidature de La Rochelle pour l\u2019accueil des \u00e9preuves de voile aux JO de 2024 - HELENE FM<\/title>\n<meta name=\"robots\" content=\"index, follow, max-snippet:-1, max-image-preview:large, max-video-preview:-1\" \/>\n<link rel=\"canonical\" href=\"https:\/\/www.helenefm.com\/?p=8435\" \/>\n<meta property=\"og:locale\" content=\"fr_FR\" \/>\n<meta property=\"og:type\" content=\"article\" \/>\n<meta property=\"og:title\" content=\"La R\u00e9gion Poitou-Charentes soutient la candidature de La Rochelle pour l\u2019accueil des \u00e9preuves de voile aux JO de 2024 - HELENE FM\" \/>\n<meta property=\"og:description\" content=\"Alors que la ville de Paris a fait acte de candidature et que le Conseil municipal de La Rochelle doit en d\u00e9cider ce lundi, le conseil r\u00e9gional vante les m\u00e9rites des infrastructuresLire la suite...\" \/>\n<meta property=\"og:url\" content=\"https:\/\/www.helenefm.com\/?p=8435\" \/>\n<meta property=\"og:site_name\" content=\"HELENE FM\" \/>\n<meta property=\"article:publisher\" content=\"https:\/\/www.facebook.com\/profile.php?id=100027030383449\" \/>\n<meta property=\"article:published_time\" content=\"2015-04-20T05:52:21+00:00\" \/>\n<meta name=\"author\" content=\"R\u00e9daction\" \/>\n<meta name=\"twitter:card\" content=\"summary_large_image\" \/>\n<meta name=\"twitter:creator\" content=\"@HELENE_FM\" \/>\n<meta name=\"twitter:site\" content=\"@HELENE_FM\" \/>\n<meta name=\"twitter:label1\" content=\"\u00c9crit par\" \/>\n\t<meta name=\"twitter:data1\" content=\"R\u00e9daction\" \/>\n<script type=\"application\/ld+json\" class=\"yoast-schema-graph\">{\"@context\":\"https:\\\/\\\/schema.org\",\"@graph\":[{\"@type\":\"Article\",\"@id\":\"https:\\\/\\\/www.helenefm.com\\\/?p=8435#article\",\"isPartOf\":{\"@id\":\"https:\\\/\\\/www.helenefm.com\\\/?p=8435\"},\"author\":{\"name\":\"R\u00e9daction\",\"@id\":\"https:\\\/\\\/www.helenefm.com\\\/#\\\/schema\\\/person\\\/fb04a82ede6f9fb2208a8b9eddd8ecfb\"},\"headline\":\"La R\u00e9gion Poitou-Charentes soutient la candidature de La Rochelle pour l\u2019accueil des \u00e9preuves de voile aux JO de 2024\",\"datePublished\":\"2015-04-20T05:52:21+00:00\",\"mainEntityOfPage\":{\"@id\":\"https:\\\/\\\/www.helenefm.com\\\/?p=8435\"},\"wordCount\":87,\"commentCount\":0,\"publisher\":{\"@id\":\"https:\\\/\\\/www.helenefm.com\\\/#organization\"},\"keywords\":[\"LA ROCHELLE-R\u00c9\"],\"inLanguage\":\"fr-FR\",\"potentialAction\":[{\"@type\":\"CommentAction\",\"name\":\"Comment\",\"target\":[\"https:\\\/\\\/www.helenefm.com\\\/?p=8435#respond\"]}]},{\"@type\":\"WebPage\",\"@id\":\"https:\\\/\\\/www.helenefm.com\\\/?p=8435\",\"url\":\"https:\\\/\\\/www.helenefm.com\\\/?p=8435\",\"name\":\"La R\u00e9gion Poitou-Charentes soutient la candidature de La Rochelle pour l\u2019accueil des \u00e9preuves de voile aux JO de 2024 - HELENE FM\",\"isPartOf\":{\"@id\":\"https:\\\/\\\/www.helenefm.com\\\/#website\"},\"datePublished\":\"2015-04-20T05:52:21+00:00\",\"breadcrumb\":{\"@id\":\"https:\\\/\\\/www.helenefm.com\\\/?p=8435#breadcrumb\"},\"inLanguage\":\"fr-FR\",\"potentialAction\":[{\"@type\":\"ReadAction\",\"target\":[\"https:\\\/\\\/www.helenefm.com\\\/?p=8435\"]}]},{\"@type\":\"BreadcrumbList\",\"@id\":\"https:\\\/\\\/www.helenefm.com\\\/?p=8435#breadcrumb\",\"itemListElement\":[{\"@type\":\"ListItem\",\"position\":1,\"name\":\"Accueil\",\"item\":\"https:\\\/\\\/www.helenefm.com\\\/\"},{\"@type\":\"ListItem\",\"position\":2,\"name\":\"La R\u00e9gion Poitou-Charentes soutient la candidature de La Rochelle pour l\u2019accueil des \u00e9preuves de voile aux JO de 2024\"}]},{\"@type\":\"WebSite\",\"@id\":\"https:\\\/\\\/www.helenefm.com\\\/#website\",\"url\":\"https:\\\/\\\/www.helenefm.com\\\/\",\"name\":\"H\u00c9L\u00c8NE FM\",\"description\":\"\",\"publisher\":{\"@id\":\"https:\\\/\\\/www.helenefm.com\\\/#organization\"},\"potentialAction\":[{\"@type\":\"SearchAction\",\"target\":{\"@type\":\"EntryPoint\",\"urlTemplate\":\"https:\\\/\\\/www.helenefm.com\\\/?s={search_term_string}\"},\"query-input\":{\"@type\":\"PropertyValueSpecification\",\"valueRequired\":true,\"valueName\":\"search_term_string\"}}],\"inLanguage\":\"fr-FR\"},{\"@type\":\"Organization\",\"@id\":\"https:\\\/\\\/www.helenefm.com\\\/#organization\",\"name\":\"H\u00c9L\u00c8NE FM\",\"url\":\"https:\\\/\\\/www.helenefm.com\\\/\",\"logo\":{\"@type\":\"ImageObject\",\"inLanguage\":\"fr-FR\",\"@id\":\"https:\\\/\\\/www.helenefm.com\\\/#\\\/schema\\\/logo\\\/image\\\/\",\"url\":\"https:\\\/\\\/www.helenefm.com\\\/wordpress\\\/wp-content\\\/uploads\\\/2018\\\/05\\\/cropped-cropped-logo-helene-fm-512x512-1.jpg\",\"contentUrl\":\"https:\\\/\\\/www.helenefm.com\\\/wordpress\\\/wp-content\\\/uploads\\\/2018\\\/05\\\/cropped-cropped-logo-helene-fm-512x512-1.jpg\",\"width\":512,\"height\":512,\"caption\":\"H\u00c9L\u00c8NE FM\"},\"image\":{\"@id\":\"https:\\\/\\\/www.helenefm.com\\\/#\\\/schema\\\/logo\\\/image\\\/\"},\"sameAs\":[\"https:\\\/\\\/www.facebook.com\\\/profile.php?id=100027030383449\",\"https:\\\/\\\/x.com\\\/HELENE_FM\",\"https:\\\/\\\/www.instagram.com\\\/helene__fm\\\/\"]},{\"@type\":\"Person\",\"@id\":\"https:\\\/\\\/www.helenefm.com\\\/#\\\/schema\\\/person\\\/fb04a82ede6f9fb2208a8b9eddd8ecfb\",\"name\":\"R\u00e9daction\",\"image\":{\"@type\":\"ImageObject\",\"inLanguage\":\"fr-FR\",\"@id\":\"https:\\\/\\\/secure.gravatar.com\\\/avatar\\\/e27376be9ce9d76a824c6eabb367e5b2ed263ed34a5b8cf79d455d67b1e2a424?s=96&d=mm&r=g\",\"url\":\"https:\\\/\\\/secure.gravatar.com\\\/avatar\\\/e27376be9ce9d76a824c6eabb367e5b2ed263ed34a5b8cf79d455d67b1e2a424?s=96&d=mm&r=g\",\"contentUrl\":\"https:\\\/\\\/secure.gravatar.com\\\/avatar\\\/e27376be9ce9d76a824c6eabb367e5b2ed263ed34a5b8cf79d455d67b1e2a424?s=96&d=mm&r=g\",\"caption\":\"R\u00e9daction\"},\"url\":\"https:\\\/\\\/www.helenefm.com\\\/?author=1\"}]}<\/script>\n<!-- \/ Yoast SEO plugin. -->","yoast_head_json":{"title":"La R\u00e9gion Poitou-Charentes soutient la candidature de La Rochelle pour l\u2019accueil des \u00e9preuves de voile aux JO de 2024 - HELENE FM","robots":{"index":"index","follow":"follow","max-snippet":"max-snippet:-1","max-image-preview":"max-image-preview:large","max-video-preview":"max-video-preview:-1"},"canonical":"https:\/\/www.helenefm.com\/?p=8435","og_locale":"fr_FR","og_type":"article","og_title":"La R\u00e9gion Poitou-Charentes soutient la candidature de La Rochelle pour l\u2019accueil des \u00e9preuves de voile aux JO de 2024 - HELENE FM","og_description":"Alors que la ville de Paris a fait acte de candidature et que le Conseil municipal de La Rochelle doit en d\u00e9cider ce lundi, le conseil r\u00e9gional vante les m\u00e9rites des infrastructuresLire la suite...","og_url":"https:\/\/www.helenefm.com\/?p=8435","og_site_name":"HELENE FM","article_publisher":"https:\/\/www.facebook.com\/profile.php?id=100027030383449","article_published_time":"2015-04-20T05:52:21+00:00","author":"R\u00e9daction","twitter_card":"summary_large_image","twitter_creator":"@HELENE_FM","twitter_site":"@HELENE_FM","twitter_misc":{"\u00c9crit par":"R\u00e9daction"},"schema":{"@context":"https:\/\/schema.org","@graph":[{"@type":"Article","@id":"https:\/\/www.helenefm.com\/?p=8435#article","isPartOf":{"@id":"https:\/\/www.helenefm.com\/?p=8435"},"author":{"name":"R\u00e9daction","@id":"https:\/\/www.helenefm.com\/#\/schema\/person\/fb04a82ede6f9fb2208a8b9eddd8ecfb"},"headline":"La R\u00e9gion Poitou-Charentes soutient la candidature de La Rochelle pour l\u2019accueil des \u00e9preuves de voile aux JO de 2024","datePublished":"2015-04-20T05:52:21+00:00","mainEntityOfPage":{"@id":"https:\/\/www.helenefm.com\/?p=8435"},"wordCount":87,"commentCount":0,"publisher":{"@id":"https:\/\/www.helenefm.com\/#organization"},"keywords":["LA ROCHELLE-R\u00c9"],"inLanguage":"fr-FR","potentialAction":[{"@type":"CommentAction","name":"Comment","target":["https:\/\/www.helenefm.com\/?p=8435#respond"]}]},{"@type":"WebPage","@id":"https:\/\/www.helenefm.com\/?p=8435","url":"https:\/\/www.helenefm.com\/?p=8435","name":"La R\u00e9gion Poitou-Charentes soutient la candidature de La Rochelle pour l\u2019accueil des \u00e9preuves de voile aux JO de 2024 - HELENE FM","isPartOf":{"@id":"https:\/\/www.helenefm.com\/#website"},"datePublished":"2015-04-20T05:52:21+00:00","breadcrumb":{"@id":"https:\/\/www.helenefm.com\/?p=8435#breadcrumb"},"inLanguage":"fr-FR","potentialAction":[{"@type":"ReadAction","target":["https:\/\/www.helenefm.com\/?p=8435"]}]},{"@type":"BreadcrumbList","@id":"https:\/\/www.helenefm.com\/?p=8435#breadcrumb","itemListElement":[{"@type":"ListItem","position":1,"name":"Accueil","item":"https:\/\/www.helenefm.com\/"},{"@type":"ListItem","position":2,"name":"La R\u00e9gion Poitou-Charentes soutient la candidature de La Rochelle pour l\u2019accueil des \u00e9preuves de voile aux JO de 2024"}]},{"@type":"WebSite","@id":"https:\/\/www.helenefm.com\/#website","url":"https:\/\/www.helenefm.com\/","name":"H\u00c9L\u00c8NE FM","description":"","publisher":{"@id":"https:\/\/www.helenefm.com\/#organization"},"potentialAction":[{"@type":"SearchAction","target":{"@type":"EntryPoint","urlTemplate":"https:\/\/www.helenefm.com\/?s={search_term_string}"},"query-input":{"@type":"PropertyValueSpecification","valueRequired":true,"valueName":"search_term_string"}}],"inLanguage":"fr-FR"},{"@type":"Organization","@id":"https:\/\/www.helenefm.com\/#organization","name":"H\u00c9L\u00c8NE FM","url":"https:\/\/www.helenefm.com\/","logo":{"@type":"ImageObject","inLanguage":"fr-FR","@id":"https:\/\/www.helenefm.com\/#\/schema\/logo\/image\/","url":"https:\/\/www.helenefm.com\/wordpress\/wp-content\/uploads\/2018\/05\/cropped-cropped-logo-helene-fm-512x512-1.jpg","contentUrl":"https:\/\/www.helenefm.com\/wordpress\/wp-content\/uploads\/2018\/05\/cropped-cropped-logo-helene-fm-512x512-1.jpg","width":512,"height":512,"caption":"H\u00c9L\u00c8NE FM"},"image":{"@id":"https:\/\/www.helenefm.com\/#\/schema\/logo\/image\/"},"sameAs":["https:\/\/www.facebook.com\/profile.php?id=100027030383449","https:\/\/x.com\/HELENE_FM","https:\/\/www.instagram.com\/helene__fm\/"]},{"@type":"Person","@id":"https:\/\/www.helenefm.com\/#\/schema\/person\/fb04a82ede6f9fb2208a8b9eddd8ecfb","name":"R\u00e9daction","image":{"@type":"ImageObject","inLanguage":"fr-FR","@id":"https:\/\/secure.gravatar.com\/avatar\/e27376be9ce9d76a824c6eabb367e5b2ed263ed34a5b8cf79d455d67b1e2a424?s=96&d=mm&r=g","url":"https:\/\/secure.gravatar.com\/avatar\/e27376be9ce9d76a824c6eabb367e5b2ed263ed34a5b8cf79d455d67b1e2a424?s=96&d=mm&r=g","contentUrl":"https:\/\/secure.gravatar.com\/avatar\/e27376be9ce9d76a824c6eabb367e5b2ed263ed34a5b8cf79d455d67b1e2a424?s=96&d=mm&r=g","caption":"R\u00e9daction"},"url":"https:\/\/www.helenefm.com\/?author=1"}]}},"views":1147,"jetpack_publicize_connections":[],"jetpack_featured_media_url":"","jetpack_sharing_enabled":true,"jetpack_shortlink":"https:\/\/wp.me\/p48eP9-2c3","_links":{"self":[{"href":"https:\/\/www.helenefm.com\/index.php?rest_route=\/wp\/v2\/posts\/8435","targetHints":{"allow":["GET"]}}],"collection":[{"href":"https:\/\/www.helenefm.com\/index.php?rest_route=\/wp\/v2\/posts"}],"about":[{"href":"https:\/\/www.helenefm.com\/index.php?rest_route=\/wp\/v2\/types\/post"}],"author":[{"embeddable":true,"href":"https:\/\/www.helenefm.com\/index.php?rest_route=\/wp\/v2\/users\/1"}],"replies":[{"embeddable":true,"href":"https:\/\/www.helenefm.com\/index.php?rest_route=%2Fwp%2Fv2%2Fcomments&post=8435"}],"version-history":[{"count":1,"href":"https:\/\/www.helenefm.com\/index.php?rest_route=\/wp\/v2\/posts\/8435\/revisions"}],"predecessor-version":[{"id":8436,"href":"https:\/\/www.helenefm.com\/index.php?rest_route=\/wp\/v2\/posts\/8435\/revisions\/8436"}],"wp:attachment":[{"href":"https:\/\/www.helenefm.com\/index.php?rest_route=%2Fwp%2Fv2%2Fmedia&parent=8435"}],"wp:term":[{"taxonomy":"category","embeddable":true,"href":"https:\/\/www.helenefm.com\/index.php?rest_route=%2Fwp%2Fv2%2Fcategories&post=8435"},{"taxonomy":"post_tag","embeddable":true,"href":"https:\/\/www.helenefm.com\/index.php?rest_route=%2Fwp%2Fv2%2Ftags&post=8435"}],"curies":[{"name":"wp","href":"https:\/\/api.w.org\/{rel}","templated":true}]}}