{"id":7625,"date":"2015-03-03T07:49:02","date_gmt":"2015-03-03T06:49:02","guid":{"rendered":"http:\/\/www.helenefm.com\/?p=7625"},"modified":"2015-03-03T07:49:02","modified_gmt":"2015-03-03T06:49:02","slug":"saint-vivien-un-garage-entierement-par-un-incendie","status":"publish","type":"post","link":"https:\/\/www.helenefm.com\/?p=7625","title":{"rendered":"Saint-Vivien : un garage enti\u00e8rement par un incendie"},"content":{"rendered":"<p style=\"text-align: justify;\">A Saint-Vivien, au Sud de La Rochelle, cette nuit, un garage de 300m\u00b2 a \u00e9t\u00e9 enti\u00e8rement d\u00e9truit, apr\u00e8s l\u2019incendie de deux voitures qui a fini par se propager au b\u00e2timent. Un entrep\u00f4t mitoyen a pu \u00eatre \u00e9pargn\u00e9, gr\u00e2ce \u00e0 l\u2019intervention d\u2019une trentaine de sapeurs-pompiers. Une fuite de gaz enflamm\u00e9e a d\u00fb \u00eatre trait\u00e9e par GrDF.<\/p>\n","protected":false},"excerpt":{"rendered":"<p>A Saint-Vivien, au Sud de La Rochelle, cette nuit, un garage de 300m\u00b2 a \u00e9t\u00e9 enti\u00e8rement d\u00e9truit, apr\u00e8s l\u2019incendie de deux voitures qui a fini par se propager au b\u00e2timent. Un entrep\u00f4t<a class=\"moretag\" href=\"https:\/\/www.helenefm.com\/?p=7625\">Lire la suite&#8230;<\/a><\/p>\n","protected":false},"author":1,"featured_media":1255,"comment_status":"open","ping_status":"open","sticky":false,"template":"","format":"standard","meta":{"_monsterinsights_skip_tracking":false,"_monsterinsights_sitenote_active":false,"_monsterinsights_sitenote_note":"","_monsterinsights_sitenote_category":0,"jetpack_post_was_ever_published":false,"_jetpack_newsletter_access":"","_jetpack_dont_email_post_to_subs":false,"_jetpack_newsletter_tier_id":0,"_jetpack_memberships_contains_paywalled_content":false,"_jetpack_memberships_contains_paid_content":false,"footnotes":"","jetpack_publicize_message":"Saint-Vivien : un garage enti\u00e8rement par un incendie","jetpack_publicize_feature_enabled":true,"jetpack_social_post_already_shared":true,"jetpack_social_options":{"image_generator_settings":{"template":"highway","default_image_id":0,"font":"","enabled":false},"version":2}},"categories":[1],"tags":[31],"class_list":["post-7625","post","type-post","status-publish","format-standard","has-post-thumbnail","hentry","category-non-classe","tag-la-rochelle"],"views":1507,"jetpack_publicize_connections":[],"jetpack_featured_media_url":"https:\/\/www.helenefm.com\/wordpress\/wp-content\/uploads\/2014\/01\/Pompiers-Rochefort.jpg","jetpack_sharing_enabled":true,"jetpack_shortlink":"https:\/\/wp.me\/p48eP9-1YZ","_links":{"self":[{"href":"https:\/\/www.helenefm.com\/index.php?rest_route=\/wp\/v2\/posts\/7625","targetHints":{"allow":["GET"]}}],"collection":[{"href":"https:\/\/www.helenefm.com\/index.php?rest_route=\/wp\/v2\/posts"}],"about":[{"href":"https:\/\/www.helenefm.com\/index.php?rest_route=\/wp\/v2\/types\/post"}],"author":[{"embeddable":true,"href":"https:\/\/www.helenefm.com\/index.php?rest_route=\/wp\/v2\/users\/1"}],"replies":[{"embeddable":true,"href":"https:\/\/www.helenefm.com\/index.php?rest_route=%2Fwp%2Fv2%2Fcomments&post=7625"}],"version-history":[{"count":1,"href":"https:\/\/www.helenefm.com\/index.php?rest_route=\/wp\/v2\/posts\/7625\/revisions"}],"predecessor-version":[{"id":7626,"href":"https:\/\/www.helenefm.com\/index.php?rest_route=\/wp\/v2\/posts\/7625\/revisions\/7626"}],"wp:featuredmedia":[{"embeddable":true,"href":"https:\/\/www.helenefm.com\/index.php?rest_route=\/wp\/v2\/media\/1255"}],"wp:attachment":[{"href":"https:\/\/www.helenefm.com\/index.php?rest_route=%2Fwp%2Fv2%2Fmedia&parent=7625"}],"wp:term":[{"taxonomy":"category","embeddable":true,"href":"https:\/\/www.helenefm.com\/index.php?rest_route=%2Fwp%2Fv2%2Fcategories&post=7625"},{"taxonomy":"post_tag","embeddable":true,"href":"https:\/\/www.helenefm.com\/index.php?rest_route=%2Fwp%2Fv2%2Ftags&post=7625"}],"curies":[{"name":"wp","href":"https:\/\/api.w.org\/{rel}","templated":true}]}}