{"id":71476,"date":"2026-09-04T09:15:50","date_gmt":"2026-09-04T07:15:50","guid":{"rendered":"https:\/\/www.helenefm.com\/?p=71476"},"modified":"2026-09-04T09:15:50","modified_gmt":"2026-09-04T07:15:50","slug":"saint-jean-dangely-une-expo-photo-exceptionnelle-pour-les-82-ans-de-la-liberation","status":"publish","type":"post","link":"https:\/\/www.helenefm.com\/?p=71476","title":{"rendered":"Saint-Jean-d\u2019Ang\u00e9ly : une expo photo exceptionnelle pour les 82 ans de la Lib\u00e9ration"},"content":{"rendered":"<p>Une exposition photo exceptionnelle pour les 82 ans de la Lib\u00e9ration de Saint-Jean-d\u2019Ang\u00e9ly. La Ville organise aujourd\u2019hui un temps de comm\u00e9moration pour c\u00e9l\u00e9brer l\u2019\u00e9v\u00e8nement et rendre hommage aux r\u00e9sistants locaux qui se sont battus pour la libert\u00e9, pendant la Seconde Guerre mondiale. \u00c0 cette occasion, douze photographies d\u2019\u00e9poque vont \u00eatre expos\u00e9es dans le hall de l\u2019H\u00f4tel-de-Ville d\u00e8s la semaine prochaine.<br \/>\nIl y a 82 ans, Saint-Jean-d\u2019Ang\u00e9ly retrouvait sa libert\u00e9. Le 4 septembre 1944, apr\u00e8s le d\u00e9part des troupes allemandes qui se replient vers Surg\u00e8res puis La Rochelle, les r\u00e9sistants locaux et le maquis Bir Hacheim lib\u00e8rent la ville. Dans les rues, un d\u00e9fil\u00e9 est organis\u00e9, avant un rassemblement devant l\u2019H\u00f4tel de Ville. Le capitaine \u00ab Marc \u00bb proclame alors officiellement la lib\u00e9ration de Saint-Jean-d\u2019Ang\u00e9ly et le retour \u00e0 la libert\u00e9. De ces journ\u00e9es des 4 et 5 septembre, il reste des images. Elles ont \u00e9t\u00e9 prises par Jean Moreau, photographe install\u00e9 rue des Bancs, qui immortalise les moments forts de la Lib\u00e9ration. Des clich\u00e9s exceptionnels, dont des reproductions grand format avaient \u00e9t\u00e9 r\u00e9alis\u00e9es en 1994, \u00e0 l\u2019occasion du 50e anniversaire. Douze de ces panneaux ressortent aujourd\u2019hui des archives. Ils seront pr\u00e9sent\u00e9s dans le hall de l\u2019H\u00f4tel de Ville \u00e0 partir de lundi. Des images qui montrent l\u2019\u00e9motion et l\u2019enthousiasme qui accompagnent alors le retour \u00e0 la libert\u00e9, et qui permettent aussi de transmettre cette m\u00e9moire aux nouvelles g\u00e9n\u00e9rations. L\u2019occasion, pour les habitants, de d\u00e9couvrir ou red\u00e9couvrir ces photographies qui t\u00e9moignent de la Lib\u00e9ration de Saint-Jean-d\u2019Ang\u00e9ly. Cette exposition temporaire s\u2019ach\u00e8vera le 20 septembre.<br \/>\nL\u2019exposition sera accessible du 7 au 20 septembre, en semaine pendant les horaires d\u2019ouverture de la mairie. Elle sera \u00e9galement ouverte les 19 et 20 septembre apr\u00e8s-midi, \u00e0 l\u2019occasion des Journ\u00e9es europ\u00e9ennes du patrimoine. Le temps de comm\u00e9moration pr\u00e9vu aujourd\u2019hui a lieu \u00e0 11h30, devant le monument aux Morts.<\/p>\n","protected":false},"excerpt":{"rendered":"<p>Une exposition photo exceptionnelle pour les 82 ans de la Lib\u00e9ration de Saint-Jean-d\u2019Ang\u00e9ly. La Ville organise aujourd\u2019hui un temps de comm\u00e9moration pour c\u00e9l\u00e9brer l\u2019\u00e9v\u00e8nement et rendre hommage aux r\u00e9sistants locaux qui se<a class=\"moretag\" href=\"https:\/\/www.helenefm.com\/?p=71476\">Lire la suite&#8230;<\/a><\/p>\n","protected":false},"author":1,"featured_media":0,"comment_status":"closed","ping_status":"closed","sticky":false,"template":"","format":"standard","meta":{"_jetpack_newsletter_access":"","_jetpack_dont_email_post_to_subs":false,"_jetpack_newsletter_tier_id":0,"_jetpack_memberships_contains_paywalled_content":false,"_jetpack_feature_clip_id":0,"_jetpack_memberships_contains_paid_content":false,"footnotes":"","jetpack_publicize_message":"","jetpack_publicize_feature_enabled":true,"jetpack_social_post_already_shared":true,"jetpack_social_options":{"image_generator_settings":{"template":"highway","default_image_id":0,"font":"","enabled":false},"version":2},"jetpack_post_was_ever_published":false},"categories":[103],"tags":[44],"class_list":["post-71476","post","type-post","status-publish","format-standard","hentry","category-fil-infos-redaction","tag-saint-jean-dangely"],"views":91,"jetpack_publicize_connections":[],"jetpack_sharing_enabled":true,"jetpack_shortlink":"https:\/\/wp.me\/p48eP9-iAQ","jetpack_featured_media_url":"","_links":{"self":[{"href":"https:\/\/www.helenefm.com\/index.php?rest_route=\/wp\/v2\/posts\/71476","targetHints":{"allow":["GET"]}}],"collection":[{"href":"https:\/\/www.helenefm.com\/index.php?rest_route=\/wp\/v2\/posts"}],"about":[{"href":"https:\/\/www.helenefm.com\/index.php?rest_route=\/wp\/v2\/types\/post"}],"author":[{"embeddable":true,"href":"https:\/\/www.helenefm.com\/index.php?rest_route=\/wp\/v2\/users\/1"}],"replies":[{"embeddable":true,"href":"https:\/\/www.helenefm.com\/index.php?rest_route=%2Fwp%2Fv2%2Fcomments&post=71476"}],"version-history":[{"count":1,"href":"https:\/\/www.helenefm.com\/index.php?rest_route=\/wp\/v2\/posts\/71476\/revisions"}],"predecessor-version":[{"id":71477,"href":"https:\/\/www.helenefm.com\/index.php?rest_route=\/wp\/v2\/posts\/71476\/revisions\/71477"}],"wp:attachment":[{"href":"https:\/\/www.helenefm.com\/index.php?rest_route=%2Fwp%2Fv2%2Fmedia&parent=71476"}],"wp:term":[{"taxonomy":"category","embeddable":true,"href":"https:\/\/www.helenefm.com\/index.php?rest_route=%2Fwp%2Fv2%2Fcategories&post=71476"},{"taxonomy":"post_tag","embeddable":true,"href":"https:\/\/www.helenefm.com\/index.php?rest_route=%2Fwp%2Fv2%2Ftags&post=71476"}],"curies":[{"name":"wp","href":"https:\/\/api.w.org\/{rel}","templated":true}]}}