{"id":71459,"date":"2026-09-03T11:03:49","date_gmt":"2026-09-03T09:03:49","guid":{"rendered":"https:\/\/www.helenefm.com\/?p=71459"},"modified":"2026-09-03T11:03:49","modified_gmt":"2026-09-03T09:03:49","slug":"la-rochelle-85-millions-deuros-pour-rafraichir-et-securiser-les-ecoles","status":"publish","type":"post","link":"https:\/\/www.helenefm.com\/?p=71459","title":{"rendered":"La Rochelle : 8,5 millions d&rsquo;euros pour rafra\u00eechir et s\u00e9curiser les \u00e9coles"},"content":{"rendered":"<p>\u00c0 La Rochelle, pr\u00e8s de 5 200 enfants ont fait leur rentr\u00e9e ce mardi. Une rentr\u00e9e plac\u00e9e sous le signe de la transition climatique et de la s\u00e9curit\u00e9. La Ville annonce un investissement de 8,5 millions d\u2019euros sur le mandat pour adapter les \u00e9coles aux fortes chaleurs, mais aussi pour s\u00e9curiser leurs abords et renforcer la protection des enfants dans les accueils p\u00e9riscolaires.<br \/>\n\u00c0 La Rochelle, la rentr\u00e9e se veut plus fra\u00eeche et plus s\u00fbre. Face \u00e0 la r\u00e9p\u00e9tition des \u00e9pisodes de chaleur, la Ville engage un plan d\u2019adaptation climatique de 8,5 millions d\u2019euros sur la dur\u00e9e du mandat. Objectif : acc\u00e9l\u00e9rer la r\u00e9novation des b\u00e2timents, mais aussi d\u00e9simperm\u00e9abiliser et v\u00e9g\u00e9taliser les cours d\u2019\u00e9cole, \u00e0 raison de deux par an. Des mesures plus rapides sont \u00e9galement annonc\u00e9es : des brumisateurs dans toutes les cours d\u2019ici l\u2019\u00e9t\u00e9 2028, des brasseurs d\u2019air dans les salles, et \u00e0 terme une pi\u00e8ce rafra\u00eechie dans chaque \u00e9tablissement. Voiles d\u2019ombrage, films et stores doivent \u00e9galement limiter la chaleur dans les classes. Cet \u00e9t\u00e9, 1,9 million d\u2019euros de travaux ont d\u00e9j\u00e0 \u00e9t\u00e9 r\u00e9alis\u00e9s, notamment dans les \u00e9coles Condorcet et Barth\u00e9l\u00e9my-Profit. \u00c0 Claude-Nicolas, o\u00f9 le maire Olivier Falorni \u00e9tait pr\u00e9sent pour la rentr\u00e9e, la cour de la maternelle a \u00e9t\u00e9 d\u00e9simperm\u00e9abilis\u00e9e. La s\u00e9curit\u00e9 est \u00e9galement renforc\u00e9e : la rue Charcot, devant l\u2019\u00e9cole de Bongraine, devient une rue destin\u00e9e aux enfants. Enfin, la Ville impose des contr\u00f4les annuels du casier B2 pour les agents et la pr\u00e9sence syst\u00e9matique de deux animateurs sur les temps p\u00e9riscolaires, pour qu\u2019aucun adulte ne soit jamais seul avec un enfant.<br \/>\n\u00c0 La Rochelle, cette rentr\u00e9e concerne 34 \u00e9coles publiques et pr\u00e8s de 5 200 \u00e9l\u00e8ves. La Ville compte \u00e9galement poursuivre progressivement la s\u00e9curisation des abords des 23 groupes scolaires dans le cadre de son Plan \u00c9coles 2030.<\/p>\n","protected":false},"excerpt":{"rendered":"<p>\u00c0 La Rochelle, pr\u00e8s de 5 200 enfants ont fait leur rentr\u00e9e ce mardi. Une rentr\u00e9e plac\u00e9e sous le signe de la transition climatique et de la s\u00e9curit\u00e9. La Ville annonce un<a class=\"moretag\" href=\"https:\/\/www.helenefm.com\/?p=71459\">Lire la suite&#8230;<\/a><\/p>\n","protected":false},"author":1,"featured_media":0,"comment_status":"closed","ping_status":"closed","sticky":false,"template":"","format":"standard","meta":{"_jetpack_newsletter_access":"","_jetpack_dont_email_post_to_subs":false,"_jetpack_newsletter_tier_id":0,"_jetpack_memberships_contains_paywalled_content":false,"_jetpack_feature_clip_id":0,"_jetpack_memberships_contains_paid_content":false,"footnotes":"","jetpack_publicize_message":"","jetpack_publicize_feature_enabled":true,"jetpack_social_post_already_shared":true,"jetpack_social_options":{"image_generator_settings":{"template":"highway","default_image_id":0,"font":"","enabled":false},"version":2},"jetpack_post_was_ever_published":false},"categories":[103],"tags":[31],"class_list":["post-71459","post","type-post","status-publish","format-standard","hentry","category-fil-infos-redaction","tag-la-rochelle"],"views":63,"jetpack_publicize_connections":[],"jetpack_sharing_enabled":true,"jetpack_shortlink":"https:\/\/wp.me\/p48eP9-iAz","jetpack_featured_media_url":"","_links":{"self":[{"href":"https:\/\/www.helenefm.com\/index.php?rest_route=\/wp\/v2\/posts\/71459","targetHints":{"allow":["GET"]}}],"collection":[{"href":"https:\/\/www.helenefm.com\/index.php?rest_route=\/wp\/v2\/posts"}],"about":[{"href":"https:\/\/www.helenefm.com\/index.php?rest_route=\/wp\/v2\/types\/post"}],"author":[{"embeddable":true,"href":"https:\/\/www.helenefm.com\/index.php?rest_route=\/wp\/v2\/users\/1"}],"replies":[{"embeddable":true,"href":"https:\/\/www.helenefm.com\/index.php?rest_route=%2Fwp%2Fv2%2Fcomments&post=71459"}],"version-history":[{"count":1,"href":"https:\/\/www.helenefm.com\/index.php?rest_route=\/wp\/v2\/posts\/71459\/revisions"}],"predecessor-version":[{"id":71460,"href":"https:\/\/www.helenefm.com\/index.php?rest_route=\/wp\/v2\/posts\/71459\/revisions\/71460"}],"wp:attachment":[{"href":"https:\/\/www.helenefm.com\/index.php?rest_route=%2Fwp%2Fv2%2Fmedia&parent=71459"}],"wp:term":[{"taxonomy":"category","embeddable":true,"href":"https:\/\/www.helenefm.com\/index.php?rest_route=%2Fwp%2Fv2%2Fcategories&post=71459"},{"taxonomy":"post_tag","embeddable":true,"href":"https:\/\/www.helenefm.com\/index.php?rest_route=%2Fwp%2Fv2%2Ftags&post=71459"}],"curies":[{"name":"wp","href":"https:\/\/api.w.org\/{rel}","templated":true}]}}