{"id":71455,"date":"2026-09-03T11:02:18","date_gmt":"2026-09-03T09:02:18","guid":{"rendered":"https:\/\/www.helenefm.com\/?p=71455"},"modified":"2026-09-03T11:02:18","modified_gmt":"2026-09-03T09:02:18","slug":"la-rochelle-une-expo-pour-les-40-ans-de-la-pochette-boys-dont-cry-de-the-cure","status":"publish","type":"post","link":"https:\/\/www.helenefm.com\/?p=71455","title":{"rendered":"La Rochelle : une expo pour les 40 ans de la pochette \u00ab\u00a0Boys don&rsquo;t cry\u00a0\u00bb de The Cure"},"content":{"rendered":"<p><img loading=\"lazy\" decoding=\"async\" data-attachment-id=\"71456\" data-permalink=\"https:\/\/www.helenefm.com\/?attachment_id=71456\" data-orig-file=\"https:\/\/www.helenefm.com\/wordpress\/wp-content\/uploads\/2026\/09\/Boys-Dont-Cry-Cover-Affiche-Expo-FINAL.jpg\" data-orig-size=\"680,961\" data-comments-opened=\"0\" data-image-meta=\"{&quot;aperture&quot;:&quot;0&quot;,&quot;credit&quot;:&quot;&quot;,&quot;camera&quot;:&quot;&quot;,&quot;caption&quot;:&quot;&quot;,&quot;created_timestamp&quot;:&quot;0&quot;,&quot;copyright&quot;:&quot;&quot;,&quot;focal_length&quot;:&quot;0&quot;,&quot;iso&quot;:&quot;0&quot;,&quot;shutter_speed&quot;:&quot;0&quot;,&quot;title&quot;:&quot;&quot;,&quot;orientation&quot;:&quot;1&quot;,&quot;alt&quot;:&quot;&quot;}\" data-image-title=\"Boys-Dont-Cry-Cover-Affiche-Expo-FINAL\" data-image-description=\"\" data-image-caption=\"\" data-large-file=\"https:\/\/www.helenefm.com\/wordpress\/wp-content\/uploads\/2026\/09\/Boys-Dont-Cry-Cover-Affiche-Expo-FINAL.jpg\" class=\"size-full wp-image-71456 aligncenter\" src=\"https:\/\/www.helenefm.com\/wordpress\/wp-content\/uploads\/2026\/09\/Boys-Dont-Cry-Cover-Affiche-Expo-FINAL.jpg\" alt=\"\" width=\"680\" height=\"961\" srcset=\"https:\/\/www.helenefm.com\/wordpress\/wp-content\/uploads\/2026\/09\/Boys-Dont-Cry-Cover-Affiche-Expo-FINAL.jpg 680w, https:\/\/www.helenefm.com\/wordpress\/wp-content\/uploads\/2026\/09\/Boys-Dont-Cry-Cover-Affiche-Expo-FINAL-212x300.jpg 212w\" sizes=\"auto, (max-width: 680px) 100vw, 680px\" \/><br \/>\nRevisiter une pochette mythique du groupe de rock britannique The Cure, 40 ans apr\u00e8s sa sortie : c\u2019est le pari de l\u2019exposition \u00ab Boys Don\u2019t Cry Cover \u00bb, \u00e0 d\u00e9couvrir d\u00e8s aujourd\u2019hui au Caf\u00e9 Moli\u00e8re \u00e0 La Rochelle. La c\u00e9l\u00e8bre photo de Robert Smith, prise par Andy Vella en 1986, a inspir\u00e9 une dizaine d\u2019artistes rochelais, dessinateurs, illustrateurs ou encore graphistes, mais aussi six jeunes cr\u00e9ateurs lyc\u00e9ens qui exposent pour la premi\u00e8re fois. Chacun s\u2019est appropri\u00e9 cette image iconique avec son propre univers. L\u2019organisateur de cette expo St\u00e9phane Maraisse nous en parle :<\/p>\n<audio class=\"wp-audio-shortcode\" id=\"audio-71455-1\" preload=\"none\" style=\"width: 100%;\" controls=\"controls\"><source type=\"audio\/mpeg\" src=\"https:\/\/www.helenefm.com\/wordpress\/wp-content\/uploads\/2026\/09\/expo-cure.mp3?_=1\" \/><a href=\"https:\/\/www.helenefm.com\/wordpress\/wp-content\/uploads\/2026\/09\/expo-cure.mp3\">https:\/\/www.helenefm.com\/wordpress\/wp-content\/uploads\/2026\/09\/expo-cure.mp3<\/a><\/audio>\n<p>L\u2019exposition \u00ab Boys Don\u2019t Cry Cover \u00bb est \u00e0 d\u00e9couvrir jusqu\u2019au 31 octobre au Caf\u00e9 Moli\u00e8re, 1 rue du Minage \u00e0 La Rochelle. Le vernissage aura lieu jeudi 10 septembre, \u00e0 partir de 18 heures.<\/p>\n","protected":false},"excerpt":{"rendered":"<p>Revisiter une pochette mythique du groupe de rock britannique The Cure, 40 ans apr\u00e8s sa sortie : c\u2019est le pari de l\u2019exposition \u00ab Boys Don\u2019t Cry Cover \u00bb, \u00e0 d\u00e9couvrir d\u00e8s aujourd\u2019hui<a class=\"moretag\" href=\"https:\/\/www.helenefm.com\/?p=71455\">Lire la suite&#8230;<\/a><\/p>\n","protected":false},"author":1,"featured_media":71456,"comment_status":"closed","ping_status":"closed","sticky":false,"template":"","format":"standard","meta":{"_jetpack_newsletter_access":"","_jetpack_dont_email_post_to_subs":false,"_jetpack_newsletter_tier_id":0,"_jetpack_memberships_contains_paywalled_content":false,"_jetpack_feature_clip_id":0,"_jetpack_memberships_contains_paid_content":false,"footnotes":"","jetpack_publicize_message":"","jetpack_publicize_feature_enabled":true,"jetpack_social_post_already_shared":true,"jetpack_social_options":{"image_generator_settings":{"template":"highway","default_image_id":0,"font":"","enabled":false},"version":2},"jetpack_post_was_ever_published":false},"categories":[103,82],"tags":[31],"class_list":["post-71455","post","type-post","status-publish","format-standard","has-post-thumbnail","hentry","category-fil-infos-redaction","category-sortir","tag-la-rochelle"],"views":56,"jetpack_publicize_connections":[],"jetpack_sharing_enabled":true,"jetpack_shortlink":"https:\/\/wp.me\/p48eP9-iAv","jetpack_featured_media_url":"https:\/\/www.helenefm.com\/wordpress\/wp-content\/uploads\/2026\/09\/Boys-Dont-Cry-Cover-Affiche-Expo-FINAL.jpg","_links":{"self":[{"href":"https:\/\/www.helenefm.com\/index.php?rest_route=\/wp\/v2\/posts\/71455","targetHints":{"allow":["GET"]}}],"collection":[{"href":"https:\/\/www.helenefm.com\/index.php?rest_route=\/wp\/v2\/posts"}],"about":[{"href":"https:\/\/www.helenefm.com\/index.php?rest_route=\/wp\/v2\/types\/post"}],"author":[{"embeddable":true,"href":"https:\/\/www.helenefm.com\/index.php?rest_route=\/wp\/v2\/users\/1"}],"replies":[{"embeddable":true,"href":"https:\/\/www.helenefm.com\/index.php?rest_route=%2Fwp%2Fv2%2Fcomments&post=71455"}],"version-history":[{"count":1,"href":"https:\/\/www.helenefm.com\/index.php?rest_route=\/wp\/v2\/posts\/71455\/revisions"}],"predecessor-version":[{"id":71458,"href":"https:\/\/www.helenefm.com\/index.php?rest_route=\/wp\/v2\/posts\/71455\/revisions\/71458"}],"wp:featuredmedia":[{"embeddable":true,"href":"https:\/\/www.helenefm.com\/index.php?rest_route=\/wp\/v2\/media\/71456"}],"wp:attachment":[{"href":"https:\/\/www.helenefm.com\/index.php?rest_route=%2Fwp%2Fv2%2Fmedia&parent=71455"}],"wp:term":[{"taxonomy":"category","embeddable":true,"href":"https:\/\/www.helenefm.com\/index.php?rest_route=%2Fwp%2Fv2%2Fcategories&post=71455"},{"taxonomy":"post_tag","embeddable":true,"href":"https:\/\/www.helenefm.com\/index.php?rest_route=%2Fwp%2Fv2%2Ftags&post=71455"}],"curies":[{"name":"wp","href":"https:\/\/api.w.org\/{rel}","templated":true}]}}