{"id":71432,"date":"2026-09-02T10:44:10","date_gmt":"2026-09-02T08:44:10","guid":{"rendered":"https:\/\/www.helenefm.com\/?p=71432"},"modified":"2026-09-02T10:44:10","modified_gmt":"2026-09-02T08:44:10","slug":"charente-maritime-des-effectifs-en-legere-baisse-dans-les-colleges-cette-annee","status":"publish","type":"post","link":"https:\/\/www.helenefm.com\/?p=71432","title":{"rendered":"Charente-Maritime : des effectifs en l\u00e9g\u00e8re baisse dans les coll\u00e8ges cette ann\u00e9e"},"content":{"rendered":"<div id=\"attachment_71433\" style=\"width: 1510px\" class=\"wp-caption aligncenter\"><img loading=\"lazy\" decoding=\"async\" aria-describedby=\"caption-attachment-71433\" data-attachment-id=\"71433\" data-permalink=\"https:\/\/www.helenefm.com\/?attachment_id=71433\" data-orig-file=\"https:\/\/www.helenefm.com\/wordpress\/wp-content\/uploads\/2026\/09\/Rentree-scolaire-LaTremblade-2026\u00a9Dept17.jpeg\" data-orig-size=\"1500,1125\" data-comments-opened=\"0\" data-image-meta=\"{&quot;aperture&quot;:&quot;1.5&quot;,&quot;credit&quot;:&quot;&quot;,&quot;camera&quot;:&quot;iPhone 14&quot;,&quot;caption&quot;:&quot;&quot;,&quot;created_timestamp&quot;:&quot;1788256022&quot;,&quot;copyright&quot;:&quot;&quot;,&quot;focal_length&quot;:&quot;5.7&quot;,&quot;iso&quot;:&quot;125&quot;,&quot;shutter_speed&quot;:&quot;0.0082644628099174&quot;,&quot;title&quot;:&quot;&quot;,&quot;orientation&quot;:&quot;1&quot;,&quot;alt&quot;:&quot;&quot;}\" data-image-title=\"Rentree-scolaire-LaTremblade-2026\u00a9Dept17\" data-image-description=\"\" data-image-caption=\"\" data-large-file=\"https:\/\/www.helenefm.com\/wordpress\/wp-content\/uploads\/2026\/09\/Rentree-scolaire-LaTremblade-2026\u00a9Dept17-1024x768.jpeg\" class=\"wp-image-71433 size-full\" src=\"https:\/\/www.helenefm.com\/wordpress\/wp-content\/uploads\/2026\/09\/Rentree-scolaire-LaTremblade-2026\u00a9Dept17.jpeg\" alt=\"\" width=\"1500\" height=\"1125\" srcset=\"https:\/\/www.helenefm.com\/wordpress\/wp-content\/uploads\/2026\/09\/Rentree-scolaire-LaTremblade-2026\u00a9Dept17.jpeg 1500w, https:\/\/www.helenefm.com\/wordpress\/wp-content\/uploads\/2026\/09\/Rentree-scolaire-LaTremblade-2026\u00a9Dept17-300x225.jpeg 300w, https:\/\/www.helenefm.com\/wordpress\/wp-content\/uploads\/2026\/09\/Rentree-scolaire-LaTremblade-2026\u00a9Dept17-1024x768.jpeg 1024w, https:\/\/www.helenefm.com\/wordpress\/wp-content\/uploads\/2026\/09\/Rentree-scolaire-LaTremblade-2026\u00a9Dept17-768x576.jpeg 768w\" sizes=\"auto, (max-width: 1500px) 100vw, 1500px\" \/><p id=\"caption-attachment-71433\" class=\"wp-caption-text\">Sylvie Marcilly s&rsquo;est rendue hier au coll\u00e8ge Fernand-Garandeau de La Tremblade. (photo CD 17)<\/p><\/div>\n<p>Les \u00e9lus du D\u00e9partement de la Charente-Maritime ont aussi fait leur rentr\u00e9e hier matin. La pr\u00e9sidente Sylvie Marcilly et sa vice-pr\u00e9sidente en charge de l\u2019\u00c9ducation Caroline Alo\u00e9 se sont rendues au coll\u00e8ge Fernand-Garandeau de La Tremblade, en pr\u00e9sence de plusieurs repr\u00e9sentants de l\u2019\u00c9ducation nationale. L\u2019occasion de faire le point sur les effectifs dans les coll\u00e8ges qui d\u00e9pendent du D\u00e9partement, mais aussi sur les investissements importants de la collectivit\u00e9, notamment pour r\u00e9nover les \u00e9tablissements et am\u00e9liorer leur performance \u00e9nerg\u00e9tique.<br \/>\nIls sont 27 552 coll\u00e9giens cette ann\u00e9e en Charente-Maritime. Pour cette rentr\u00e9e 2026, les \u00e9l\u00e8ves sont inscrits dans les 61 \u00e9tablissements publics et priv\u00e9s du d\u00e9partement. Dans le public, 51 coll\u00e8ges accueillent les \u00e9l\u00e8ves, dont trois avec internat. Les effectifs sont en l\u00e9g\u00e8re baisse cette ann\u00e9e, soit 524 \u00e9l\u00e8ves de moins que l\u2019an dernier.<br \/>\nCe mardi matin, au coll\u00e8ge Fernand-Garandeau de La Tremlade, le d\u00e9placement de la pr\u00e9sidente du D\u00e9partement Sylvie Marcilly a permis d\u2019illustrer les investissements engag\u00e9s pour am\u00e9liorer et r\u00e9nover les \u00e9tablissements. Le site vient de b\u00e9n\u00e9ficier de deux ans de travaux de r\u00e9novation \u00e9nerg\u00e9tique, pour plus de 4,4 millions d\u2019euros. Les fen\u00eatres et portes ont \u00e9t\u00e9 remplac\u00e9es, les fa\u00e7ades et toiture ont \u00e9t\u00e9 isol\u00e9es, l\u2019\u00e9clairage et la ventilation ont \u00e9t\u00e9 modernis\u00e9s\u2026 et surtout, la chaudi\u00e8re au fioul a \u00e9t\u00e9 remplac\u00e9e par une chaufferie au bois.<br \/>\nAu total, plus de 6,4 millions d\u2019euros sont consacr\u00e9s cette ann\u00e9e au fonctionnement des coll\u00e8ges publics en Charente-Maritime, avec \u00e9galement des cr\u00e9dits pour les travaux, l\u2019accessibilit\u00e9, les restaurants scolaires ou encore la v\u00e9g\u00e9talisation des cours. Et dans les cantines, les agents du D\u00e9partement pr\u00e9parent chaque jour pr\u00e8s de 19 350 repas, avec un objectif affich\u00e9 : favoriser les produits locaux et lutter contre le gaspillage alimentaire.<br \/>\nUne rentr\u00e9e qui se veut donc aussi plus durable. Depuis l\u2019an dernier, le D\u00e9partement sensibilise les coll\u00e9giens \u00e0 la pr\u00e9servation de l\u2019eau.<\/p>\n","protected":false},"excerpt":{"rendered":"<p>Les \u00e9lus du D\u00e9partement de la Charente-Maritime ont aussi fait leur rentr\u00e9e hier matin. La pr\u00e9sidente Sylvie Marcilly et sa vice-pr\u00e9sidente en charge de l\u2019\u00c9ducation Caroline Alo\u00e9 se sont rendues au coll\u00e8ge<a class=\"moretag\" href=\"https:\/\/www.helenefm.com\/?p=71432\">Lire la suite&#8230;<\/a><\/p>\n","protected":false},"author":1,"featured_media":71433,"comment_status":"closed","ping_status":"closed","sticky":false,"template":"","format":"standard","meta":{"_jetpack_newsletter_access":"","_jetpack_dont_email_post_to_subs":false,"_jetpack_newsletter_tier_id":0,"_jetpack_memberships_contains_paywalled_content":false,"_jetpack_feature_clip_id":0,"_jetpack_memberships_contains_paid_content":false,"footnotes":"","jetpack_publicize_message":"","jetpack_publicize_feature_enabled":true,"jetpack_social_post_already_shared":true,"jetpack_social_options":{"image_generator_settings":{"template":"highway","default_image_id":0,"font":"","enabled":false},"version":2},"jetpack_post_was_ever_published":false},"categories":[103],"tags":[113,45],"class_list":["post-71432","post","type-post","status-publish","format-standard","has-post-thumbnail","hentry","category-fil-infos-redaction","tag-charente-maritime","tag-royan"],"views":55,"jetpack_publicize_connections":[],"jetpack_sharing_enabled":true,"jetpack_shortlink":"https:\/\/wp.me\/p48eP9-iA8","jetpack_featured_media_url":"https:\/\/www.helenefm.com\/wordpress\/wp-content\/uploads\/2026\/09\/Rentree-scolaire-LaTremblade-2026\u00a9Dept17.jpeg","_links":{"self":[{"href":"https:\/\/www.helenefm.com\/index.php?rest_route=\/wp\/v2\/posts\/71432","targetHints":{"allow":["GET"]}}],"collection":[{"href":"https:\/\/www.helenefm.com\/index.php?rest_route=\/wp\/v2\/posts"}],"about":[{"href":"https:\/\/www.helenefm.com\/index.php?rest_route=\/wp\/v2\/types\/post"}],"author":[{"embeddable":true,"href":"https:\/\/www.helenefm.com\/index.php?rest_route=\/wp\/v2\/users\/1"}],"replies":[{"embeddable":true,"href":"https:\/\/www.helenefm.com\/index.php?rest_route=%2Fwp%2Fv2%2Fcomments&post=71432"}],"version-history":[{"count":1,"href":"https:\/\/www.helenefm.com\/index.php?rest_route=\/wp\/v2\/posts\/71432\/revisions"}],"predecessor-version":[{"id":71434,"href":"https:\/\/www.helenefm.com\/index.php?rest_route=\/wp\/v2\/posts\/71432\/revisions\/71434"}],"wp:featuredmedia":[{"embeddable":true,"href":"https:\/\/www.helenefm.com\/index.php?rest_route=\/wp\/v2\/media\/71433"}],"wp:attachment":[{"href":"https:\/\/www.helenefm.com\/index.php?rest_route=%2Fwp%2Fv2%2Fmedia&parent=71432"}],"wp:term":[{"taxonomy":"category","embeddable":true,"href":"https:\/\/www.helenefm.com\/index.php?rest_route=%2Fwp%2Fv2%2Fcategories&post=71432"},{"taxonomy":"post_tag","embeddable":true,"href":"https:\/\/www.helenefm.com\/index.php?rest_route=%2Fwp%2Fv2%2Ftags&post=71432"}],"curies":[{"name":"wp","href":"https:\/\/api.w.org\/{rel}","templated":true}]}}