{"id":71427,"date":"2026-09-02T10:39:32","date_gmt":"2026-09-02T08:39:32","guid":{"rendered":"https:\/\/www.helenefm.com\/?p=71427"},"modified":"2026-09-02T10:39:32","modified_gmt":"2026-09-02T08:39:32","slug":"bassin-de-la-boutonne-des-travaux-pour-restaurer-les-berges-et-preserver-leau","status":"publish","type":"post","link":"https:\/\/www.helenefm.com\/?p=71427","title":{"rendered":"Bassin de la Boutonne : des travaux pour restaurer les berges et pr\u00e9server l&rsquo;eau"},"content":{"rendered":"<p>Les cours d\u2019eau du bassin de la Boutonne ont de nouveau \u00e9t\u00e9 mis \u00e0 rude \u00e9preuve cet \u00e9t\u00e9. En raison de la s\u00e9cheresse et des \u00e9pisodes de fortes chaleurs, de nombreux assecs ont \u00e9t\u00e9 observ\u00e9s. Pour pr\u00e9server et mieux g\u00e9rer la ressource en eau, de nombreux travaux sont men\u00e9s sur le territoire. C\u2019est le cas en ce moment sur le Pouzat. Depuis une semaine, des \u00e9quipes interviennent pour entretenir et restaurer la v\u00e9g\u00e9tation des berges, afin de faciliter l\u2019\u00e9coulement des eaux et limiter leur \u00e9rosion. \u00c9tat des lieux avec Florent Staudt, technicien-m\u00e9diateur au Symbo, le Syndicat Mixte de la Boutonne :<br \/>\n<audio class=\"wp-audio-shortcode\" id=\"audio-71427-1\" preload=\"none\" style=\"width: 100%;\" controls=\"controls\"><source type=\"audio\/mpeg\" src=\"https:\/\/www.helenefm.com\/wordpress\/wp-content\/uploads\/2026\/09\/pouzat-1.mp3?_=1\" \/><a href=\"https:\/\/www.helenefm.com\/wordpress\/wp-content\/uploads\/2026\/09\/pouzat-1.mp3\">https:\/\/www.helenefm.com\/wordpress\/wp-content\/uploads\/2026\/09\/pouzat-1.mp3<\/a><\/audio>\nFlorent Staudt qui lance un appel aux propri\u00e9taires afin d\u2019assurer l\u2019entretien r\u00e9gulier de la v\u00e9g\u00e9tation, apr\u00e8s accord du Symbo :<br \/>\n<audio class=\"wp-audio-shortcode\" id=\"audio-71427-2\" preload=\"none\" style=\"width: 100%;\" controls=\"controls\"><source type=\"audio\/mpeg\" src=\"https:\/\/www.helenefm.com\/wordpress\/wp-content\/uploads\/2026\/09\/pouzat-2.mp3?_=2\" \/><a href=\"https:\/\/www.helenefm.com\/wordpress\/wp-content\/uploads\/2026\/09\/pouzat-2.mp3\">https:\/\/www.helenefm.com\/wordpress\/wp-content\/uploads\/2026\/09\/pouzat-2.mp3<\/a><\/audio>\nL\u2019objectif \u00e9tant de permettre \u00e0 l\u2019eau de s\u2019infiltrer davantage et de contribuer \u00e0 la recharge des nappes, dans un contexte de s\u00e9cheresse de plus en plus pr\u00e9occupant. Florent Staudt :<br \/>\n<audio class=\"wp-audio-shortcode\" id=\"audio-71427-3\" preload=\"none\" style=\"width: 100%;\" controls=\"controls\"><source type=\"audio\/mpeg\" src=\"https:\/\/www.helenefm.com\/wordpress\/wp-content\/uploads\/2026\/09\/pouzat-3.mp3?_=3\" \/><a href=\"https:\/\/www.helenefm.com\/wordpress\/wp-content\/uploads\/2026\/09\/pouzat-3.mp3\">https:\/\/www.helenefm.com\/wordpress\/wp-content\/uploads\/2026\/09\/pouzat-3.mp3<\/a><\/audio>\nD\u2019autres travaux sont en cours sur l\u2019ensemble du bassin de la Boutonne.<\/p>\n","protected":false},"excerpt":{"rendered":"<p>Les cours d\u2019eau du bassin de la Boutonne ont de nouveau \u00e9t\u00e9 mis \u00e0 rude \u00e9preuve cet \u00e9t\u00e9. En raison de la s\u00e9cheresse et des \u00e9pisodes de fortes chaleurs, de nombreux assecs<a class=\"moretag\" href=\"https:\/\/www.helenefm.com\/?p=71427\">Lire la suite&#8230;<\/a><\/p>\n","protected":false},"author":1,"featured_media":0,"comment_status":"closed","ping_status":"closed","sticky":false,"template":"","format":"standard","meta":{"_jetpack_newsletter_access":"","_jetpack_dont_email_post_to_subs":false,"_jetpack_newsletter_tier_id":0,"_jetpack_memberships_contains_paywalled_content":false,"_jetpack_feature_clip_id":0,"_jetpack_memberships_contains_paid_content":false,"footnotes":"","jetpack_publicize_message":"","jetpack_publicize_feature_enabled":true,"jetpack_social_post_already_shared":true,"jetpack_social_options":{"image_generator_settings":{"template":"highway","default_image_id":0,"font":"","enabled":false},"version":2},"jetpack_post_was_ever_published":false},"categories":[103],"tags":[44],"class_list":["post-71427","post","type-post","status-publish","format-standard","hentry","category-fil-infos-redaction","tag-saint-jean-dangely"],"views":54,"jetpack_publicize_connections":[],"jetpack_sharing_enabled":true,"jetpack_shortlink":"https:\/\/wp.me\/p48eP9-iA3","jetpack_featured_media_url":"","_links":{"self":[{"href":"https:\/\/www.helenefm.com\/index.php?rest_route=\/wp\/v2\/posts\/71427","targetHints":{"allow":["GET"]}}],"collection":[{"href":"https:\/\/www.helenefm.com\/index.php?rest_route=\/wp\/v2\/posts"}],"about":[{"href":"https:\/\/www.helenefm.com\/index.php?rest_route=\/wp\/v2\/types\/post"}],"author":[{"embeddable":true,"href":"https:\/\/www.helenefm.com\/index.php?rest_route=\/wp\/v2\/users\/1"}],"replies":[{"embeddable":true,"href":"https:\/\/www.helenefm.com\/index.php?rest_route=%2Fwp%2Fv2%2Fcomments&post=71427"}],"version-history":[{"count":1,"href":"https:\/\/www.helenefm.com\/index.php?rest_route=\/wp\/v2\/posts\/71427\/revisions"}],"predecessor-version":[{"id":71431,"href":"https:\/\/www.helenefm.com\/index.php?rest_route=\/wp\/v2\/posts\/71427\/revisions\/71431"}],"wp:attachment":[{"href":"https:\/\/www.helenefm.com\/index.php?rest_route=%2Fwp%2Fv2%2Fmedia&parent=71427"}],"wp:term":[{"taxonomy":"category","embeddable":true,"href":"https:\/\/www.helenefm.com\/index.php?rest_route=%2Fwp%2Fv2%2Fcategories&post=71427"},{"taxonomy":"post_tag","embeddable":true,"href":"https:\/\/www.helenefm.com\/index.php?rest_route=%2Fwp%2Fv2%2Ftags&post=71427"}],"curies":[{"name":"wp","href":"https:\/\/api.w.org\/{rel}","templated":true}]}}