{"id":71419,"date":"2026-09-01T10:53:58","date_gmt":"2026-09-01T08:53:58","guid":{"rendered":"https:\/\/www.helenefm.com\/?p=71419"},"modified":"2026-09-01T10:53:58","modified_gmt":"2026-09-01T08:53:58","slug":"charente-maritime-92-000-eleves-font-leur-rentree","status":"publish","type":"post","link":"https:\/\/www.helenefm.com\/?p=71419","title":{"rendered":"Charente-Maritime : 92 000 \u00e9l\u00e8ves font leur rentr\u00e9e"},"content":{"rendered":"<p>C\u2019est le jour J pour plus de 11 millions d\u2019\u00e9l\u00e8ves en France. L\u2019heure de la rentr\u00e9e scolaire a sonn\u00e9. Une rentr\u00e9e marqu\u00e9e cette ann\u00e9e par l\u2019interdiction du t\u00e9l\u00e9phone portable au lyc\u00e9e. En Charente-Maritime, elle est aussi marqu\u00e9e par une nouvelle baisse des effectifs. Pr\u00e8s de 92 000 \u00e9l\u00e8ves sont attendus aujourd\u2019hui dans les \u00e9coles, coll\u00e8ges et lyc\u00e9es du d\u00e9partement, soit environ 1 400 de moins qu\u2019en 2025. Cette baisse concerne aussi bien le premier que le second degr\u00e9. Malgr\u00e9 ce contexte d\u00e9mographique, l\u2019Acad\u00e9mie de Poitiers affiche plusieurs priorit\u00e9s : renforcer les savoirs fondamentaux, accompagner les \u00e9tablissements les plus fragiles et poursuivre les efforts en faveur de l\u2019inclusion. \u00c0 La Rochelle, le coll\u00e8ge Pierre Mend\u00e8s-France fait notamment partie des \u00e9tablissements engag\u00e9s dans un projet scientifique avec La Rochelle Universit\u00e9, autour des math\u00e9matiques et de la physique. L\u2019intelligence artificielle et l\u2019\u00e9ducation aux m\u00e9dias figurent \u00e9galement parmi les nouveaut\u00e9s.<\/p>\n<p>\u00c0 Royan, 783 \u00e9l\u00e8ves font leur rentr\u00e9e cette ann\u00e9e, avec des effectifs globalement stables. L\u2019\u00e9cole Jean-Papeau perd toutefois une classe. Cette rentr\u00e9e est surtout marqu\u00e9e par l\u2019ouverture d\u2019une classe pour les moins de 3 ans \u00e0 l\u2019\u00e9cole de l\u2019Yeuse. Jean-Papeau inaugure \u00e9galement sa premi\u00e8re \u00ab cour oasis \u00bb, plus v\u00e9g\u00e9talis\u00e9e et adapt\u00e9e aux fortes chaleurs. L\u2019occasion de tester ces nouveaux am\u00e9nagements d\u00e8s cette fin de semaine avec la hausse annonc\u00e9e des temp\u00e9ratures.<\/p>\n<p>\u00c0 Rochefort, c\u2019est une rentr\u00e9e marqu\u00e9e par la fermeture d\u00e9finitive de l\u2019\u00e9cole primaire Champlain. C\u2019est l\u2019une des plus anciennes de la ville. Construite \u00e0 la fin du XIXe si\u00e8cle, elle est la troisi\u00e8me \u00e9cole \u00e0 fermer dans la cit\u00e9 rochefortaise en quinze ans, apr\u00e8s Colbert et Pergaud. Pr\u00e9vue initialement pour 2027, sa fermeture a finalement \u00e9t\u00e9 avanc\u00e9e apr\u00e8s le d\u00e9part du directeur et la baisse des inscriptions. Les \u00e9l\u00e8ves de Champlain sont d\u00e9sormais r\u00e9partis notamment entre les \u00e9coles Zola et Anatole-France. Cette fermeture intervient dans un contexte de baisse continue des effectifs scolaires \u00e0 Rochefort, avec 1 294 \u00e9l\u00e8ves cette ann\u00e9e contre 1 349 en 2025.<\/p>\n","protected":false},"excerpt":{"rendered":"<p>C\u2019est le jour J pour plus de 11 millions d\u2019\u00e9l\u00e8ves en France. L\u2019heure de la rentr\u00e9e scolaire a sonn\u00e9. Une rentr\u00e9e marqu\u00e9e cette ann\u00e9e par l\u2019interdiction du t\u00e9l\u00e9phone portable au lyc\u00e9e. En<a class=\"moretag\" href=\"https:\/\/www.helenefm.com\/?p=71419\">Lire la suite&#8230;<\/a><\/p>\n","protected":false},"author":1,"featured_media":54750,"comment_status":"closed","ping_status":"closed","sticky":false,"template":"","format":"standard","meta":{"_jetpack_newsletter_access":"","_jetpack_dont_email_post_to_subs":false,"_jetpack_newsletter_tier_id":0,"_jetpack_memberships_contains_paywalled_content":false,"_jetpack_feature_clip_id":0,"_jetpack_memberships_contains_paid_content":false,"footnotes":"","jetpack_publicize_message":"","jetpack_publicize_feature_enabled":true,"jetpack_social_post_already_shared":true,"jetpack_social_options":{"image_generator_settings":{"template":"highway","default_image_id":0,"font":"","enabled":false},"version":2},"jetpack_post_was_ever_published":false},"categories":[103],"tags":[113],"class_list":["post-71419","post","type-post","status-publish","format-standard","has-post-thumbnail","hentry","category-fil-infos-redaction","tag-charente-maritime"],"views":53,"jetpack_publicize_connections":[],"jetpack_sharing_enabled":true,"jetpack_shortlink":"https:\/\/wp.me\/p48eP9-izV","jetpack_featured_media_url":"https:\/\/www.helenefm.com\/wordpress\/wp-content\/uploads\/2023\/04\/ecole-college-lycee-rentree.jpg","_links":{"self":[{"href":"https:\/\/www.helenefm.com\/index.php?rest_route=\/wp\/v2\/posts\/71419","targetHints":{"allow":["GET"]}}],"collection":[{"href":"https:\/\/www.helenefm.com\/index.php?rest_route=\/wp\/v2\/posts"}],"about":[{"href":"https:\/\/www.helenefm.com\/index.php?rest_route=\/wp\/v2\/types\/post"}],"author":[{"embeddable":true,"href":"https:\/\/www.helenefm.com\/index.php?rest_route=\/wp\/v2\/users\/1"}],"replies":[{"embeddable":true,"href":"https:\/\/www.helenefm.com\/index.php?rest_route=%2Fwp%2Fv2%2Fcomments&post=71419"}],"version-history":[{"count":1,"href":"https:\/\/www.helenefm.com\/index.php?rest_route=\/wp\/v2\/posts\/71419\/revisions"}],"predecessor-version":[{"id":71420,"href":"https:\/\/www.helenefm.com\/index.php?rest_route=\/wp\/v2\/posts\/71419\/revisions\/71420"}],"wp:featuredmedia":[{"embeddable":true,"href":"https:\/\/www.helenefm.com\/index.php?rest_route=\/wp\/v2\/media\/54750"}],"wp:attachment":[{"href":"https:\/\/www.helenefm.com\/index.php?rest_route=%2Fwp%2Fv2%2Fmedia&parent=71419"}],"wp:term":[{"taxonomy":"category","embeddable":true,"href":"https:\/\/www.helenefm.com\/index.php?rest_route=%2Fwp%2Fv2%2Fcategories&post=71419"},{"taxonomy":"post_tag","embeddable":true,"href":"https:\/\/www.helenefm.com\/index.php?rest_route=%2Fwp%2Fv2%2Ftags&post=71419"}],"curies":[{"name":"wp","href":"https:\/\/api.w.org\/{rel}","templated":true}]}}