{"id":71416,"date":"2026-09-01T10:52:25","date_gmt":"2026-09-01T08:52:25","guid":{"rendered":"https:\/\/www.helenefm.com\/?p=71416"},"modified":"2026-09-01T10:52:25","modified_gmt":"2026-09-01T08:52:25","slug":"rochefort-lecomobilite-a-lhonneur-en-septembre","status":"publish","type":"post","link":"https:\/\/www.helenefm.com\/?p=71416","title":{"rendered":"Rochefort : l&rsquo;\u00e9comobilit\u00e9 \u00e0 l&rsquo;honneur en septembre"},"content":{"rendered":"<p>En septembre, la Communaut\u00e9 d\u2019agglom\u00e9ration Rochefort Oc\u00e9an met l\u2019\u00e9comobilit\u00e9 \u00e0 l\u2019honneur. \u00c0 partir d\u2019aujourd\u2019hui, et pendant pratiquement tout ce mois \u00e0 l\u2019occasion de la Semaine europ\u00e9enne de la mobilit\u00e9 du 16 au 22 septembre, la collectivit\u00e9 lance une campagne de sensibilisation destin\u00e9e au grand public, mais aussi aux scolaires, pour promouvoir les alternatives \u00e0 la voiture individuelle. Marche, v\u00e9lo, transports en commun ou encore covoiturage, les solutions sont multiples. Parmi les rendez-vous propos\u00e9s, une exposition \u00e0 d\u00e9couvrir \u00e0 l\u2019Espace Nature, pour mieux comprendre les enjeux li\u00e9s aux d\u00e9placements et voir comment chacun peut agir \u00e0 son \u00e9chelle. S\u00e9bastien Billy, animateur Transition \u00e9cologique \u00e0 la CARO, nous en parle :<br \/>\n<audio class=\"wp-audio-shortcode\" id=\"audio-71416-1\" preload=\"none\" style=\"width: 100%;\" controls=\"controls\"><source type=\"audio\/mpeg\" src=\"https:\/\/www.helenefm.com\/wordpress\/wp-content\/uploads\/2026\/09\/ecomobilite.mp3?_=1\" \/><a href=\"https:\/\/www.helenefm.com\/wordpress\/wp-content\/uploads\/2026\/09\/ecomobilite.mp3\">https:\/\/www.helenefm.com\/wordpress\/wp-content\/uploads\/2026\/09\/ecomobilite.mp3<\/a><\/audio>\nEt le samedi 19 septembre, \u00e0 l\u2019occasion de la Journ\u00e9e des transports publics, le r\u00e9seau R\u2019Bus sera gratuit. Des animations seront \u00e9galement propos\u00e9es place Colbert, de 10h \u00e0 midi et de 14h30 \u00e0 18h.<\/p>\n","protected":false},"excerpt":{"rendered":"<p>En septembre, la Communaut\u00e9 d\u2019agglom\u00e9ration Rochefort Oc\u00e9an met l\u2019\u00e9comobilit\u00e9 \u00e0 l\u2019honneur. \u00c0 partir d\u2019aujourd\u2019hui, et pendant pratiquement tout ce mois \u00e0 l\u2019occasion de la Semaine europ\u00e9enne de la mobilit\u00e9 du 16 au<a class=\"moretag\" href=\"https:\/\/www.helenefm.com\/?p=71416\">Lire la suite&#8230;<\/a><\/p>\n","protected":false},"author":1,"featured_media":23389,"comment_status":"closed","ping_status":"closed","sticky":false,"template":"","format":"standard","meta":{"_jetpack_newsletter_access":"","_jetpack_dont_email_post_to_subs":false,"_jetpack_newsletter_tier_id":0,"_jetpack_memberships_contains_paywalled_content":false,"_jetpack_feature_clip_id":0,"_jetpack_memberships_contains_paid_content":false,"footnotes":"","jetpack_publicize_message":"","jetpack_publicize_feature_enabled":true,"jetpack_social_post_already_shared":true,"jetpack_social_options":{"image_generator_settings":{"template":"highway","default_image_id":0,"font":"","enabled":false},"version":2},"jetpack_post_was_ever_published":false},"categories":[103],"tags":[40],"class_list":["post-71416","post","type-post","status-publish","format-standard","has-post-thumbnail","hentry","category-fil-infos-redaction","tag-rochefort"],"views":45,"jetpack_publicize_connections":[],"jetpack_sharing_enabled":true,"jetpack_shortlink":"https:\/\/wp.me\/p48eP9-izS","jetpack_featured_media_url":"https:\/\/www.helenefm.com\/wordpress\/wp-content\/uploads\/2017\/08\/logo-r-bus.jpg","_links":{"self":[{"href":"https:\/\/www.helenefm.com\/index.php?rest_route=\/wp\/v2\/posts\/71416","targetHints":{"allow":["GET"]}}],"collection":[{"href":"https:\/\/www.helenefm.com\/index.php?rest_route=\/wp\/v2\/posts"}],"about":[{"href":"https:\/\/www.helenefm.com\/index.php?rest_route=\/wp\/v2\/types\/post"}],"author":[{"embeddable":true,"href":"https:\/\/www.helenefm.com\/index.php?rest_route=\/wp\/v2\/users\/1"}],"replies":[{"embeddable":true,"href":"https:\/\/www.helenefm.com\/index.php?rest_route=%2Fwp%2Fv2%2Fcomments&post=71416"}],"version-history":[{"count":1,"href":"https:\/\/www.helenefm.com\/index.php?rest_route=\/wp\/v2\/posts\/71416\/revisions"}],"predecessor-version":[{"id":71418,"href":"https:\/\/www.helenefm.com\/index.php?rest_route=\/wp\/v2\/posts\/71416\/revisions\/71418"}],"wp:featuredmedia":[{"embeddable":true,"href":"https:\/\/www.helenefm.com\/index.php?rest_route=\/wp\/v2\/media\/23389"}],"wp:attachment":[{"href":"https:\/\/www.helenefm.com\/index.php?rest_route=%2Fwp%2Fv2%2Fmedia&parent=71416"}],"wp:term":[{"taxonomy":"category","embeddable":true,"href":"https:\/\/www.helenefm.com\/index.php?rest_route=%2Fwp%2Fv2%2Fcategories&post=71416"},{"taxonomy":"post_tag","embeddable":true,"href":"https:\/\/www.helenefm.com\/index.php?rest_route=%2Fwp%2Fv2%2Ftags&post=71416"}],"curies":[{"name":"wp","href":"https:\/\/api.w.org\/{rel}","templated":true}]}}