{"id":71405,"date":"2026-08-31T10:42:59","date_gmt":"2026-08-31T08:42:59","guid":{"rendered":"https:\/\/www.helenefm.com\/?p=71405"},"modified":"2026-08-31T10:42:59","modified_gmt":"2026-08-31T08:42:59","slug":"charente-maritime-les-dden-recrutent-des-benevoles","status":"publish","type":"post","link":"https:\/\/www.helenefm.com\/?p=71405","title":{"rendered":"Charente-Maritime : les DDEN recrutent des b\u00e9n\u00e9voles"},"content":{"rendered":"<p>Les vacances se terminent. Et demain, c\u2019est la rentr\u00e9e ! \u00c0 cette occasion, les D\u00e9l\u00e9gu\u00e9s d\u00e9partementaux de l\u2019\u00c9ducation nationale de Charente-Maritime veulent renforcer leurs rangs. Ces b\u00e9n\u00e9voles, qui assurent le lien entre les \u00e9coles, les familles et les \u00e9lus, sont aujourd\u2019hui 162 pour 455 \u00e9coles publiques dans le d\u00e9partement. R\u00e9unis mercredi dernier \u00e0 L\u2019Houmeau, pr\u00e8s de La Rochelle, ils ont tenu \u00e0 pr\u00e9senter leur r\u00f4le et leurs objectifs pour cette nouvelle ann\u00e9e scolaire. Ils esp\u00e8rent notamment recruter de nouveaux b\u00e9n\u00e9voles afin de renforcer leur pr\u00e9sence dans les \u00e9tablissements. Ils lancent donc un appel aux volontaires pour pouvoir mener \u00e0 bien leurs missions.<br \/>\nLes D\u00e9l\u00e9gu\u00e9s d\u00e9partementaux de l\u2019\u00c9ducation nationale sont pr\u00e9sents depuis 120 ans dans le paysage \u00e9ducatif. Nomm\u00e9s par le directeur acad\u00e9mique, ils ont pour mission de veiller au bien-\u00eatre des \u00e9l\u00e8ves, mais aussi de faciliter le dialogue entre les diff\u00e9rents acteurs de l\u2019\u00e9cole : enseignants, familles, \u00e9lus et institutions. Se d\u00e9finissant comme des m\u00e9diateurs, ils peuvent notamment intervenir lorsque les relations se tendent, lors d\u2019une fermeture de classe, ou encore pour accompagner les collectivit\u00e9s sur des questions r\u00e9glementaires. Un r\u00f4le qui n\u00e9cessite de la neutralit\u00e9 et de l\u2019ind\u00e9pendance, mais pas forc\u00e9ment d\u2019avoir travaill\u00e9 dans l\u2019\u00c9ducation nationale, m\u00eame si 65 % des b\u00e9n\u00e9voles en sont issus. Au nombre de 162 en Charente-Maritime, ils veulent aujourd\u2019hui grossir les rangs. Pour les rejoindre, il faut avoir plus de 25 ans, partager les valeurs r\u00e9publicaines et croire en l\u2019\u00e9cole publique. Il faut aussi pr\u00e9voir une quinzaine d\u2019heures d\u2019engagement par \u00e9cole et par an. L\u2019objectif, avec ce recrutement, est de renforcer le maillage du territoire et de permettre aux DDEN d\u2019\u00eatre davantage pr\u00e9sents dans les 455 \u00e9tablissements scolaires, r\u00e9partis dans les 462 communes du d\u00e9partement.<\/p>\n","protected":false},"excerpt":{"rendered":"<p>Les vacances se terminent. Et demain, c\u2019est la rentr\u00e9e ! \u00c0 cette occasion, les D\u00e9l\u00e9gu\u00e9s d\u00e9partementaux de l\u2019\u00c9ducation nationale de Charente-Maritime veulent renforcer leurs rangs. Ces b\u00e9n\u00e9voles, qui assurent le lien entre<a class=\"moretag\" href=\"https:\/\/www.helenefm.com\/?p=71405\">Lire la suite&#8230;<\/a><\/p>\n","protected":false},"author":1,"featured_media":0,"comment_status":"closed","ping_status":"closed","sticky":false,"template":"","format":"standard","meta":{"_jetpack_newsletter_access":"","_jetpack_dont_email_post_to_subs":false,"_jetpack_newsletter_tier_id":0,"_jetpack_memberships_contains_paywalled_content":false,"_jetpack_feature_clip_id":0,"_jetpack_memberships_contains_paid_content":false,"footnotes":"","jetpack_publicize_message":"","jetpack_publicize_feature_enabled":true,"jetpack_social_post_already_shared":true,"jetpack_social_options":{"image_generator_settings":{"template":"highway","default_image_id":0,"font":"","enabled":false},"version":2},"jetpack_post_was_ever_published":false},"categories":[103],"tags":[113],"class_list":["post-71405","post","type-post","status-publish","format-standard","hentry","category-fil-infos-redaction","tag-charente-maritime"],"views":81,"jetpack_publicize_connections":[],"jetpack_sharing_enabled":true,"jetpack_shortlink":"https:\/\/wp.me\/p48eP9-izH","jetpack_featured_media_url":"","_links":{"self":[{"href":"https:\/\/www.helenefm.com\/index.php?rest_route=\/wp\/v2\/posts\/71405","targetHints":{"allow":["GET"]}}],"collection":[{"href":"https:\/\/www.helenefm.com\/index.php?rest_route=\/wp\/v2\/posts"}],"about":[{"href":"https:\/\/www.helenefm.com\/index.php?rest_route=\/wp\/v2\/types\/post"}],"author":[{"embeddable":true,"href":"https:\/\/www.helenefm.com\/index.php?rest_route=\/wp\/v2\/users\/1"}],"replies":[{"embeddable":true,"href":"https:\/\/www.helenefm.com\/index.php?rest_route=%2Fwp%2Fv2%2Fcomments&post=71405"}],"version-history":[{"count":1,"href":"https:\/\/www.helenefm.com\/index.php?rest_route=\/wp\/v2\/posts\/71405\/revisions"}],"predecessor-version":[{"id":71406,"href":"https:\/\/www.helenefm.com\/index.php?rest_route=\/wp\/v2\/posts\/71405\/revisions\/71406"}],"wp:attachment":[{"href":"https:\/\/www.helenefm.com\/index.php?rest_route=%2Fwp%2Fv2%2Fmedia&parent=71405"}],"wp:term":[{"taxonomy":"category","embeddable":true,"href":"https:\/\/www.helenefm.com\/index.php?rest_route=%2Fwp%2Fv2%2Fcategories&post=71405"},{"taxonomy":"post_tag","embeddable":true,"href":"https:\/\/www.helenefm.com\/index.php?rest_route=%2Fwp%2Fv2%2Ftags&post=71405"}],"curies":[{"name":"wp","href":"https:\/\/api.w.org\/{rel}","templated":true}]}}