{"id":71399,"date":"2026-08-31T10:37:39","date_gmt":"2026-08-31T08:37:39","guid":{"rendered":"https:\/\/www.helenefm.com\/?p=71399"},"modified":"2026-08-31T10:37:39","modified_gmt":"2026-08-31T08:37:39","slug":"saint-jean-dangely-la-cgt-maintient-son-rassemblement-devant-lhopital","status":"publish","type":"post","link":"https:\/\/www.helenefm.com\/?p=71399","title":{"rendered":"Saint-Jean-d&rsquo;Ang\u00e9ly : la CGT maintient son rassemblement devant l&rsquo;h\u00f4pital"},"content":{"rendered":"<p>La CGT maintient son appel au rassemblement pr\u00e9vu ce lundi devant l\u2019h\u00f4pital de Saint-Jean-d\u2019Ang\u00e9ly. Le syndicat entend bien se mobiliser comme il l\u2019avait annonc\u00e9 cet \u00e9t\u00e9, alors qu\u2019une fermeture du bloc op\u00e9ratoire \u00e9tait envisag\u00e9e du 31 ao\u00fbt au 5 octobre, en raison d\u2019un manque d\u2019anesth\u00e9sistes. Mais depuis, la direction du groupe hospitalier Saintes-Saint-Jean-d\u2019Ang\u00e9ly a annonc\u00e9 lundi dernier le maintien de l\u2019activit\u00e9 chirurgicale, notamment gr\u00e2ce au recrutement d\u2019int\u00e9rimaires. Une annonce qui toutefois ne change pas les plans du syndicat, mobilis\u00e9 pour la d\u00e9fense du service public. On \u00e9coute Vincent Tranquard, d\u00e9l\u00e9gu\u00e9 syndical et secr\u00e9taire g\u00e9n\u00e9ral de l\u2019Union sant\u00e9 d\u00e9partementale de la CGT :<br \/>\n<audio class=\"wp-audio-shortcode\" id=\"audio-71399-1\" preload=\"none\" style=\"width: 100%;\" controls=\"controls\"><source type=\"audio\/mpeg\" src=\"https:\/\/www.helenefm.com\/wordpress\/wp-content\/uploads\/2026\/08\/hopital-angely-1.mp3?_=1\" \/><a href=\"https:\/\/www.helenefm.com\/wordpress\/wp-content\/uploads\/2026\/08\/hopital-angely-1.mp3\">https:\/\/www.helenefm.com\/wordpress\/wp-content\/uploads\/2026\/08\/hopital-angely-1.mp3<\/a><\/audio>\nVincent Tranquard soup\u00e7onne une man\u0153uvre de la direction qui, selon lui, aurait tent\u00e9 de fermer le bloc op\u00e9ratoire, sous couvert de la d\u00e9sertification m\u00e9dicale et du probl\u00e8me de recrutement de m\u00e9decins :<br \/>\n<audio class=\"wp-audio-shortcode\" id=\"audio-71399-2\" preload=\"none\" style=\"width: 100%;\" controls=\"controls\"><source type=\"audio\/mpeg\" src=\"https:\/\/www.helenefm.com\/wordpress\/wp-content\/uploads\/2026\/08\/hopital-angely-2.mp3?_=2\" \/><a href=\"https:\/\/www.helenefm.com\/wordpress\/wp-content\/uploads\/2026\/08\/hopital-angely-2.mp3\">https:\/\/www.helenefm.com\/wordpress\/wp-content\/uploads\/2026\/08\/hopital-angely-2.mp3<\/a><\/audio>\nLe rassemblement est pr\u00e9vu cet apr\u00e8s-midi, \u00e0 14h, dans la cour d\u2019honneur de l\u2019h\u00f4pital de Saint-Jean-d\u2019Ang\u00e9ly. La population est invit\u00e9e \u00e0 se joindre \u00e0 la manifestation.<\/p>\n","protected":false},"excerpt":{"rendered":"<p>La CGT maintient son appel au rassemblement pr\u00e9vu ce lundi devant l\u2019h\u00f4pital de Saint-Jean-d\u2019Ang\u00e9ly. Le syndicat entend bien se mobiliser comme il l\u2019avait annonc\u00e9 cet \u00e9t\u00e9, alors qu\u2019une fermeture du bloc op\u00e9ratoire<a class=\"moretag\" href=\"https:\/\/www.helenefm.com\/?p=71399\">Lire la suite&#8230;<\/a><\/p>\n","protected":false},"author":1,"featured_media":46357,"comment_status":"closed","ping_status":"closed","sticky":false,"template":"","format":"standard","meta":{"_jetpack_newsletter_access":"","_jetpack_dont_email_post_to_subs":false,"_jetpack_newsletter_tier_id":0,"_jetpack_memberships_contains_paywalled_content":false,"_jetpack_feature_clip_id":0,"_jetpack_memberships_contains_paid_content":false,"footnotes":"","jetpack_publicize_message":"","jetpack_publicize_feature_enabled":true,"jetpack_social_post_already_shared":true,"jetpack_social_options":{"image_generator_settings":{"template":"highway","default_image_id":0,"font":"","enabled":false},"version":2},"jetpack_post_was_ever_published":false},"categories":[103],"tags":[44],"class_list":["post-71399","post","type-post","status-publish","format-standard","has-post-thumbnail","hentry","category-fil-infos-redaction","tag-saint-jean-dangely"],"views":122,"jetpack_publicize_connections":[],"jetpack_sharing_enabled":true,"jetpack_shortlink":"https:\/\/wp.me\/p48eP9-izB","jetpack_featured_media_url":"https:\/\/www.helenefm.com\/wordpress\/wp-content\/uploads\/2021\/10\/cgt.jpg","_links":{"self":[{"href":"https:\/\/www.helenefm.com\/index.php?rest_route=\/wp\/v2\/posts\/71399","targetHints":{"allow":["GET"]}}],"collection":[{"href":"https:\/\/www.helenefm.com\/index.php?rest_route=\/wp\/v2\/posts"}],"about":[{"href":"https:\/\/www.helenefm.com\/index.php?rest_route=\/wp\/v2\/types\/post"}],"author":[{"embeddable":true,"href":"https:\/\/www.helenefm.com\/index.php?rest_route=\/wp\/v2\/users\/1"}],"replies":[{"embeddable":true,"href":"https:\/\/www.helenefm.com\/index.php?rest_route=%2Fwp%2Fv2%2Fcomments&post=71399"}],"version-history":[{"count":1,"href":"https:\/\/www.helenefm.com\/index.php?rest_route=\/wp\/v2\/posts\/71399\/revisions"}],"predecessor-version":[{"id":71402,"href":"https:\/\/www.helenefm.com\/index.php?rest_route=\/wp\/v2\/posts\/71399\/revisions\/71402"}],"wp:featuredmedia":[{"embeddable":true,"href":"https:\/\/www.helenefm.com\/index.php?rest_route=\/wp\/v2\/media\/46357"}],"wp:attachment":[{"href":"https:\/\/www.helenefm.com\/index.php?rest_route=%2Fwp%2Fv2%2Fmedia&parent=71399"}],"wp:term":[{"taxonomy":"category","embeddable":true,"href":"https:\/\/www.helenefm.com\/index.php?rest_route=%2Fwp%2Fv2%2Fcategories&post=71399"},{"taxonomy":"post_tag","embeddable":true,"href":"https:\/\/www.helenefm.com\/index.php?rest_route=%2Fwp%2Fv2%2Ftags&post=71399"}],"curies":[{"name":"wp","href":"https:\/\/api.w.org\/{rel}","templated":true}]}}