{"id":70035,"date":"2026-04-30T11:47:28","date_gmt":"2026-04-30T09:47:28","guid":{"rendered":"https:\/\/www.helenefm.com\/?p=70035"},"modified":"2026-04-30T11:47:28","modified_gmt":"2026-04-30T09:47:28","slug":"charente-maritime-demain-le-telephone-au-volant-pourra-valoir-une-suspension-de-permis","status":"publish","type":"post","link":"https:\/\/www.helenefm.com\/?p=70035","title":{"rendered":"Charente-Maritime : demain, le t\u00e9l\u00e9phone au volant pourra valoir une suspension de permis"},"content":{"rendered":"<p>C\u2019est une mesure forte qui entre en vigueur demain en Charente-Maritime. Apr\u00e8s un mois de pr\u00e9vention, l\u2019usage du t\u00e9l\u00e9phone au volant pourra d\u00e9sormais entra\u00eener une suspension imm\u00e9diate du permis de conduire. Objectif : mettre fin \u00e0 une habitude encore trop banalis\u00e9e, mais particuli\u00e8rement dangereuse.<br \/>\nEn Charente-Maritime, les autorit\u00e9s passent \u00e0 la vitesse sup\u00e9rieure contre l\u2019usage du t\u00e9l\u00e9phone au volant. Malgr\u00e9 les contr\u00f4les renforc\u00e9s et le durcissement des sanctions, l\u2019accidentalit\u00e9 routi\u00e8re demeure toujours trop \u00e9lev\u00e9e sur le territoire. Et un facteur est clairement identifi\u00e9 : le t\u00e9l\u00e9phone portable. Il est impliqu\u00e9 dans 15 % des accidents mortels, soit 7 d\u00e9c\u00e8s sur 45 en 2025. Les chiffres parlent d\u2019eux-m\u00eames : t\u00e9l\u00e9phoner en conduisant multiplie par 3 le risque d\u2019accidents. Lire un message, par 23. Et dans tous les cas, le temps de r\u00e9action est fortement d\u00e9grad\u00e9.<br \/>\nFace \u00e0 ce constat, le pr\u00e9fet de la Charente-Maritime Brice Blondel et les procureurs de La Rochelle et de Saintes, Arnaud Laraize et Benjamin Alla, ont d\u00e9cid\u00e9 de durcir le ton. Inspir\u00e9e d\u2019une mesure d\u00e9j\u00e0 appliqu\u00e9e dans les Landes, la nouvelle r\u00e8gle est claire : toute utilisation du t\u00e9l\u00e9phone au volant pourra entra\u00eener une suspension administrative du permis, jusqu\u2019\u00e0 six mois.<br \/>\nUn dispositif en deux temps a \u00e9t\u00e9 mis en place. En avril, les conducteurs contr\u00f4l\u00e9s recevaient encore un avertissement par courrier, en plus de l\u2019amende de 135 euros et du retrait de 3 points. \u00c0 partir du 1er mai, la sanction change de nature : la suspension devient possible imm\u00e9diatement. Au p\u00e9nal, une contribution de 200 euros \u00e0 une association d\u2019aide aux victimes pourra \u00e9galement \u00eatre impos\u00e9e.<br \/>\nUne mesure de fermet\u00e9 assum\u00e9e, pour tenter de faire reculer un comportement encore trop souvent banalis\u00e9 sur les routes du d\u00e9partement.<\/p>\n","protected":false},"excerpt":{"rendered":"<p>C\u2019est une mesure forte qui entre en vigueur demain en Charente-Maritime. Apr\u00e8s un mois de pr\u00e9vention, l\u2019usage du t\u00e9l\u00e9phone au volant pourra d\u00e9sormais entra\u00eener une suspension imm\u00e9diate du permis de conduire. Objectif<a class=\"moretag\" href=\"https:\/\/www.helenefm.com\/?p=70035\">Lire la suite&#8230;<\/a><\/p>\n","protected":false},"author":1,"featured_media":1088,"comment_status":"closed","ping_status":"closed","sticky":false,"template":"","format":"standard","meta":{"_monsterinsights_skip_tracking":false,"_monsterinsights_sitenote_active":false,"_monsterinsights_sitenote_note":"","_monsterinsights_sitenote_category":0,"jetpack_post_was_ever_published":false,"_jetpack_newsletter_access":"","_jetpack_dont_email_post_to_subs":false,"_jetpack_newsletter_tier_id":0,"_jetpack_memberships_contains_paywalled_content":false,"_jetpack_memberships_contains_paid_content":false,"footnotes":"","jetpack_publicize_message":"","jetpack_publicize_feature_enabled":true,"jetpack_social_post_already_shared":true,"jetpack_social_options":{"image_generator_settings":{"template":"highway","default_image_id":0,"font":"","enabled":false},"version":2}},"categories":[103],"tags":[113],"class_list":["post-70035","post","type-post","status-publish","format-standard","has-post-thumbnail","hentry","category-fil-infos-redaction","tag-charente-maritime"],"views":82,"jetpack_publicize_connections":[],"jetpack_featured_media_url":"https:\/\/www.helenefm.com\/wordpress\/wp-content\/uploads\/2013\/12\/police-contr\u251c\u2524les-routiers-2.jpg","jetpack_sharing_enabled":true,"jetpack_shortlink":"https:\/\/wp.me\/p48eP9-idB","_links":{"self":[{"href":"https:\/\/www.helenefm.com\/index.php?rest_route=\/wp\/v2\/posts\/70035","targetHints":{"allow":["GET"]}}],"collection":[{"href":"https:\/\/www.helenefm.com\/index.php?rest_route=\/wp\/v2\/posts"}],"about":[{"href":"https:\/\/www.helenefm.com\/index.php?rest_route=\/wp\/v2\/types\/post"}],"author":[{"embeddable":true,"href":"https:\/\/www.helenefm.com\/index.php?rest_route=\/wp\/v2\/users\/1"}],"replies":[{"embeddable":true,"href":"https:\/\/www.helenefm.com\/index.php?rest_route=%2Fwp%2Fv2%2Fcomments&post=70035"}],"version-history":[{"count":1,"href":"https:\/\/www.helenefm.com\/index.php?rest_route=\/wp\/v2\/posts\/70035\/revisions"}],"predecessor-version":[{"id":70036,"href":"https:\/\/www.helenefm.com\/index.php?rest_route=\/wp\/v2\/posts\/70035\/revisions\/70036"}],"wp:featuredmedia":[{"embeddable":true,"href":"https:\/\/www.helenefm.com\/index.php?rest_route=\/wp\/v2\/media\/1088"}],"wp:attachment":[{"href":"https:\/\/www.helenefm.com\/index.php?rest_route=%2Fwp%2Fv2%2Fmedia&parent=70035"}],"wp:term":[{"taxonomy":"category","embeddable":true,"href":"https:\/\/www.helenefm.com\/index.php?rest_route=%2Fwp%2Fv2%2Fcategories&post=70035"},{"taxonomy":"post_tag","embeddable":true,"href":"https:\/\/www.helenefm.com\/index.php?rest_route=%2Fwp%2Fv2%2Ftags&post=70035"}],"curies":[{"name":"wp","href":"https:\/\/api.w.org\/{rel}","templated":true}]}}