{"id":70032,"date":"2026-04-30T11:45:07","date_gmt":"2026-04-30T09:45:07","guid":{"rendered":"https:\/\/www.helenefm.com\/?p=70032"},"modified":"2026-04-30T11:45:07","modified_gmt":"2026-04-30T09:45:07","slug":"saintes-plus-de-300-postes-a-pourvoir-au-forum-de-lemploi-medico-social","status":"publish","type":"post","link":"https:\/\/www.helenefm.com\/?p=70032","title":{"rendered":"Saintes : plus de 300 postes \u00e0 pourvoir au Forum de l\u2019emploi m\u00e9dico-social"},"content":{"rendered":"<p><img loading=\"lazy\" decoding=\"async\" data-attachment-id=\"70033\" data-permalink=\"https:\/\/www.helenefm.com\/?attachment_id=70033\" data-orig-file=\"https:\/\/www.helenefm.com\/wordpress\/wp-content\/uploads\/2026\/04\/CD17-ComEx-Forummedicosocial_2026-FB-evenement-1200x628pixels-scaled.jpg\" data-orig-size=\"2560,1340\" data-comments-opened=\"0\" data-image-meta=\"{&quot;aperture&quot;:&quot;0&quot;,&quot;credit&quot;:&quot;&quot;,&quot;camera&quot;:&quot;&quot;,&quot;caption&quot;:&quot;&quot;,&quot;created_timestamp&quot;:&quot;0&quot;,&quot;copyright&quot;:&quot;&quot;,&quot;focal_length&quot;:&quot;0&quot;,&quot;iso&quot;:&quot;0&quot;,&quot;shutter_speed&quot;:&quot;0&quot;,&quot;title&quot;:&quot;&quot;,&quot;orientation&quot;:&quot;0&quot;}\" data-image-title=\"CD17-ComEx-Forummedicosocial_2026-FB-evenement-1200x628pixels\" data-image-description=\"\" data-image-caption=\"\" data-large-file=\"https:\/\/www.helenefm.com\/wordpress\/wp-content\/uploads\/2026\/04\/CD17-ComEx-Forummedicosocial_2026-FB-evenement-1200x628pixels-1024x536.jpg\" class=\"size-full wp-image-70033 aligncenter\" src=\"https:\/\/www.helenefm.com\/wordpress\/wp-content\/uploads\/2026\/04\/CD17-ComEx-Forummedicosocial_2026-FB-evenement-1200x628pixels-scaled.jpg\" alt=\"\" width=\"2560\" height=\"1340\" srcset=\"https:\/\/www.helenefm.com\/wordpress\/wp-content\/uploads\/2026\/04\/CD17-ComEx-Forummedicosocial_2026-FB-evenement-1200x628pixels-scaled.jpg 2560w, https:\/\/www.helenefm.com\/wordpress\/wp-content\/uploads\/2026\/04\/CD17-ComEx-Forummedicosocial_2026-FB-evenement-1200x628pixels-300x157.jpg 300w, https:\/\/www.helenefm.com\/wordpress\/wp-content\/uploads\/2026\/04\/CD17-ComEx-Forummedicosocial_2026-FB-evenement-1200x628pixels-1024x536.jpg 1024w, https:\/\/www.helenefm.com\/wordpress\/wp-content\/uploads\/2026\/04\/CD17-ComEx-Forummedicosocial_2026-FB-evenement-1200x628pixels-768x402.jpg 768w, https:\/\/www.helenefm.com\/wordpress\/wp-content\/uploads\/2026\/04\/CD17-ComEx-Forummedicosocial_2026-FB-evenement-1200x628pixels-1536x804.jpg 1536w, https:\/\/www.helenefm.com\/wordpress\/wp-content\/uploads\/2026\/04\/CD17-ComEx-Forummedicosocial_2026-FB-evenement-1200x628pixels-2048x1072.jpg 2048w\" sizes=\"auto, (max-width: 2560px) 100vw, 2560px\" \/><br \/>\nPlus de 300 postes \u00e0 pourvoir aujourd\u2019hui au Forum de l\u2019emploi m\u00e9dico-social \u00e0 Saintes. C\u2019est la 2e \u00e9dition. L\u2019occasion de rencontrer directement sur place des recruteurs. Des emplois seront propos\u00e9s dans des secteurs d\u2019activit\u00e9 dits en tension : \u00e9ducateurs sp\u00e9cialis\u00e9s, assistants sociaux, aides \u00e0 domicile ou encore auxiliaires de vie sociale. Rendez-vous est donn\u00e9 cet apr\u00e8s-midi, de 14h \u00e0 17h30, \u00e0 l\u2019espace Mend\u00e8s-France.<\/p>\n","protected":false},"excerpt":{"rendered":"<p>Plus de 300 postes \u00e0 pourvoir aujourd\u2019hui au Forum de l\u2019emploi m\u00e9dico-social \u00e0 Saintes. C\u2019est la 2e \u00e9dition. L\u2019occasion de rencontrer directement sur place des recruteurs. Des emplois seront propos\u00e9s dans des<a class=\"moretag\" href=\"https:\/\/www.helenefm.com\/?p=70032\">Lire la suite&#8230;<\/a><\/p>\n","protected":false},"author":1,"featured_media":70033,"comment_status":"closed","ping_status":"closed","sticky":false,"template":"","format":"standard","meta":{"_monsterinsights_skip_tracking":false,"_monsterinsights_sitenote_active":false,"_monsterinsights_sitenote_note":"","_monsterinsights_sitenote_category":0,"jetpack_post_was_ever_published":false,"_jetpack_newsletter_access":"","_jetpack_dont_email_post_to_subs":false,"_jetpack_newsletter_tier_id":0,"_jetpack_memberships_contains_paywalled_content":false,"_jetpack_memberships_contains_paid_content":false,"footnotes":"","jetpack_publicize_message":"","jetpack_publicize_feature_enabled":true,"jetpack_social_post_already_shared":true,"jetpack_social_options":{"image_generator_settings":{"template":"highway","default_image_id":0,"font":"","enabled":false},"version":2}},"categories":[103],"tags":[32],"class_list":["post-70032","post","type-post","status-publish","format-standard","has-post-thumbnail","hentry","category-fil-infos-redaction","tag-saintes"],"views":104,"jetpack_publicize_connections":[],"jetpack_featured_media_url":"https:\/\/www.helenefm.com\/wordpress\/wp-content\/uploads\/2026\/04\/CD17-ComEx-Forummedicosocial_2026-FB-evenement-1200x628pixels-scaled.jpg","jetpack_sharing_enabled":true,"jetpack_shortlink":"https:\/\/wp.me\/p48eP9-idy","_links":{"self":[{"href":"https:\/\/www.helenefm.com\/index.php?rest_route=\/wp\/v2\/posts\/70032","targetHints":{"allow":["GET"]}}],"collection":[{"href":"https:\/\/www.helenefm.com\/index.php?rest_route=\/wp\/v2\/posts"}],"about":[{"href":"https:\/\/www.helenefm.com\/index.php?rest_route=\/wp\/v2\/types\/post"}],"author":[{"embeddable":true,"href":"https:\/\/www.helenefm.com\/index.php?rest_route=\/wp\/v2\/users\/1"}],"replies":[{"embeddable":true,"href":"https:\/\/www.helenefm.com\/index.php?rest_route=%2Fwp%2Fv2%2Fcomments&post=70032"}],"version-history":[{"count":1,"href":"https:\/\/www.helenefm.com\/index.php?rest_route=\/wp\/v2\/posts\/70032\/revisions"}],"predecessor-version":[{"id":70034,"href":"https:\/\/www.helenefm.com\/index.php?rest_route=\/wp\/v2\/posts\/70032\/revisions\/70034"}],"wp:featuredmedia":[{"embeddable":true,"href":"https:\/\/www.helenefm.com\/index.php?rest_route=\/wp\/v2\/media\/70033"}],"wp:attachment":[{"href":"https:\/\/www.helenefm.com\/index.php?rest_route=%2Fwp%2Fv2%2Fmedia&parent=70032"}],"wp:term":[{"taxonomy":"category","embeddable":true,"href":"https:\/\/www.helenefm.com\/index.php?rest_route=%2Fwp%2Fv2%2Fcategories&post=70032"},{"taxonomy":"post_tag","embeddable":true,"href":"https:\/\/www.helenefm.com\/index.php?rest_route=%2Fwp%2Fv2%2Ftags&post=70032"}],"curies":[{"name":"wp","href":"https:\/\/api.w.org\/{rel}","templated":true}]}}