{"id":70030,"date":"2026-04-30T11:31:06","date_gmt":"2026-04-30T09:31:06","guid":{"rendered":"https:\/\/www.helenefm.com\/?p=70030"},"modified":"2026-04-30T11:31:06","modified_gmt":"2026-04-30T09:31:06","slug":"fete-du-travail-les-syndicats-appellent-a-6-manifestations-demain-en-charente-maritime","status":"publish","type":"post","link":"https:\/\/www.helenefm.com\/?p=70030","title":{"rendered":"F\u00eate du travail : les syndicats appellent \u00e0 6 manifestations demain en Charente-Maritime"},"content":{"rendered":"<p>C\u2019est un d\u00e9bat social et politique qui revient avec insistance \u00e0 l\u2019approche du 1er mai. Alors que cette journ\u00e9e est historiquement le seul jour f\u00e9ri\u00e9 obligatoirement ch\u00f4m\u00e9 en France, la question de son assouplissement pour certains secteurs artisanaux relance les tensions. Boulangers et fleuristes vont pouvoir, sous conditions, faire travailler leurs salari\u00e9s ce jour-l\u00e0. Une \u00e9volution d\u00e9fendue par le gouvernement au nom du pragmatisme \u00e9conomique, mais vivement critiqu\u00e9e par les syndicats, qui y voient une remise en cause d\u2019un acquis symbolique. Ce qu\u2019ils comptent bien faire entendre demain dans les traditionnels d\u00e9fil\u00e9s du 1er mai, qui sont au nombre de six cette ann\u00e9e en Charente-Maritime.<br \/>\nLe 1er mai occupe une place \u00e0 part dans le calendrier social fran\u00e7ais. Seule journ\u00e9e f\u00e9ri\u00e9e obligatoirement ch\u00f4m\u00e9e, elle est aussi la Journ\u00e9e internationale de lutte des travailleurs. Mais ce statut particulier est aujourd\u2019hui remis en cause par des \u00e9volutions l\u00e9gislatives r\u00e9centes et des discussions autour de son application dans certains secteurs. Le gouvernement d\u00e9fend l\u2019id\u00e9e d\u2019une plus grande souplesse pour les commerces de proximit\u00e9, notamment les boulangeries et les fleuristes. L\u2019objectif affich\u00e9 est de permettre, sous conditions strictes, une ouverture encadr\u00e9e avec le consentement des salari\u00e9s et une r\u00e9mun\u00e9ration major\u00e9e. Une logique pr\u00e9sent\u00e9e comme pragmatique, adapt\u00e9e aux besoins de consommation et \u00e0 la r\u00e9alit\u00e9 \u00e9conomique de certains m\u00e9tiers. Mais cette approche suscite une forte opposition des organisations syndicales qui d\u00e9noncent une remise en cause progressive du caract\u00e8re ch\u00f4m\u00e9 du 1er mai, et plus largement une fragilisation des protections collectives du droit du travail.<br \/>\nLes syndicats redoutent une banalisation du travail le 1er mai et une remise en cause plus large des jours f\u00e9ri\u00e9s et des acquis sociaux.<br \/>\nCe d\u00e9bat s\u2019inscrit dans un contexte plus global de tensions autour du pouvoir d\u2019achat, des conditions de travail et des r\u00e9formes successives du droit du travail, qui continuent de cristalliser les oppositions entre gouvernement, patronat et syndicats.<br \/>\nDans ce climat, la mobilisation du 1er mai prend une dimension particuli\u00e8re, comme en Charente-Maritime o\u00f9 les organisations syndicales CGT, CFDT, FO, FSU et UNSA appellent \u00e0 des rassemblements dans plusieurs villes du d\u00e9partement.<br \/>\n\u00c0 La Rochelle, le rendez-vous est fix\u00e9 \u00e0 10h, place de l\u2019H\u00f4tel de Ville. Et \u00e0 10h30 place Colbert \u00e0 Rochefort, devant le Palais de justice de Saintes, place du g\u00e9n\u00e9ral De Gaulle \u00e0 Royan, place de l\u2019H\u00f4tel-de-Ville \u00e0 Saint-Jean-d\u2019Ang\u00e9ly et au jardin public de Jonzac.<\/p>\n","protected":false},"excerpt":{"rendered":"<p>C\u2019est un d\u00e9bat social et politique qui revient avec insistance \u00e0 l\u2019approche du 1er mai. Alors que cette journ\u00e9e est historiquement le seul jour f\u00e9ri\u00e9 obligatoirement ch\u00f4m\u00e9 en France, la question de<a class=\"moretag\" href=\"https:\/\/www.helenefm.com\/?p=70030\">Lire la suite&#8230;<\/a><\/p>\n","protected":false},"author":1,"featured_media":46357,"comment_status":"closed","ping_status":"closed","sticky":false,"template":"","format":"standard","meta":{"_monsterinsights_skip_tracking":false,"_monsterinsights_sitenote_active":false,"_monsterinsights_sitenote_note":"","_monsterinsights_sitenote_category":0,"jetpack_post_was_ever_published":false,"_jetpack_newsletter_access":"","_jetpack_dont_email_post_to_subs":false,"_jetpack_newsletter_tier_id":0,"_jetpack_memberships_contains_paywalled_content":false,"_jetpack_memberships_contains_paid_content":false,"footnotes":"","jetpack_publicize_message":"","jetpack_publicize_feature_enabled":true,"jetpack_social_post_already_shared":true,"jetpack_social_options":{"image_generator_settings":{"template":"highway","default_image_id":0,"font":"","enabled":false},"version":2}},"categories":[103],"tags":[113],"class_list":["post-70030","post","type-post","status-publish","format-standard","has-post-thumbnail","hentry","category-fil-infos-redaction","tag-charente-maritime"],"views":83,"jetpack_publicize_connections":[],"jetpack_featured_media_url":"https:\/\/www.helenefm.com\/wordpress\/wp-content\/uploads\/2021\/10\/cgt.jpg","jetpack_sharing_enabled":true,"jetpack_shortlink":"https:\/\/wp.me\/p48eP9-idw","_links":{"self":[{"href":"https:\/\/www.helenefm.com\/index.php?rest_route=\/wp\/v2\/posts\/70030","targetHints":{"allow":["GET"]}}],"collection":[{"href":"https:\/\/www.helenefm.com\/index.php?rest_route=\/wp\/v2\/posts"}],"about":[{"href":"https:\/\/www.helenefm.com\/index.php?rest_route=\/wp\/v2\/types\/post"}],"author":[{"embeddable":true,"href":"https:\/\/www.helenefm.com\/index.php?rest_route=\/wp\/v2\/users\/1"}],"replies":[{"embeddable":true,"href":"https:\/\/www.helenefm.com\/index.php?rest_route=%2Fwp%2Fv2%2Fcomments&post=70030"}],"version-history":[{"count":1,"href":"https:\/\/www.helenefm.com\/index.php?rest_route=\/wp\/v2\/posts\/70030\/revisions"}],"predecessor-version":[{"id":70031,"href":"https:\/\/www.helenefm.com\/index.php?rest_route=\/wp\/v2\/posts\/70030\/revisions\/70031"}],"wp:featuredmedia":[{"embeddable":true,"href":"https:\/\/www.helenefm.com\/index.php?rest_route=\/wp\/v2\/media\/46357"}],"wp:attachment":[{"href":"https:\/\/www.helenefm.com\/index.php?rest_route=%2Fwp%2Fv2%2Fmedia&parent=70030"}],"wp:term":[{"taxonomy":"category","embeddable":true,"href":"https:\/\/www.helenefm.com\/index.php?rest_route=%2Fwp%2Fv2%2Fcategories&post=70030"},{"taxonomy":"post_tag","embeddable":true,"href":"https:\/\/www.helenefm.com\/index.php?rest_route=%2Fwp%2Fv2%2Ftags&post=70030"}],"curies":[{"name":"wp","href":"https:\/\/api.w.org\/{rel}","templated":true}]}}