{"id":69999,"date":"2026-04-29T12:41:58","date_gmt":"2026-04-29T10:41:58","guid":{"rendered":"https:\/\/www.helenefm.com\/?p=69999"},"modified":"2026-04-29T12:41:58","modified_gmt":"2026-04-29T10:41:58","slug":"surgeres-leglise-notre-dame-recoit-le-soutien-des-laiques","status":"publish","type":"post","link":"https:\/\/www.helenefm.com\/?p=69999","title":{"rendered":"Surg\u00e8res : l&rsquo;\u00e9glise Notre-Dame re\u00e7oit le soutien des la\u00efques"},"content":{"rendered":"<div id=\"attachment_70000\" style=\"width: 1510px\" class=\"wp-caption aligncenter\"><img loading=\"lazy\" decoding=\"async\" aria-describedby=\"caption-attachment-70000\" data-attachment-id=\"70000\" data-permalink=\"https:\/\/www.helenefm.com\/?attachment_id=70000\" data-orig-file=\"https:\/\/www.helenefm.com\/wordpress\/wp-content\/uploads\/2026\/04\/eglise-notre-dame.jpg\" data-orig-size=\"1500,2000\" data-comments-opened=\"0\" data-image-meta=\"{&quot;aperture&quot;:&quot;1.8&quot;,&quot;credit&quot;:&quot;&quot;,&quot;camera&quot;:&quot;Galaxy A25 5G&quot;,&quot;caption&quot;:&quot;&quot;,&quot;created_timestamp&quot;:&quot;1777379419&quot;,&quot;copyright&quot;:&quot;&quot;,&quot;focal_length&quot;:&quot;4&quot;,&quot;iso&quot;:&quot;1600&quot;,&quot;shutter_speed&quot;:&quot;0.05&quot;,&quot;title&quot;:&quot;&quot;,&quot;orientation&quot;:&quot;1&quot;}\" data-image-title=\"eglise notre-dame\" data-image-description=\"\" data-image-caption=\"\" data-large-file=\"https:\/\/www.helenefm.com\/wordpress\/wp-content\/uploads\/2026\/04\/eglise-notre-dame-768x1024.jpg\" class=\"wp-image-70000 size-full\" src=\"https:\/\/www.helenefm.com\/wordpress\/wp-content\/uploads\/2026\/04\/eglise-notre-dame.jpg\" alt=\"\" width=\"1500\" height=\"2000\" srcset=\"https:\/\/www.helenefm.com\/wordpress\/wp-content\/uploads\/2026\/04\/eglise-notre-dame.jpg 1500w, https:\/\/www.helenefm.com\/wordpress\/wp-content\/uploads\/2026\/04\/eglise-notre-dame-225x300.jpg 225w, https:\/\/www.helenefm.com\/wordpress\/wp-content\/uploads\/2026\/04\/eglise-notre-dame-768x1024.jpg 768w, https:\/\/www.helenefm.com\/wordpress\/wp-content\/uploads\/2026\/04\/eglise-notre-dame-1152x1536.jpg 1152w\" sizes=\"auto, (max-width: 1500px) 100vw, 1500px\" \/><p id=\"caption-attachment-70000\" class=\"wp-caption-text\">Le Comit\u00e9 La\u00efcit\u00e9 R\u00e9publique Poitou-Charentes est venu soutenir la paroisse de Surg\u00e8res.<\/p><\/div>\n<p>\u00c0 Surg\u00e8res, une quinzaine de membres du Comit\u00e9 La\u00efcit\u00e9 R\u00e9publique Poitou-Charentes et de la Licra se sont retrouv\u00e9s hier midi autour d\u2019un pique-nique de soutien \u00e0 la communaut\u00e9 paroissiale, une semaine apr\u00e8s le saccage de l\u2019\u00e9glise Notre-Dame. Pour rappel, le 21 avril dernier, des statues ont \u00e9t\u00e9 bris\u00e9es, des bougies jet\u00e9es et l\u2019orgue endommag\u00e9. Michel Mignard est le pr\u00e9sident du Comit\u00e9 La\u00efcit\u00e9 R\u00e9publique Poitou-Charentes. Apr\u00e8s s\u2019\u00eatre rendu la semaine derni\u00e8re \u00e0 Saint-Jean-d\u2019Ang\u00e9ly pour soutenir la g\u00e9rante d\u2019un restaurant victime d\u2019actes antis\u00e9mites, il est venu cette fois \u00e0 Surg\u00e8res au chevet de la communaut\u00e9 catholique :<\/p>\n<audio class=\"wp-audio-shortcode\" id=\"audio-69999-1\" preload=\"none\" style=\"width: 100%;\" controls=\"controls\"><source type=\"audio\/mpeg\" src=\"https:\/\/www.helenefm.com\/wordpress\/wp-content\/uploads\/2026\/04\/pique-nique-eglise-1.mp3?_=1\" \/><a href=\"https:\/\/www.helenefm.com\/wordpress\/wp-content\/uploads\/2026\/04\/pique-nique-eglise-1.mp3\">https:\/\/www.helenefm.com\/wordpress\/wp-content\/uploads\/2026\/04\/pique-nique-eglise-1.mp3<\/a><\/audio>\n<p>Un soutien bienvenu pour le pr\u00eatre de l\u2019\u00e9glise Notre-Dame P\u00e8re Alphonse, mais aussi les paroissiens de Surg\u00e8res, \u00e0 l\u2019image de Fran\u00e7ois, fid\u00e8le et membre de la chorale Saint-Beno\u00eet. On les \u00e9coute :<\/p>\n<audio class=\"wp-audio-shortcode\" id=\"audio-69999-2\" preload=\"none\" style=\"width: 100%;\" controls=\"controls\"><source type=\"audio\/mpeg\" src=\"https:\/\/www.helenefm.com\/wordpress\/wp-content\/uploads\/2026\/04\/pique-nique-eglise-2.mp3?_=2\" \/><a href=\"https:\/\/www.helenefm.com\/wordpress\/wp-content\/uploads\/2026\/04\/pique-nique-eglise-2.mp3\">https:\/\/www.helenefm.com\/wordpress\/wp-content\/uploads\/2026\/04\/pique-nique-eglise-2.mp3<\/a><\/audio>\n<p>&nbsp;<\/p>\n<audio class=\"wp-audio-shortcode\" id=\"audio-69999-3\" preload=\"none\" style=\"width: 100%;\" controls=\"controls\"><source type=\"audio\/mpeg\" src=\"https:\/\/www.helenefm.com\/wordpress\/wp-content\/uploads\/2026\/04\/pique-nique-eglise-3.mp3?_=3\" \/><a href=\"https:\/\/www.helenefm.com\/wordpress\/wp-content\/uploads\/2026\/04\/pique-nique-eglise-3.mp3\">https:\/\/www.helenefm.com\/wordpress\/wp-content\/uploads\/2026\/04\/pique-nique-eglise-3.mp3<\/a><\/audio>\n<p>L\u2019enqu\u00eate ouverte juste apr\u00e8s les faits est toujours en cours afin d\u2019identifier le ou les auteurs.<\/p>\n","protected":false},"excerpt":{"rendered":"<p>\u00c0 Surg\u00e8res, une quinzaine de membres du Comit\u00e9 La\u00efcit\u00e9 R\u00e9publique Poitou-Charentes et de la Licra se sont retrouv\u00e9s hier midi autour d\u2019un pique-nique de soutien \u00e0 la communaut\u00e9 paroissiale, une semaine apr\u00e8s<a class=\"moretag\" href=\"https:\/\/www.helenefm.com\/?p=69999\">Lire la suite&#8230;<\/a><\/p>\n","protected":false},"author":1,"featured_media":70000,"comment_status":"closed","ping_status":"closed","sticky":false,"template":"","format":"standard","meta":{"_monsterinsights_skip_tracking":false,"_monsterinsights_sitenote_active":false,"_monsterinsights_sitenote_note":"","_monsterinsights_sitenote_category":0,"jetpack_post_was_ever_published":false,"_jetpack_newsletter_access":"","_jetpack_dont_email_post_to_subs":false,"_jetpack_newsletter_tier_id":0,"_jetpack_memberships_contains_paywalled_content":false,"_jetpack_memberships_contains_paid_content":false,"footnotes":"","jetpack_publicize_message":"","jetpack_publicize_feature_enabled":true,"jetpack_social_post_already_shared":true,"jetpack_social_options":{"image_generator_settings":{"template":"highway","default_image_id":0,"font":"","enabled":false},"version":2}},"categories":[103],"tags":[43],"class_list":["post-69999","post","type-post","status-publish","format-standard","has-post-thumbnail","hentry","category-fil-infos-redaction","tag-surgeres"],"yoast_head":"<!-- This site is optimized with the Yoast SEO plugin v27.5 - https:\/\/yoast.com\/product\/yoast-seo-wordpress\/ -->\n<title>Surg\u00e8res : l&#039;\u00e9glise Notre-Dame re\u00e7oit le soutien des la\u00efques - HELENE FM<\/title>\n<meta name=\"robots\" content=\"index, follow, max-snippet:-1, max-image-preview:large, max-video-preview:-1\" \/>\n<link rel=\"canonical\" href=\"https:\/\/www.helenefm.com\/?p=69999\" \/>\n<meta property=\"og:locale\" content=\"fr_FR\" \/>\n<meta property=\"og:type\" content=\"article\" \/>\n<meta property=\"og:title\" content=\"Surg\u00e8res : l&#039;\u00e9glise Notre-Dame re\u00e7oit le soutien des la\u00efques - HELENE FM\" \/>\n<meta property=\"og:description\" content=\"\u00c0 Surg\u00e8res, une quinzaine de membres du Comit\u00e9 La\u00efcit\u00e9 R\u00e9publique Poitou-Charentes et de la Licra se sont retrouv\u00e9s hier midi autour d\u2019un pique-nique de soutien \u00e0 la communaut\u00e9 paroissiale, une semaine apr\u00e8sLire la suite...\" \/>\n<meta property=\"og:url\" content=\"https:\/\/www.helenefm.com\/?p=69999\" \/>\n<meta property=\"og:site_name\" content=\"HELENE FM\" \/>\n<meta property=\"article:publisher\" content=\"https:\/\/www.facebook.com\/profile.php?id=100027030383449\" \/>\n<meta property=\"article:published_time\" content=\"2026-04-29T10:41:58+00:00\" \/>\n<meta property=\"og:image\" content=\"https:\/\/www.helenefm.com\/wordpress\/wp-content\/uploads\/2026\/04\/eglise-notre-dame.jpg\" \/>\n\t<meta property=\"og:image:width\" content=\"1500\" \/>\n\t<meta property=\"og:image:height\" content=\"2000\" \/>\n\t<meta property=\"og:image:type\" content=\"image\/jpeg\" \/>\n<meta name=\"author\" content=\"R\u00e9daction\" \/>\n<meta name=\"twitter:card\" content=\"summary_large_image\" \/>\n<meta name=\"twitter:creator\" content=\"@HELENE_FM\" \/>\n<meta name=\"twitter:site\" content=\"@HELENE_FM\" \/>\n<meta name=\"twitter:label1\" content=\"\u00c9crit par\" \/>\n\t<meta name=\"twitter:data1\" content=\"R\u00e9daction\" \/>\n\t<meta name=\"twitter:label2\" content=\"Dur\u00e9e de lecture estim\u00e9e\" \/>\n\t<meta name=\"twitter:data2\" content=\"2 minutes\" \/>\n<script type=\"application\/ld+json\" class=\"yoast-schema-graph\">{\"@context\":\"https:\\\/\\\/schema.org\",\"@graph\":[{\"@type\":\"Article\",\"@id\":\"https:\\\/\\\/www.helenefm.com\\\/?p=69999#article\",\"isPartOf\":{\"@id\":\"https:\\\/\\\/www.helenefm.com\\\/?p=69999\"},\"author\":{\"name\":\"R\u00e9daction\",\"@id\":\"https:\\\/\\\/www.helenefm.com\\\/#\\\/schema\\\/person\\\/fb04a82ede6f9fb2208a8b9eddd8ecfb\"},\"headline\":\"Surg\u00e8res : l&rsquo;\u00e9glise Notre-Dame re\u00e7oit le soutien des la\u00efques\",\"datePublished\":\"2026-04-29T10:41:58+00:00\",\"mainEntityOfPage\":{\"@id\":\"https:\\\/\\\/www.helenefm.com\\\/?p=69999\"},\"wordCount\":241,\"publisher\":{\"@id\":\"https:\\\/\\\/www.helenefm.com\\\/#organization\"},\"image\":{\"@id\":\"https:\\\/\\\/www.helenefm.com\\\/?p=69999#primaryimage\"},\"thumbnailUrl\":\"https:\\\/\\\/www.helenefm.com\\\/wordpress\\\/wp-content\\\/uploads\\\/2026\\\/04\\\/eglise-notre-dame.jpg\",\"keywords\":[\"SURG\u00c8RES\"],\"articleSection\":[\"L'INFO LOCALE EN CONTINU\"],\"inLanguage\":\"fr-FR\"},{\"@type\":\"WebPage\",\"@id\":\"https:\\\/\\\/www.helenefm.com\\\/?p=69999\",\"url\":\"https:\\\/\\\/www.helenefm.com\\\/?p=69999\",\"name\":\"Surg\u00e8res : l'\u00e9glise Notre-Dame re\u00e7oit le soutien des la\u00efques - HELENE FM\",\"isPartOf\":{\"@id\":\"https:\\\/\\\/www.helenefm.com\\\/#website\"},\"primaryImageOfPage\":{\"@id\":\"https:\\\/\\\/www.helenefm.com\\\/?p=69999#primaryimage\"},\"image\":{\"@id\":\"https:\\\/\\\/www.helenefm.com\\\/?p=69999#primaryimage\"},\"thumbnailUrl\":\"https:\\\/\\\/www.helenefm.com\\\/wordpress\\\/wp-content\\\/uploads\\\/2026\\\/04\\\/eglise-notre-dame.jpg\",\"datePublished\":\"2026-04-29T10:41:58+00:00\",\"breadcrumb\":{\"@id\":\"https:\\\/\\\/www.helenefm.com\\\/?p=69999#breadcrumb\"},\"inLanguage\":\"fr-FR\",\"potentialAction\":[{\"@type\":\"ReadAction\",\"target\":[\"https:\\\/\\\/www.helenefm.com\\\/?p=69999\"]}]},{\"@type\":\"ImageObject\",\"inLanguage\":\"fr-FR\",\"@id\":\"https:\\\/\\\/www.helenefm.com\\\/?p=69999#primaryimage\",\"url\":\"https:\\\/\\\/www.helenefm.com\\\/wordpress\\\/wp-content\\\/uploads\\\/2026\\\/04\\\/eglise-notre-dame.jpg\",\"contentUrl\":\"https:\\\/\\\/www.helenefm.com\\\/wordpress\\\/wp-content\\\/uploads\\\/2026\\\/04\\\/eglise-notre-dame.jpg\",\"width\":1500,\"height\":2000},{\"@type\":\"BreadcrumbList\",\"@id\":\"https:\\\/\\\/www.helenefm.com\\\/?p=69999#breadcrumb\",\"itemListElement\":[{\"@type\":\"ListItem\",\"position\":1,\"name\":\"Accueil\",\"item\":\"https:\\\/\\\/www.helenefm.com\\\/\"},{\"@type\":\"ListItem\",\"position\":2,\"name\":\"Surg\u00e8res : l&rsquo;\u00e9glise Notre-Dame re\u00e7oit le soutien des la\u00efques\"}]},{\"@type\":\"WebSite\",\"@id\":\"https:\\\/\\\/www.helenefm.com\\\/#website\",\"url\":\"https:\\\/\\\/www.helenefm.com\\\/\",\"name\":\"H\u00c9L\u00c8NE FM\",\"description\":\"\",\"publisher\":{\"@id\":\"https:\\\/\\\/www.helenefm.com\\\/#organization\"},\"potentialAction\":[{\"@type\":\"SearchAction\",\"target\":{\"@type\":\"EntryPoint\",\"urlTemplate\":\"https:\\\/\\\/www.helenefm.com\\\/?s={search_term_string}\"},\"query-input\":{\"@type\":\"PropertyValueSpecification\",\"valueRequired\":true,\"valueName\":\"search_term_string\"}}],\"inLanguage\":\"fr-FR\"},{\"@type\":\"Organization\",\"@id\":\"https:\\\/\\\/www.helenefm.com\\\/#organization\",\"name\":\"H\u00c9L\u00c8NE FM\",\"url\":\"https:\\\/\\\/www.helenefm.com\\\/\",\"logo\":{\"@type\":\"ImageObject\",\"inLanguage\":\"fr-FR\",\"@id\":\"https:\\\/\\\/www.helenefm.com\\\/#\\\/schema\\\/logo\\\/image\\\/\",\"url\":\"https:\\\/\\\/www.helenefm.com\\\/wordpress\\\/wp-content\\\/uploads\\\/2018\\\/05\\\/cropped-cropped-logo-helene-fm-512x512-1.jpg\",\"contentUrl\":\"https:\\\/\\\/www.helenefm.com\\\/wordpress\\\/wp-content\\\/uploads\\\/2018\\\/05\\\/cropped-cropped-logo-helene-fm-512x512-1.jpg\",\"width\":512,\"height\":512,\"caption\":\"H\u00c9L\u00c8NE FM\"},\"image\":{\"@id\":\"https:\\\/\\\/www.helenefm.com\\\/#\\\/schema\\\/logo\\\/image\\\/\"},\"sameAs\":[\"https:\\\/\\\/www.facebook.com\\\/profile.php?id=100027030383449\",\"https:\\\/\\\/x.com\\\/HELENE_FM\",\"https:\\\/\\\/www.instagram.com\\\/helene__fm\\\/\"]},{\"@type\":\"Person\",\"@id\":\"https:\\\/\\\/www.helenefm.com\\\/#\\\/schema\\\/person\\\/fb04a82ede6f9fb2208a8b9eddd8ecfb\",\"name\":\"R\u00e9daction\",\"image\":{\"@type\":\"ImageObject\",\"inLanguage\":\"fr-FR\",\"@id\":\"https:\\\/\\\/secure.gravatar.com\\\/avatar\\\/e27376be9ce9d76a824c6eabb367e5b2ed263ed34a5b8cf79d455d67b1e2a424?s=96&d=mm&r=g\",\"url\":\"https:\\\/\\\/secure.gravatar.com\\\/avatar\\\/e27376be9ce9d76a824c6eabb367e5b2ed263ed34a5b8cf79d455d67b1e2a424?s=96&d=mm&r=g\",\"contentUrl\":\"https:\\\/\\\/secure.gravatar.com\\\/avatar\\\/e27376be9ce9d76a824c6eabb367e5b2ed263ed34a5b8cf79d455d67b1e2a424?s=96&d=mm&r=g\",\"caption\":\"R\u00e9daction\"},\"url\":\"https:\\\/\\\/www.helenefm.com\\\/?author=1\"}]}<\/script>\n<!-- \/ Yoast SEO plugin. -->","yoast_head_json":{"title":"Surg\u00e8res : l'\u00e9glise Notre-Dame re\u00e7oit le soutien des la\u00efques - HELENE FM","robots":{"index":"index","follow":"follow","max-snippet":"max-snippet:-1","max-image-preview":"max-image-preview:large","max-video-preview":"max-video-preview:-1"},"canonical":"https:\/\/www.helenefm.com\/?p=69999","og_locale":"fr_FR","og_type":"article","og_title":"Surg\u00e8res : l'\u00e9glise Notre-Dame re\u00e7oit le soutien des la\u00efques - HELENE FM","og_description":"\u00c0 Surg\u00e8res, une quinzaine de membres du Comit\u00e9 La\u00efcit\u00e9 R\u00e9publique Poitou-Charentes et de la Licra se sont retrouv\u00e9s hier midi autour d\u2019un pique-nique de soutien \u00e0 la communaut\u00e9 paroissiale, une semaine apr\u00e8sLire la suite...","og_url":"https:\/\/www.helenefm.com\/?p=69999","og_site_name":"HELENE FM","article_publisher":"https:\/\/www.facebook.com\/profile.php?id=100027030383449","article_published_time":"2026-04-29T10:41:58+00:00","og_image":[{"width":1500,"height":2000,"url":"https:\/\/www.helenefm.com\/wordpress\/wp-content\/uploads\/2026\/04\/eglise-notre-dame.jpg","type":"image\/jpeg"}],"author":"R\u00e9daction","twitter_card":"summary_large_image","twitter_creator":"@HELENE_FM","twitter_site":"@HELENE_FM","twitter_misc":{"\u00c9crit par":"R\u00e9daction","Dur\u00e9e de lecture estim\u00e9e":"2 minutes"},"schema":{"@context":"https:\/\/schema.org","@graph":[{"@type":"Article","@id":"https:\/\/www.helenefm.com\/?p=69999#article","isPartOf":{"@id":"https:\/\/www.helenefm.com\/?p=69999"},"author":{"name":"R\u00e9daction","@id":"https:\/\/www.helenefm.com\/#\/schema\/person\/fb04a82ede6f9fb2208a8b9eddd8ecfb"},"headline":"Surg\u00e8res : l&rsquo;\u00e9glise Notre-Dame re\u00e7oit le soutien des la\u00efques","datePublished":"2026-04-29T10:41:58+00:00","mainEntityOfPage":{"@id":"https:\/\/www.helenefm.com\/?p=69999"},"wordCount":241,"publisher":{"@id":"https:\/\/www.helenefm.com\/#organization"},"image":{"@id":"https:\/\/www.helenefm.com\/?p=69999#primaryimage"},"thumbnailUrl":"https:\/\/www.helenefm.com\/wordpress\/wp-content\/uploads\/2026\/04\/eglise-notre-dame.jpg","keywords":["SURG\u00c8RES"],"articleSection":["L'INFO LOCALE EN CONTINU"],"inLanguage":"fr-FR"},{"@type":"WebPage","@id":"https:\/\/www.helenefm.com\/?p=69999","url":"https:\/\/www.helenefm.com\/?p=69999","name":"Surg\u00e8res : l'\u00e9glise Notre-Dame re\u00e7oit le soutien des la\u00efques - HELENE FM","isPartOf":{"@id":"https:\/\/www.helenefm.com\/#website"},"primaryImageOfPage":{"@id":"https:\/\/www.helenefm.com\/?p=69999#primaryimage"},"image":{"@id":"https:\/\/www.helenefm.com\/?p=69999#primaryimage"},"thumbnailUrl":"https:\/\/www.helenefm.com\/wordpress\/wp-content\/uploads\/2026\/04\/eglise-notre-dame.jpg","datePublished":"2026-04-29T10:41:58+00:00","breadcrumb":{"@id":"https:\/\/www.helenefm.com\/?p=69999#breadcrumb"},"inLanguage":"fr-FR","potentialAction":[{"@type":"ReadAction","target":["https:\/\/www.helenefm.com\/?p=69999"]}]},{"@type":"ImageObject","inLanguage":"fr-FR","@id":"https:\/\/www.helenefm.com\/?p=69999#primaryimage","url":"https:\/\/www.helenefm.com\/wordpress\/wp-content\/uploads\/2026\/04\/eglise-notre-dame.jpg","contentUrl":"https:\/\/www.helenefm.com\/wordpress\/wp-content\/uploads\/2026\/04\/eglise-notre-dame.jpg","width":1500,"height":2000},{"@type":"BreadcrumbList","@id":"https:\/\/www.helenefm.com\/?p=69999#breadcrumb","itemListElement":[{"@type":"ListItem","position":1,"name":"Accueil","item":"https:\/\/www.helenefm.com\/"},{"@type":"ListItem","position":2,"name":"Surg\u00e8res : l&rsquo;\u00e9glise Notre-Dame re\u00e7oit le soutien des la\u00efques"}]},{"@type":"WebSite","@id":"https:\/\/www.helenefm.com\/#website","url":"https:\/\/www.helenefm.com\/","name":"H\u00c9L\u00c8NE FM","description":"","publisher":{"@id":"https:\/\/www.helenefm.com\/#organization"},"potentialAction":[{"@type":"SearchAction","target":{"@type":"EntryPoint","urlTemplate":"https:\/\/www.helenefm.com\/?s={search_term_string}"},"query-input":{"@type":"PropertyValueSpecification","valueRequired":true,"valueName":"search_term_string"}}],"inLanguage":"fr-FR"},{"@type":"Organization","@id":"https:\/\/www.helenefm.com\/#organization","name":"H\u00c9L\u00c8NE FM","url":"https:\/\/www.helenefm.com\/","logo":{"@type":"ImageObject","inLanguage":"fr-FR","@id":"https:\/\/www.helenefm.com\/#\/schema\/logo\/image\/","url":"https:\/\/www.helenefm.com\/wordpress\/wp-content\/uploads\/2018\/05\/cropped-cropped-logo-helene-fm-512x512-1.jpg","contentUrl":"https:\/\/www.helenefm.com\/wordpress\/wp-content\/uploads\/2018\/05\/cropped-cropped-logo-helene-fm-512x512-1.jpg","width":512,"height":512,"caption":"H\u00c9L\u00c8NE FM"},"image":{"@id":"https:\/\/www.helenefm.com\/#\/schema\/logo\/image\/"},"sameAs":["https:\/\/www.facebook.com\/profile.php?id=100027030383449","https:\/\/x.com\/HELENE_FM","https:\/\/www.instagram.com\/helene__fm\/"]},{"@type":"Person","@id":"https:\/\/www.helenefm.com\/#\/schema\/person\/fb04a82ede6f9fb2208a8b9eddd8ecfb","name":"R\u00e9daction","image":{"@type":"ImageObject","inLanguage":"fr-FR","@id":"https:\/\/secure.gravatar.com\/avatar\/e27376be9ce9d76a824c6eabb367e5b2ed263ed34a5b8cf79d455d67b1e2a424?s=96&d=mm&r=g","url":"https:\/\/secure.gravatar.com\/avatar\/e27376be9ce9d76a824c6eabb367e5b2ed263ed34a5b8cf79d455d67b1e2a424?s=96&d=mm&r=g","contentUrl":"https:\/\/secure.gravatar.com\/avatar\/e27376be9ce9d76a824c6eabb367e5b2ed263ed34a5b8cf79d455d67b1e2a424?s=96&d=mm&r=g","caption":"R\u00e9daction"},"url":"https:\/\/www.helenefm.com\/?author=1"}]}},"views":85,"jetpack_publicize_connections":[],"jetpack_featured_media_url":"https:\/\/www.helenefm.com\/wordpress\/wp-content\/uploads\/2026\/04\/eglise-notre-dame.jpg","jetpack_sharing_enabled":true,"jetpack_shortlink":"https:\/\/wp.me\/p48eP9-id1","_links":{"self":[{"href":"https:\/\/www.helenefm.com\/index.php?rest_route=\/wp\/v2\/posts\/69999","targetHints":{"allow":["GET"]}}],"collection":[{"href":"https:\/\/www.helenefm.com\/index.php?rest_route=\/wp\/v2\/posts"}],"about":[{"href":"https:\/\/www.helenefm.com\/index.php?rest_route=\/wp\/v2\/types\/post"}],"author":[{"embeddable":true,"href":"https:\/\/www.helenefm.com\/index.php?rest_route=\/wp\/v2\/users\/1"}],"replies":[{"embeddable":true,"href":"https:\/\/www.helenefm.com\/index.php?rest_route=%2Fwp%2Fv2%2Fcomments&post=69999"}],"version-history":[{"count":1,"href":"https:\/\/www.helenefm.com\/index.php?rest_route=\/wp\/v2\/posts\/69999\/revisions"}],"predecessor-version":[{"id":70004,"href":"https:\/\/www.helenefm.com\/index.php?rest_route=\/wp\/v2\/posts\/69999\/revisions\/70004"}],"wp:featuredmedia":[{"embeddable":true,"href":"https:\/\/www.helenefm.com\/index.php?rest_route=\/wp\/v2\/media\/70000"}],"wp:attachment":[{"href":"https:\/\/www.helenefm.com\/index.php?rest_route=%2Fwp%2Fv2%2Fmedia&parent=69999"}],"wp:term":[{"taxonomy":"category","embeddable":true,"href":"https:\/\/www.helenefm.com\/index.php?rest_route=%2Fwp%2Fv2%2Fcategories&post=69999"},{"taxonomy":"post_tag","embeddable":true,"href":"https:\/\/www.helenefm.com\/index.php?rest_route=%2Fwp%2Fv2%2Ftags&post=69999"}],"curies":[{"name":"wp","href":"https:\/\/api.w.org\/{rel}","templated":true}]}}