{"id":69997,"date":"2026-04-29T12:26:47","date_gmt":"2026-04-29T10:26:47","guid":{"rendered":"https:\/\/www.helenefm.com\/?p=69997"},"modified":"2026-04-29T12:26:47","modified_gmt":"2026-04-29T10:26:47","slug":"charente-maritime-le-18-est-tombe-en-panne","status":"publish","type":"post","link":"https:\/\/www.helenefm.com\/?p=69997","title":{"rendered":"Charente-Maritime : le 18 est tomb\u00e9 en panne"},"content":{"rendered":"<p>Les num\u00e9ros d\u2019urgence sont tomb\u00e9s en panne hier en Charente-Maritime. Impossible de composer le 18 pour appeler les pompiers. Il fallait passer par le 112 pour les joindre. Le Service d\u00e9partemental d\u2019incendie et de secours a fait part de ces difficult\u00e9s ce mardi sur ses r\u00e9seaux. Manifestement, un probl\u00e8me du c\u00f4t\u00e9 de l\u2019op\u00e9rateur t\u00e9l\u00e9phonique Orange serait \u00e0 l\u2019origine de la panne.<\/p>\n","protected":false},"excerpt":{"rendered":"<p>Les num\u00e9ros d\u2019urgence sont tomb\u00e9s en panne hier en Charente-Maritime. Impossible de composer le 18 pour appeler les pompiers. Il fallait passer par le 112 pour les joindre. Le Service d\u00e9partemental d\u2019incendie<a class=\"moretag\" href=\"https:\/\/www.helenefm.com\/?p=69997\">Lire la suite&#8230;<\/a><\/p>\n","protected":false},"author":1,"featured_media":1261,"comment_status":"closed","ping_status":"closed","sticky":false,"template":"","format":"standard","meta":{"_monsterinsights_skip_tracking":false,"_monsterinsights_sitenote_active":false,"_monsterinsights_sitenote_note":"","_monsterinsights_sitenote_category":0,"jetpack_post_was_ever_published":false,"_jetpack_newsletter_access":"","_jetpack_dont_email_post_to_subs":false,"_jetpack_newsletter_tier_id":0,"_jetpack_memberships_contains_paywalled_content":false,"_jetpack_memberships_contains_paid_content":false,"footnotes":"","jetpack_publicize_message":"","jetpack_publicize_feature_enabled":true,"jetpack_social_post_already_shared":true,"jetpack_social_options":{"image_generator_settings":{"template":"highway","default_image_id":0,"font":"","enabled":false},"version":2}},"categories":[103],"tags":[113],"class_list":["post-69997","post","type-post","status-publish","format-standard","has-post-thumbnail","hentry","category-fil-infos-redaction","tag-charente-maritime"],"yoast_head":"<!-- This site is optimized with the Yoast SEO plugin v27.5 - https:\/\/yoast.com\/product\/yoast-seo-wordpress\/ -->\n<title>Charente-Maritime : le 18 est tomb\u00e9 en panne - HELENE FM<\/title>\n<meta name=\"robots\" content=\"index, follow, max-snippet:-1, max-image-preview:large, max-video-preview:-1\" \/>\n<link rel=\"canonical\" href=\"https:\/\/www.helenefm.com\/?p=69997\" \/>\n<meta property=\"og:locale\" content=\"fr_FR\" \/>\n<meta property=\"og:type\" content=\"article\" \/>\n<meta property=\"og:title\" content=\"Charente-Maritime : le 18 est tomb\u00e9 en panne - HELENE FM\" \/>\n<meta property=\"og:description\" content=\"Les num\u00e9ros d\u2019urgence sont tomb\u00e9s en panne hier en Charente-Maritime. Impossible de composer le 18 pour appeler les pompiers. Il fallait passer par le 112 pour les joindre. Le Service d\u00e9partemental d\u2019incendieLire la suite...\" \/>\n<meta property=\"og:url\" content=\"https:\/\/www.helenefm.com\/?p=69997\" \/>\n<meta property=\"og:site_name\" content=\"HELENE FM\" \/>\n<meta property=\"article:publisher\" content=\"https:\/\/www.facebook.com\/profile.php?id=100027030383449\" \/>\n<meta property=\"article:published_time\" content=\"2026-04-29T10:26:47+00:00\" \/>\n<meta property=\"og:image\" content=\"https:\/\/www.helenefm.com\/wordpress\/wp-content\/uploads\/2014\/01\/Pompiers8.jpg\" \/>\n\t<meta property=\"og:image:width\" content=\"800\" \/>\n\t<meta property=\"og:image:height\" content=\"531\" \/>\n\t<meta property=\"og:image:type\" content=\"image\/jpeg\" \/>\n<meta name=\"author\" content=\"R\u00e9daction\" \/>\n<meta name=\"twitter:card\" content=\"summary_large_image\" \/>\n<meta name=\"twitter:creator\" content=\"@HELENE_FM\" \/>\n<meta name=\"twitter:site\" content=\"@HELENE_FM\" \/>\n<meta name=\"twitter:label1\" content=\"\u00c9crit par\" \/>\n\t<meta name=\"twitter:data1\" content=\"R\u00e9daction\" \/>\n\t<meta name=\"twitter:label2\" content=\"Dur\u00e9e de lecture estim\u00e9e\" \/>\n\t<meta name=\"twitter:data2\" content=\"1 minute\" \/>\n<script type=\"application\/ld+json\" class=\"yoast-schema-graph\">{\"@context\":\"https:\\\/\\\/schema.org\",\"@graph\":[{\"@type\":\"Article\",\"@id\":\"https:\\\/\\\/www.helenefm.com\\\/?p=69997#article\",\"isPartOf\":{\"@id\":\"https:\\\/\\\/www.helenefm.com\\\/?p=69997\"},\"author\":{\"name\":\"R\u00e9daction\",\"@id\":\"https:\\\/\\\/www.helenefm.com\\\/#\\\/schema\\\/person\\\/fb04a82ede6f9fb2208a8b9eddd8ecfb\"},\"headline\":\"Charente-Maritime : le 18 est tomb\u00e9 en panne\",\"datePublished\":\"2026-04-29T10:26:47+00:00\",\"mainEntityOfPage\":{\"@id\":\"https:\\\/\\\/www.helenefm.com\\\/?p=69997\"},\"wordCount\":78,\"publisher\":{\"@id\":\"https:\\\/\\\/www.helenefm.com\\\/#organization\"},\"image\":{\"@id\":\"https:\\\/\\\/www.helenefm.com\\\/?p=69997#primaryimage\"},\"thumbnailUrl\":\"https:\\\/\\\/www.helenefm.com\\\/wordpress\\\/wp-content\\\/uploads\\\/2014\\\/01\\\/Pompiers8.jpg\",\"keywords\":[\"CHARENTE-MARITIME\"],\"articleSection\":[\"L'INFO LOCALE EN CONTINU\"],\"inLanguage\":\"fr-FR\"},{\"@type\":\"WebPage\",\"@id\":\"https:\\\/\\\/www.helenefm.com\\\/?p=69997\",\"url\":\"https:\\\/\\\/www.helenefm.com\\\/?p=69997\",\"name\":\"Charente-Maritime : le 18 est tomb\u00e9 en panne - HELENE FM\",\"isPartOf\":{\"@id\":\"https:\\\/\\\/www.helenefm.com\\\/#website\"},\"primaryImageOfPage\":{\"@id\":\"https:\\\/\\\/www.helenefm.com\\\/?p=69997#primaryimage\"},\"image\":{\"@id\":\"https:\\\/\\\/www.helenefm.com\\\/?p=69997#primaryimage\"},\"thumbnailUrl\":\"https:\\\/\\\/www.helenefm.com\\\/wordpress\\\/wp-content\\\/uploads\\\/2014\\\/01\\\/Pompiers8.jpg\",\"datePublished\":\"2026-04-29T10:26:47+00:00\",\"breadcrumb\":{\"@id\":\"https:\\\/\\\/www.helenefm.com\\\/?p=69997#breadcrumb\"},\"inLanguage\":\"fr-FR\",\"potentialAction\":[{\"@type\":\"ReadAction\",\"target\":[\"https:\\\/\\\/www.helenefm.com\\\/?p=69997\"]}]},{\"@type\":\"ImageObject\",\"inLanguage\":\"fr-FR\",\"@id\":\"https:\\\/\\\/www.helenefm.com\\\/?p=69997#primaryimage\",\"url\":\"https:\\\/\\\/www.helenefm.com\\\/wordpress\\\/wp-content\\\/uploads\\\/2014\\\/01\\\/Pompiers8.jpg\",\"contentUrl\":\"https:\\\/\\\/www.helenefm.com\\\/wordpress\\\/wp-content\\\/uploads\\\/2014\\\/01\\\/Pompiers8.jpg\",\"width\":800,\"height\":531},{\"@type\":\"BreadcrumbList\",\"@id\":\"https:\\\/\\\/www.helenefm.com\\\/?p=69997#breadcrumb\",\"itemListElement\":[{\"@type\":\"ListItem\",\"position\":1,\"name\":\"Accueil\",\"item\":\"https:\\\/\\\/www.helenefm.com\\\/\"},{\"@type\":\"ListItem\",\"position\":2,\"name\":\"Charente-Maritime : le 18 est tomb\u00e9 en panne\"}]},{\"@type\":\"WebSite\",\"@id\":\"https:\\\/\\\/www.helenefm.com\\\/#website\",\"url\":\"https:\\\/\\\/www.helenefm.com\\\/\",\"name\":\"H\u00c9L\u00c8NE FM\",\"description\":\"\",\"publisher\":{\"@id\":\"https:\\\/\\\/www.helenefm.com\\\/#organization\"},\"potentialAction\":[{\"@type\":\"SearchAction\",\"target\":{\"@type\":\"EntryPoint\",\"urlTemplate\":\"https:\\\/\\\/www.helenefm.com\\\/?s={search_term_string}\"},\"query-input\":{\"@type\":\"PropertyValueSpecification\",\"valueRequired\":true,\"valueName\":\"search_term_string\"}}],\"inLanguage\":\"fr-FR\"},{\"@type\":\"Organization\",\"@id\":\"https:\\\/\\\/www.helenefm.com\\\/#organization\",\"name\":\"H\u00c9L\u00c8NE FM\",\"url\":\"https:\\\/\\\/www.helenefm.com\\\/\",\"logo\":{\"@type\":\"ImageObject\",\"inLanguage\":\"fr-FR\",\"@id\":\"https:\\\/\\\/www.helenefm.com\\\/#\\\/schema\\\/logo\\\/image\\\/\",\"url\":\"https:\\\/\\\/www.helenefm.com\\\/wordpress\\\/wp-content\\\/uploads\\\/2018\\\/05\\\/cropped-cropped-logo-helene-fm-512x512-1.jpg\",\"contentUrl\":\"https:\\\/\\\/www.helenefm.com\\\/wordpress\\\/wp-content\\\/uploads\\\/2018\\\/05\\\/cropped-cropped-logo-helene-fm-512x512-1.jpg\",\"width\":512,\"height\":512,\"caption\":\"H\u00c9L\u00c8NE FM\"},\"image\":{\"@id\":\"https:\\\/\\\/www.helenefm.com\\\/#\\\/schema\\\/logo\\\/image\\\/\"},\"sameAs\":[\"https:\\\/\\\/www.facebook.com\\\/profile.php?id=100027030383449\",\"https:\\\/\\\/x.com\\\/HELENE_FM\",\"https:\\\/\\\/www.instagram.com\\\/helene__fm\\\/\"]},{\"@type\":\"Person\",\"@id\":\"https:\\\/\\\/www.helenefm.com\\\/#\\\/schema\\\/person\\\/fb04a82ede6f9fb2208a8b9eddd8ecfb\",\"name\":\"R\u00e9daction\",\"image\":{\"@type\":\"ImageObject\",\"inLanguage\":\"fr-FR\",\"@id\":\"https:\\\/\\\/secure.gravatar.com\\\/avatar\\\/e27376be9ce9d76a824c6eabb367e5b2ed263ed34a5b8cf79d455d67b1e2a424?s=96&d=mm&r=g\",\"url\":\"https:\\\/\\\/secure.gravatar.com\\\/avatar\\\/e27376be9ce9d76a824c6eabb367e5b2ed263ed34a5b8cf79d455d67b1e2a424?s=96&d=mm&r=g\",\"contentUrl\":\"https:\\\/\\\/secure.gravatar.com\\\/avatar\\\/e27376be9ce9d76a824c6eabb367e5b2ed263ed34a5b8cf79d455d67b1e2a424?s=96&d=mm&r=g\",\"caption\":\"R\u00e9daction\"},\"url\":\"https:\\\/\\\/www.helenefm.com\\\/?author=1\"}]}<\/script>\n<!-- \/ Yoast SEO plugin. -->","yoast_head_json":{"title":"Charente-Maritime : le 18 est tomb\u00e9 en panne - HELENE FM","robots":{"index":"index","follow":"follow","max-snippet":"max-snippet:-1","max-image-preview":"max-image-preview:large","max-video-preview":"max-video-preview:-1"},"canonical":"https:\/\/www.helenefm.com\/?p=69997","og_locale":"fr_FR","og_type":"article","og_title":"Charente-Maritime : le 18 est tomb\u00e9 en panne - HELENE FM","og_description":"Les num\u00e9ros d\u2019urgence sont tomb\u00e9s en panne hier en Charente-Maritime. Impossible de composer le 18 pour appeler les pompiers. Il fallait passer par le 112 pour les joindre. Le Service d\u00e9partemental d\u2019incendieLire la suite...","og_url":"https:\/\/www.helenefm.com\/?p=69997","og_site_name":"HELENE FM","article_publisher":"https:\/\/www.facebook.com\/profile.php?id=100027030383449","article_published_time":"2026-04-29T10:26:47+00:00","og_image":[{"width":800,"height":531,"url":"https:\/\/www.helenefm.com\/wordpress\/wp-content\/uploads\/2014\/01\/Pompiers8.jpg","type":"image\/jpeg"}],"author":"R\u00e9daction","twitter_card":"summary_large_image","twitter_creator":"@HELENE_FM","twitter_site":"@HELENE_FM","twitter_misc":{"\u00c9crit par":"R\u00e9daction","Dur\u00e9e de lecture estim\u00e9e":"1 minute"},"schema":{"@context":"https:\/\/schema.org","@graph":[{"@type":"Article","@id":"https:\/\/www.helenefm.com\/?p=69997#article","isPartOf":{"@id":"https:\/\/www.helenefm.com\/?p=69997"},"author":{"name":"R\u00e9daction","@id":"https:\/\/www.helenefm.com\/#\/schema\/person\/fb04a82ede6f9fb2208a8b9eddd8ecfb"},"headline":"Charente-Maritime : le 18 est tomb\u00e9 en panne","datePublished":"2026-04-29T10:26:47+00:00","mainEntityOfPage":{"@id":"https:\/\/www.helenefm.com\/?p=69997"},"wordCount":78,"publisher":{"@id":"https:\/\/www.helenefm.com\/#organization"},"image":{"@id":"https:\/\/www.helenefm.com\/?p=69997#primaryimage"},"thumbnailUrl":"https:\/\/www.helenefm.com\/wordpress\/wp-content\/uploads\/2014\/01\/Pompiers8.jpg","keywords":["CHARENTE-MARITIME"],"articleSection":["L'INFO LOCALE EN CONTINU"],"inLanguage":"fr-FR"},{"@type":"WebPage","@id":"https:\/\/www.helenefm.com\/?p=69997","url":"https:\/\/www.helenefm.com\/?p=69997","name":"Charente-Maritime : le 18 est tomb\u00e9 en panne - HELENE FM","isPartOf":{"@id":"https:\/\/www.helenefm.com\/#website"},"primaryImageOfPage":{"@id":"https:\/\/www.helenefm.com\/?p=69997#primaryimage"},"image":{"@id":"https:\/\/www.helenefm.com\/?p=69997#primaryimage"},"thumbnailUrl":"https:\/\/www.helenefm.com\/wordpress\/wp-content\/uploads\/2014\/01\/Pompiers8.jpg","datePublished":"2026-04-29T10:26:47+00:00","breadcrumb":{"@id":"https:\/\/www.helenefm.com\/?p=69997#breadcrumb"},"inLanguage":"fr-FR","potentialAction":[{"@type":"ReadAction","target":["https:\/\/www.helenefm.com\/?p=69997"]}]},{"@type":"ImageObject","inLanguage":"fr-FR","@id":"https:\/\/www.helenefm.com\/?p=69997#primaryimage","url":"https:\/\/www.helenefm.com\/wordpress\/wp-content\/uploads\/2014\/01\/Pompiers8.jpg","contentUrl":"https:\/\/www.helenefm.com\/wordpress\/wp-content\/uploads\/2014\/01\/Pompiers8.jpg","width":800,"height":531},{"@type":"BreadcrumbList","@id":"https:\/\/www.helenefm.com\/?p=69997#breadcrumb","itemListElement":[{"@type":"ListItem","position":1,"name":"Accueil","item":"https:\/\/www.helenefm.com\/"},{"@type":"ListItem","position":2,"name":"Charente-Maritime : le 18 est tomb\u00e9 en panne"}]},{"@type":"WebSite","@id":"https:\/\/www.helenefm.com\/#website","url":"https:\/\/www.helenefm.com\/","name":"H\u00c9L\u00c8NE FM","description":"","publisher":{"@id":"https:\/\/www.helenefm.com\/#organization"},"potentialAction":[{"@type":"SearchAction","target":{"@type":"EntryPoint","urlTemplate":"https:\/\/www.helenefm.com\/?s={search_term_string}"},"query-input":{"@type":"PropertyValueSpecification","valueRequired":true,"valueName":"search_term_string"}}],"inLanguage":"fr-FR"},{"@type":"Organization","@id":"https:\/\/www.helenefm.com\/#organization","name":"H\u00c9L\u00c8NE FM","url":"https:\/\/www.helenefm.com\/","logo":{"@type":"ImageObject","inLanguage":"fr-FR","@id":"https:\/\/www.helenefm.com\/#\/schema\/logo\/image\/","url":"https:\/\/www.helenefm.com\/wordpress\/wp-content\/uploads\/2018\/05\/cropped-cropped-logo-helene-fm-512x512-1.jpg","contentUrl":"https:\/\/www.helenefm.com\/wordpress\/wp-content\/uploads\/2018\/05\/cropped-cropped-logo-helene-fm-512x512-1.jpg","width":512,"height":512,"caption":"H\u00c9L\u00c8NE FM"},"image":{"@id":"https:\/\/www.helenefm.com\/#\/schema\/logo\/image\/"},"sameAs":["https:\/\/www.facebook.com\/profile.php?id=100027030383449","https:\/\/x.com\/HELENE_FM","https:\/\/www.instagram.com\/helene__fm\/"]},{"@type":"Person","@id":"https:\/\/www.helenefm.com\/#\/schema\/person\/fb04a82ede6f9fb2208a8b9eddd8ecfb","name":"R\u00e9daction","image":{"@type":"ImageObject","inLanguage":"fr-FR","@id":"https:\/\/secure.gravatar.com\/avatar\/e27376be9ce9d76a824c6eabb367e5b2ed263ed34a5b8cf79d455d67b1e2a424?s=96&d=mm&r=g","url":"https:\/\/secure.gravatar.com\/avatar\/e27376be9ce9d76a824c6eabb367e5b2ed263ed34a5b8cf79d455d67b1e2a424?s=96&d=mm&r=g","contentUrl":"https:\/\/secure.gravatar.com\/avatar\/e27376be9ce9d76a824c6eabb367e5b2ed263ed34a5b8cf79d455d67b1e2a424?s=96&d=mm&r=g","caption":"R\u00e9daction"},"url":"https:\/\/www.helenefm.com\/?author=1"}]}},"views":95,"jetpack_publicize_connections":[],"jetpack_featured_media_url":"https:\/\/www.helenefm.com\/wordpress\/wp-content\/uploads\/2014\/01\/Pompiers8.jpg","jetpack_sharing_enabled":true,"jetpack_shortlink":"https:\/\/wp.me\/p48eP9-icZ","_links":{"self":[{"href":"https:\/\/www.helenefm.com\/index.php?rest_route=\/wp\/v2\/posts\/69997","targetHints":{"allow":["GET"]}}],"collection":[{"href":"https:\/\/www.helenefm.com\/index.php?rest_route=\/wp\/v2\/posts"}],"about":[{"href":"https:\/\/www.helenefm.com\/index.php?rest_route=\/wp\/v2\/types\/post"}],"author":[{"embeddable":true,"href":"https:\/\/www.helenefm.com\/index.php?rest_route=\/wp\/v2\/users\/1"}],"replies":[{"embeddable":true,"href":"https:\/\/www.helenefm.com\/index.php?rest_route=%2Fwp%2Fv2%2Fcomments&post=69997"}],"version-history":[{"count":1,"href":"https:\/\/www.helenefm.com\/index.php?rest_route=\/wp\/v2\/posts\/69997\/revisions"}],"predecessor-version":[{"id":69998,"href":"https:\/\/www.helenefm.com\/index.php?rest_route=\/wp\/v2\/posts\/69997\/revisions\/69998"}],"wp:featuredmedia":[{"embeddable":true,"href":"https:\/\/www.helenefm.com\/index.php?rest_route=\/wp\/v2\/media\/1261"}],"wp:attachment":[{"href":"https:\/\/www.helenefm.com\/index.php?rest_route=%2Fwp%2Fv2%2Fmedia&parent=69997"}],"wp:term":[{"taxonomy":"category","embeddable":true,"href":"https:\/\/www.helenefm.com\/index.php?rest_route=%2Fwp%2Fv2%2Fcategories&post=69997"},{"taxonomy":"post_tag","embeddable":true,"href":"https:\/\/www.helenefm.com\/index.php?rest_route=%2Fwp%2Fv2%2Ftags&post=69997"}],"curies":[{"name":"wp","href":"https:\/\/api.w.org\/{rel}","templated":true}]}}