{"id":69988,"date":"2026-04-29T12:00:18","date_gmt":"2026-04-29T10:00:18","guid":{"rendered":"https:\/\/www.helenefm.com\/?p=69988"},"modified":"2026-04-29T12:00:18","modified_gmt":"2026-04-29T10:00:18","slug":"royan-les-moutons-sont-de-retour","status":"publish","type":"post","link":"https:\/\/www.helenefm.com\/?p=69988","title":{"rendered":"Royan : les moutons sont de retour"},"content":{"rendered":"<p>Les moutons sont de retour en ville \u00e0 Royan. La saison de l\u2019\u00e9co-p\u00e2turage reprend ce mercredi. La Ville relance son dispositif sur plusieurs terrains communaux. Une mani\u00e8re \u00e9cologique d\u2019entretenir les espaces verts, tout en favorisant la biodiversit\u00e9.<br \/>\n\u00c0 Royan, l\u2019\u00e9co-p\u00e2turage s\u2019inscrit d\u00e9sormais dans le paysage. Depuis 2016, la commune fait appel \u00e0 l\u2019association Les Moutonniers de l\u2019Estuaire pour entretenir certains terrains difficiles d\u2019acc\u00e8s ou sensibles. Objectif : limiter l\u2019usage des engins m\u00e9caniques et pr\u00e9server l\u2019environnement. Deux sites sont concern\u00e9s : une prairie proche des jardins familiaux du Vallon de Ration, et un terrain plus vaste le long de l\u2019avenue du Qu\u00e9bec. Au total, pr\u00e8s de 18 000 m\u00b2 d\u2019espaces verts entretenus naturellement. Avec le retour des beaux jours, les animaux font leur arriv\u00e9e ce mercredi apr\u00e8s-midi. Cette ann\u00e9e, une poign\u00e9e de jeunes brebis (des agnelles) ont \u00e9t\u00e9 privil\u00e9gi\u00e9es, afin de ne pas d\u00e9placer des animaux en p\u00e9riode de gestation. Deux moutons sur le site de Ration, et un petit groupe de six \u00e0 sept individus avenue du Qu\u00e9bec. Et ils ne seront pas seuls : l\u2019\u00e2ne Shrek doit lui aussi faire son retour. Les animaux vont p\u00e2turer librement jusqu\u2019\u00e0 l\u2019automne, avant de retrouver la bergerie pour l\u2019hiver. Une m\u00e9thode dite \u00ab extensive \u00bb qui permet de conserver une v\u00e9g\u00e9tation vari\u00e9e, favorable \u00e0 la biodiversit\u00e9. R\u00e9sultat : moins de tontes m\u00e9caniques, seulement une \u00e0 deux par an, et une gestion plus douce des espaces verts.<br \/>\nEt si vous voulez voir les animaux arriver, rendez-vous cet apr\u00e8s-midi \u00e0 14h30, sur le parking \u00e0 droite de l\u2019Institut de Formation de Royan.<\/p>\n","protected":false},"excerpt":{"rendered":"<p>Les moutons sont de retour en ville \u00e0 Royan. La saison de l\u2019\u00e9co-p\u00e2turage reprend ce mercredi. La Ville relance son dispositif sur plusieurs terrains communaux. Une mani\u00e8re \u00e9cologique d\u2019entretenir les espaces verts,<a class=\"moretag\" href=\"https:\/\/www.helenefm.com\/?p=69988\">Lire la suite&#8230;<\/a><\/p>\n","protected":false},"author":1,"featured_media":49452,"comment_status":"closed","ping_status":"closed","sticky":false,"template":"","format":"standard","meta":{"_monsterinsights_skip_tracking":false,"_monsterinsights_sitenote_active":false,"_monsterinsights_sitenote_note":"","_monsterinsights_sitenote_category":0,"jetpack_post_was_ever_published":false,"_jetpack_newsletter_access":"","_jetpack_dont_email_post_to_subs":false,"_jetpack_newsletter_tier_id":0,"_jetpack_memberships_contains_paywalled_content":false,"_jetpack_memberships_contains_paid_content":false,"footnotes":"","jetpack_publicize_message":"","jetpack_publicize_feature_enabled":true,"jetpack_social_post_already_shared":true,"jetpack_social_options":{"image_generator_settings":{"template":"highway","default_image_id":0,"font":"","enabled":false},"version":2}},"categories":[103],"tags":[45],"class_list":["post-69988","post","type-post","status-publish","format-standard","has-post-thumbnail","hentry","category-fil-infos-redaction","tag-royan"],"yoast_head":"<!-- This site is optimized with the Yoast SEO plugin v27.5 - https:\/\/yoast.com\/product\/yoast-seo-wordpress\/ -->\n<title>Royan : les moutons sont de retour - HELENE FM<\/title>\n<meta name=\"robots\" content=\"index, follow, max-snippet:-1, max-image-preview:large, max-video-preview:-1\" \/>\n<link rel=\"canonical\" href=\"https:\/\/www.helenefm.com\/?p=69988\" \/>\n<meta property=\"og:locale\" content=\"fr_FR\" \/>\n<meta property=\"og:type\" content=\"article\" \/>\n<meta property=\"og:title\" content=\"Royan : les moutons sont de retour - HELENE FM\" \/>\n<meta property=\"og:description\" content=\"Les moutons sont de retour en ville \u00e0 Royan. La saison de l\u2019\u00e9co-p\u00e2turage reprend ce mercredi. La Ville relance son dispositif sur plusieurs terrains communaux. Une mani\u00e8re \u00e9cologique d\u2019entretenir les espaces verts,Lire la suite...\" \/>\n<meta property=\"og:url\" content=\"https:\/\/www.helenefm.com\/?p=69988\" \/>\n<meta property=\"og:site_name\" content=\"HELENE FM\" \/>\n<meta property=\"article:publisher\" content=\"https:\/\/www.facebook.com\/profile.php?id=100027030383449\" \/>\n<meta property=\"article:published_time\" content=\"2026-04-29T10:00:18+00:00\" \/>\n<meta property=\"og:image\" content=\"https:\/\/www.helenefm.com\/wordpress\/wp-content\/uploads\/2022\/04\/moutons-eco-paturage-royan.jpg\" \/>\n\t<meta property=\"og:image:width\" content=\"1200\" \/>\n\t<meta property=\"og:image:height\" content=\"900\" \/>\n\t<meta property=\"og:image:type\" content=\"image\/jpeg\" \/>\n<meta name=\"author\" content=\"R\u00e9daction\" \/>\n<meta name=\"twitter:card\" content=\"summary_large_image\" \/>\n<meta name=\"twitter:creator\" content=\"@HELENE_FM\" \/>\n<meta name=\"twitter:site\" content=\"@HELENE_FM\" \/>\n<meta name=\"twitter:label1\" content=\"\u00c9crit par\" \/>\n\t<meta name=\"twitter:data1\" content=\"R\u00e9daction\" \/>\n\t<meta name=\"twitter:label2\" content=\"Dur\u00e9e de lecture estim\u00e9e\" \/>\n\t<meta name=\"twitter:data2\" content=\"1 minute\" \/>\n<script type=\"application\/ld+json\" class=\"yoast-schema-graph\">{\"@context\":\"https:\\\/\\\/schema.org\",\"@graph\":[{\"@type\":\"Article\",\"@id\":\"https:\\\/\\\/www.helenefm.com\\\/?p=69988#article\",\"isPartOf\":{\"@id\":\"https:\\\/\\\/www.helenefm.com\\\/?p=69988\"},\"author\":{\"name\":\"R\u00e9daction\",\"@id\":\"https:\\\/\\\/www.helenefm.com\\\/#\\\/schema\\\/person\\\/fb04a82ede6f9fb2208a8b9eddd8ecfb\"},\"headline\":\"Royan : les moutons sont de retour\",\"datePublished\":\"2026-04-29T10:00:18+00:00\",\"mainEntityOfPage\":{\"@id\":\"https:\\\/\\\/www.helenefm.com\\\/?p=69988\"},\"wordCount\":289,\"publisher\":{\"@id\":\"https:\\\/\\\/www.helenefm.com\\\/#organization\"},\"image\":{\"@id\":\"https:\\\/\\\/www.helenefm.com\\\/?p=69988#primaryimage\"},\"thumbnailUrl\":\"https:\\\/\\\/www.helenefm.com\\\/wordpress\\\/wp-content\\\/uploads\\\/2022\\\/04\\\/moutons-eco-paturage-royan.jpg\",\"keywords\":[\"ROYAN\"],\"articleSection\":[\"L'INFO LOCALE EN CONTINU\"],\"inLanguage\":\"fr-FR\"},{\"@type\":\"WebPage\",\"@id\":\"https:\\\/\\\/www.helenefm.com\\\/?p=69988\",\"url\":\"https:\\\/\\\/www.helenefm.com\\\/?p=69988\",\"name\":\"Royan : les moutons sont de retour - HELENE FM\",\"isPartOf\":{\"@id\":\"https:\\\/\\\/www.helenefm.com\\\/#website\"},\"primaryImageOfPage\":{\"@id\":\"https:\\\/\\\/www.helenefm.com\\\/?p=69988#primaryimage\"},\"image\":{\"@id\":\"https:\\\/\\\/www.helenefm.com\\\/?p=69988#primaryimage\"},\"thumbnailUrl\":\"https:\\\/\\\/www.helenefm.com\\\/wordpress\\\/wp-content\\\/uploads\\\/2022\\\/04\\\/moutons-eco-paturage-royan.jpg\",\"datePublished\":\"2026-04-29T10:00:18+00:00\",\"breadcrumb\":{\"@id\":\"https:\\\/\\\/www.helenefm.com\\\/?p=69988#breadcrumb\"},\"inLanguage\":\"fr-FR\",\"potentialAction\":[{\"@type\":\"ReadAction\",\"target\":[\"https:\\\/\\\/www.helenefm.com\\\/?p=69988\"]}]},{\"@type\":\"ImageObject\",\"inLanguage\":\"fr-FR\",\"@id\":\"https:\\\/\\\/www.helenefm.com\\\/?p=69988#primaryimage\",\"url\":\"https:\\\/\\\/www.helenefm.com\\\/wordpress\\\/wp-content\\\/uploads\\\/2022\\\/04\\\/moutons-eco-paturage-royan.jpg\",\"contentUrl\":\"https:\\\/\\\/www.helenefm.com\\\/wordpress\\\/wp-content\\\/uploads\\\/2022\\\/04\\\/moutons-eco-paturage-royan.jpg\",\"width\":1200,\"height\":900},{\"@type\":\"BreadcrumbList\",\"@id\":\"https:\\\/\\\/www.helenefm.com\\\/?p=69988#breadcrumb\",\"itemListElement\":[{\"@type\":\"ListItem\",\"position\":1,\"name\":\"Accueil\",\"item\":\"https:\\\/\\\/www.helenefm.com\\\/\"},{\"@type\":\"ListItem\",\"position\":2,\"name\":\"Royan : les moutons sont de retour\"}]},{\"@type\":\"WebSite\",\"@id\":\"https:\\\/\\\/www.helenefm.com\\\/#website\",\"url\":\"https:\\\/\\\/www.helenefm.com\\\/\",\"name\":\"H\u00c9L\u00c8NE FM\",\"description\":\"\",\"publisher\":{\"@id\":\"https:\\\/\\\/www.helenefm.com\\\/#organization\"},\"potentialAction\":[{\"@type\":\"SearchAction\",\"target\":{\"@type\":\"EntryPoint\",\"urlTemplate\":\"https:\\\/\\\/www.helenefm.com\\\/?s={search_term_string}\"},\"query-input\":{\"@type\":\"PropertyValueSpecification\",\"valueRequired\":true,\"valueName\":\"search_term_string\"}}],\"inLanguage\":\"fr-FR\"},{\"@type\":\"Organization\",\"@id\":\"https:\\\/\\\/www.helenefm.com\\\/#organization\",\"name\":\"H\u00c9L\u00c8NE FM\",\"url\":\"https:\\\/\\\/www.helenefm.com\\\/\",\"logo\":{\"@type\":\"ImageObject\",\"inLanguage\":\"fr-FR\",\"@id\":\"https:\\\/\\\/www.helenefm.com\\\/#\\\/schema\\\/logo\\\/image\\\/\",\"url\":\"https:\\\/\\\/www.helenefm.com\\\/wordpress\\\/wp-content\\\/uploads\\\/2018\\\/05\\\/cropped-cropped-logo-helene-fm-512x512-1.jpg\",\"contentUrl\":\"https:\\\/\\\/www.helenefm.com\\\/wordpress\\\/wp-content\\\/uploads\\\/2018\\\/05\\\/cropped-cropped-logo-helene-fm-512x512-1.jpg\",\"width\":512,\"height\":512,\"caption\":\"H\u00c9L\u00c8NE FM\"},\"image\":{\"@id\":\"https:\\\/\\\/www.helenefm.com\\\/#\\\/schema\\\/logo\\\/image\\\/\"},\"sameAs\":[\"https:\\\/\\\/www.facebook.com\\\/profile.php?id=100027030383449\",\"https:\\\/\\\/x.com\\\/HELENE_FM\",\"https:\\\/\\\/www.instagram.com\\\/helene__fm\\\/\"]},{\"@type\":\"Person\",\"@id\":\"https:\\\/\\\/www.helenefm.com\\\/#\\\/schema\\\/person\\\/fb04a82ede6f9fb2208a8b9eddd8ecfb\",\"name\":\"R\u00e9daction\",\"image\":{\"@type\":\"ImageObject\",\"inLanguage\":\"fr-FR\",\"@id\":\"https:\\\/\\\/secure.gravatar.com\\\/avatar\\\/e27376be9ce9d76a824c6eabb367e5b2ed263ed34a5b8cf79d455d67b1e2a424?s=96&d=mm&r=g\",\"url\":\"https:\\\/\\\/secure.gravatar.com\\\/avatar\\\/e27376be9ce9d76a824c6eabb367e5b2ed263ed34a5b8cf79d455d67b1e2a424?s=96&d=mm&r=g\",\"contentUrl\":\"https:\\\/\\\/secure.gravatar.com\\\/avatar\\\/e27376be9ce9d76a824c6eabb367e5b2ed263ed34a5b8cf79d455d67b1e2a424?s=96&d=mm&r=g\",\"caption\":\"R\u00e9daction\"},\"url\":\"https:\\\/\\\/www.helenefm.com\\\/?author=1\"}]}<\/script>\n<!-- \/ Yoast SEO plugin. -->","yoast_head_json":{"title":"Royan : les moutons sont de retour - HELENE FM","robots":{"index":"index","follow":"follow","max-snippet":"max-snippet:-1","max-image-preview":"max-image-preview:large","max-video-preview":"max-video-preview:-1"},"canonical":"https:\/\/www.helenefm.com\/?p=69988","og_locale":"fr_FR","og_type":"article","og_title":"Royan : les moutons sont de retour - HELENE FM","og_description":"Les moutons sont de retour en ville \u00e0 Royan. La saison de l\u2019\u00e9co-p\u00e2turage reprend ce mercredi. La Ville relance son dispositif sur plusieurs terrains communaux. Une mani\u00e8re \u00e9cologique d\u2019entretenir les espaces verts,Lire la suite...","og_url":"https:\/\/www.helenefm.com\/?p=69988","og_site_name":"HELENE FM","article_publisher":"https:\/\/www.facebook.com\/profile.php?id=100027030383449","article_published_time":"2026-04-29T10:00:18+00:00","og_image":[{"width":1200,"height":900,"url":"https:\/\/www.helenefm.com\/wordpress\/wp-content\/uploads\/2022\/04\/moutons-eco-paturage-royan.jpg","type":"image\/jpeg"}],"author":"R\u00e9daction","twitter_card":"summary_large_image","twitter_creator":"@HELENE_FM","twitter_site":"@HELENE_FM","twitter_misc":{"\u00c9crit par":"R\u00e9daction","Dur\u00e9e de lecture estim\u00e9e":"1 minute"},"schema":{"@context":"https:\/\/schema.org","@graph":[{"@type":"Article","@id":"https:\/\/www.helenefm.com\/?p=69988#article","isPartOf":{"@id":"https:\/\/www.helenefm.com\/?p=69988"},"author":{"name":"R\u00e9daction","@id":"https:\/\/www.helenefm.com\/#\/schema\/person\/fb04a82ede6f9fb2208a8b9eddd8ecfb"},"headline":"Royan : les moutons sont de retour","datePublished":"2026-04-29T10:00:18+00:00","mainEntityOfPage":{"@id":"https:\/\/www.helenefm.com\/?p=69988"},"wordCount":289,"publisher":{"@id":"https:\/\/www.helenefm.com\/#organization"},"image":{"@id":"https:\/\/www.helenefm.com\/?p=69988#primaryimage"},"thumbnailUrl":"https:\/\/www.helenefm.com\/wordpress\/wp-content\/uploads\/2022\/04\/moutons-eco-paturage-royan.jpg","keywords":["ROYAN"],"articleSection":["L'INFO LOCALE EN CONTINU"],"inLanguage":"fr-FR"},{"@type":"WebPage","@id":"https:\/\/www.helenefm.com\/?p=69988","url":"https:\/\/www.helenefm.com\/?p=69988","name":"Royan : les moutons sont de retour - HELENE FM","isPartOf":{"@id":"https:\/\/www.helenefm.com\/#website"},"primaryImageOfPage":{"@id":"https:\/\/www.helenefm.com\/?p=69988#primaryimage"},"image":{"@id":"https:\/\/www.helenefm.com\/?p=69988#primaryimage"},"thumbnailUrl":"https:\/\/www.helenefm.com\/wordpress\/wp-content\/uploads\/2022\/04\/moutons-eco-paturage-royan.jpg","datePublished":"2026-04-29T10:00:18+00:00","breadcrumb":{"@id":"https:\/\/www.helenefm.com\/?p=69988#breadcrumb"},"inLanguage":"fr-FR","potentialAction":[{"@type":"ReadAction","target":["https:\/\/www.helenefm.com\/?p=69988"]}]},{"@type":"ImageObject","inLanguage":"fr-FR","@id":"https:\/\/www.helenefm.com\/?p=69988#primaryimage","url":"https:\/\/www.helenefm.com\/wordpress\/wp-content\/uploads\/2022\/04\/moutons-eco-paturage-royan.jpg","contentUrl":"https:\/\/www.helenefm.com\/wordpress\/wp-content\/uploads\/2022\/04\/moutons-eco-paturage-royan.jpg","width":1200,"height":900},{"@type":"BreadcrumbList","@id":"https:\/\/www.helenefm.com\/?p=69988#breadcrumb","itemListElement":[{"@type":"ListItem","position":1,"name":"Accueil","item":"https:\/\/www.helenefm.com\/"},{"@type":"ListItem","position":2,"name":"Royan : les moutons sont de retour"}]},{"@type":"WebSite","@id":"https:\/\/www.helenefm.com\/#website","url":"https:\/\/www.helenefm.com\/","name":"H\u00c9L\u00c8NE FM","description":"","publisher":{"@id":"https:\/\/www.helenefm.com\/#organization"},"potentialAction":[{"@type":"SearchAction","target":{"@type":"EntryPoint","urlTemplate":"https:\/\/www.helenefm.com\/?s={search_term_string}"},"query-input":{"@type":"PropertyValueSpecification","valueRequired":true,"valueName":"search_term_string"}}],"inLanguage":"fr-FR"},{"@type":"Organization","@id":"https:\/\/www.helenefm.com\/#organization","name":"H\u00c9L\u00c8NE FM","url":"https:\/\/www.helenefm.com\/","logo":{"@type":"ImageObject","inLanguage":"fr-FR","@id":"https:\/\/www.helenefm.com\/#\/schema\/logo\/image\/","url":"https:\/\/www.helenefm.com\/wordpress\/wp-content\/uploads\/2018\/05\/cropped-cropped-logo-helene-fm-512x512-1.jpg","contentUrl":"https:\/\/www.helenefm.com\/wordpress\/wp-content\/uploads\/2018\/05\/cropped-cropped-logo-helene-fm-512x512-1.jpg","width":512,"height":512,"caption":"H\u00c9L\u00c8NE FM"},"image":{"@id":"https:\/\/www.helenefm.com\/#\/schema\/logo\/image\/"},"sameAs":["https:\/\/www.facebook.com\/profile.php?id=100027030383449","https:\/\/x.com\/HELENE_FM","https:\/\/www.instagram.com\/helene__fm\/"]},{"@type":"Person","@id":"https:\/\/www.helenefm.com\/#\/schema\/person\/fb04a82ede6f9fb2208a8b9eddd8ecfb","name":"R\u00e9daction","image":{"@type":"ImageObject","inLanguage":"fr-FR","@id":"https:\/\/secure.gravatar.com\/avatar\/e27376be9ce9d76a824c6eabb367e5b2ed263ed34a5b8cf79d455d67b1e2a424?s=96&d=mm&r=g","url":"https:\/\/secure.gravatar.com\/avatar\/e27376be9ce9d76a824c6eabb367e5b2ed263ed34a5b8cf79d455d67b1e2a424?s=96&d=mm&r=g","contentUrl":"https:\/\/secure.gravatar.com\/avatar\/e27376be9ce9d76a824c6eabb367e5b2ed263ed34a5b8cf79d455d67b1e2a424?s=96&d=mm&r=g","caption":"R\u00e9daction"},"url":"https:\/\/www.helenefm.com\/?author=1"}]}},"views":71,"jetpack_publicize_connections":[],"jetpack_featured_media_url":"https:\/\/www.helenefm.com\/wordpress\/wp-content\/uploads\/2022\/04\/moutons-eco-paturage-royan.jpg","jetpack_sharing_enabled":true,"jetpack_shortlink":"https:\/\/wp.me\/p48eP9-icQ","_links":{"self":[{"href":"https:\/\/www.helenefm.com\/index.php?rest_route=\/wp\/v2\/posts\/69988","targetHints":{"allow":["GET"]}}],"collection":[{"href":"https:\/\/www.helenefm.com\/index.php?rest_route=\/wp\/v2\/posts"}],"about":[{"href":"https:\/\/www.helenefm.com\/index.php?rest_route=\/wp\/v2\/types\/post"}],"author":[{"embeddable":true,"href":"https:\/\/www.helenefm.com\/index.php?rest_route=\/wp\/v2\/users\/1"}],"replies":[{"embeddable":true,"href":"https:\/\/www.helenefm.com\/index.php?rest_route=%2Fwp%2Fv2%2Fcomments&post=69988"}],"version-history":[{"count":1,"href":"https:\/\/www.helenefm.com\/index.php?rest_route=\/wp\/v2\/posts\/69988\/revisions"}],"predecessor-version":[{"id":69989,"href":"https:\/\/www.helenefm.com\/index.php?rest_route=\/wp\/v2\/posts\/69988\/revisions\/69989"}],"wp:featuredmedia":[{"embeddable":true,"href":"https:\/\/www.helenefm.com\/index.php?rest_route=\/wp\/v2\/media\/49452"}],"wp:attachment":[{"href":"https:\/\/www.helenefm.com\/index.php?rest_route=%2Fwp%2Fv2%2Fmedia&parent=69988"}],"wp:term":[{"taxonomy":"category","embeddable":true,"href":"https:\/\/www.helenefm.com\/index.php?rest_route=%2Fwp%2Fv2%2Fcategories&post=69988"},{"taxonomy":"post_tag","embeddable":true,"href":"https:\/\/www.helenefm.com\/index.php?rest_route=%2Fwp%2Fv2%2Ftags&post=69988"}],"curies":[{"name":"wp","href":"https:\/\/api.w.org\/{rel}","templated":true}]}}