{"id":69985,"date":"2026-04-29T11:58:24","date_gmt":"2026-04-29T09:58:24","guid":{"rendered":"https:\/\/www.helenefm.com\/?p=69985"},"modified":"2026-04-29T11:58:24","modified_gmt":"2026-04-29T09:58:24","slug":"royan-soiree-exceptionnelle-pour-la-sortie-du-film-le-diable-shabille-en-prada-2","status":"publish","type":"post","link":"https:\/\/www.helenefm.com\/?p=69985","title":{"rendered":"Royan : soir\u00e9e exceptionnelle pour la sortie du film \u00ab\u00a0Le diable s&rsquo;habille en Prada 2\u00a0\u00bb"},"content":{"rendered":"<p><img loading=\"lazy\" decoding=\"async\" data-attachment-id=\"69986\" data-permalink=\"https:\/\/www.helenefm.com\/?attachment_id=69986\" data-orig-file=\"https:\/\/www.helenefm.com\/wordpress\/wp-content\/uploads\/2026\/04\/0b6d0b00d5fe060cc9b8500e7bf741bf.webp\" data-orig-size=\"310,420\" data-comments-opened=\"0\" data-image-meta=\"{&quot;aperture&quot;:&quot;0&quot;,&quot;credit&quot;:&quot;&quot;,&quot;camera&quot;:&quot;&quot;,&quot;caption&quot;:&quot;&quot;,&quot;created_timestamp&quot;:&quot;0&quot;,&quot;copyright&quot;:&quot;&quot;,&quot;focal_length&quot;:&quot;0&quot;,&quot;iso&quot;:&quot;0&quot;,&quot;shutter_speed&quot;:&quot;0&quot;,&quot;title&quot;:&quot;&quot;,&quot;orientation&quot;:&quot;0&quot;}\" data-image-title=\"0b6d0b00d5fe060cc9b8500e7bf741bf\" data-image-description=\"\" data-image-caption=\"\" data-large-file=\"https:\/\/www.helenefm.com\/wordpress\/wp-content\/uploads\/2026\/04\/0b6d0b00d5fe060cc9b8500e7bf741bf.webp\" class=\"size-full wp-image-69986 aligncenter\" src=\"https:\/\/www.helenefm.com\/wordpress\/wp-content\/uploads\/2026\/04\/0b6d0b00d5fe060cc9b8500e7bf741bf.webp\" alt=\"\" width=\"310\" height=\"420\" srcset=\"https:\/\/www.helenefm.com\/wordpress\/wp-content\/uploads\/2026\/04\/0b6d0b00d5fe060cc9b8500e7bf741bf.webp 310w, https:\/\/www.helenefm.com\/wordpress\/wp-content\/uploads\/2026\/04\/0b6d0b00d5fe060cc9b8500e7bf741bf-221x300.webp 221w\" sizes=\"auto, (max-width: 310px) 100vw, 310px\" \/><br \/>\nLa sortie aujourd\u2019hui au cin\u00e9ma du film \u00ab\u00a0Le diable s\u2019habille en Prada 2\u00a0\u00bb de David Frankel avec Meryl Streep, Anne Hathaway et Emily Blunt. \u00c0 cette occasion, le Lido \u00e0 Royan propose ce mercredi une soir\u00e9e exceptionnelle sous le signe du glamour et du style, avec un d\u00e9fil\u00e9 de mode d\u00e8s 19h45, la projection du film \u00e0 20h30, suivie d\u2019une coupe de champagne pour \u00e9changer autour du long-m\u00e9trage.<\/p>\n","protected":false},"excerpt":{"rendered":"<p>La sortie aujourd\u2019hui au cin\u00e9ma du film \u00ab\u00a0Le diable s\u2019habille en Prada 2\u00a0\u00bb de David Frankel avec Meryl Streep, Anne Hathaway et Emily Blunt. \u00c0 cette occasion, le Lido \u00e0 Royan propose<a class=\"moretag\" href=\"https:\/\/www.helenefm.com\/?p=69985\">Lire la suite&#8230;<\/a><\/p>\n","protected":false},"author":1,"featured_media":69986,"comment_status":"closed","ping_status":"closed","sticky":false,"template":"","format":"standard","meta":{"_monsterinsights_skip_tracking":false,"_monsterinsights_sitenote_active":false,"_monsterinsights_sitenote_note":"","_monsterinsights_sitenote_category":0,"jetpack_post_was_ever_published":false,"_jetpack_newsletter_access":"","_jetpack_dont_email_post_to_subs":false,"_jetpack_newsletter_tier_id":0,"_jetpack_memberships_contains_paywalled_content":false,"_jetpack_memberships_contains_paid_content":false,"footnotes":"","jetpack_publicize_message":"","jetpack_publicize_feature_enabled":true,"jetpack_social_post_already_shared":true,"jetpack_social_options":{"image_generator_settings":{"template":"highway","default_image_id":0,"font":"","enabled":false},"version":2}},"categories":[103,82],"tags":[45],"class_list":["post-69985","post","type-post","status-publish","format-standard","has-post-thumbnail","hentry","category-fil-infos-redaction","category-sortir","tag-royan"],"yoast_head":"<!-- This site is optimized with the Yoast SEO plugin v27.5 - https:\/\/yoast.com\/product\/yoast-seo-wordpress\/ -->\n<title>Royan : soir\u00e9e exceptionnelle pour la sortie du film &quot;Le diable s&#039;habille en Prada 2&quot; - HELENE FM<\/title>\n<meta name=\"robots\" content=\"index, follow, max-snippet:-1, max-image-preview:large, max-video-preview:-1\" \/>\n<link rel=\"canonical\" href=\"https:\/\/www.helenefm.com\/?p=69985\" \/>\n<meta property=\"og:locale\" content=\"fr_FR\" \/>\n<meta property=\"og:type\" content=\"article\" \/>\n<meta property=\"og:title\" content=\"Royan : soir\u00e9e exceptionnelle pour la sortie du film &quot;Le diable s&#039;habille en Prada 2&quot; - HELENE FM\" \/>\n<meta property=\"og:description\" content=\"La sortie aujourd\u2019hui au cin\u00e9ma du film \u00ab\u00a0Le diable s\u2019habille en Prada 2\u00a0\u00bb de David Frankel avec Meryl Streep, Anne Hathaway et Emily Blunt. \u00c0 cette occasion, le Lido \u00e0 Royan proposeLire la suite...\" \/>\n<meta property=\"og:url\" content=\"https:\/\/www.helenefm.com\/?p=69985\" \/>\n<meta property=\"og:site_name\" content=\"HELENE FM\" \/>\n<meta property=\"article:publisher\" content=\"https:\/\/www.facebook.com\/profile.php?id=100027030383449\" \/>\n<meta property=\"article:published_time\" content=\"2026-04-29T09:58:24+00:00\" \/>\n<meta property=\"og:image\" content=\"https:\/\/www.helenefm.com\/wordpress\/wp-content\/uploads\/2026\/04\/0b6d0b00d5fe060cc9b8500e7bf741bf.webp\" \/>\n\t<meta property=\"og:image:width\" content=\"310\" \/>\n\t<meta property=\"og:image:height\" content=\"420\" \/>\n\t<meta property=\"og:image:type\" content=\"image\/webp\" \/>\n<meta name=\"author\" content=\"R\u00e9daction\" \/>\n<meta name=\"twitter:card\" content=\"summary_large_image\" \/>\n<meta name=\"twitter:creator\" content=\"@HELENE_FM\" \/>\n<meta name=\"twitter:site\" content=\"@HELENE_FM\" \/>\n<meta name=\"twitter:label1\" content=\"\u00c9crit par\" \/>\n\t<meta name=\"twitter:data1\" content=\"R\u00e9daction\" \/>\n<script type=\"application\/ld+json\" class=\"yoast-schema-graph\">{\"@context\":\"https:\\\/\\\/schema.org\",\"@graph\":[{\"@type\":\"Article\",\"@id\":\"https:\\\/\\\/www.helenefm.com\\\/?p=69985#article\",\"isPartOf\":{\"@id\":\"https:\\\/\\\/www.helenefm.com\\\/?p=69985\"},\"author\":{\"name\":\"R\u00e9daction\",\"@id\":\"https:\\\/\\\/www.helenefm.com\\\/#\\\/schema\\\/person\\\/fb04a82ede6f9fb2208a8b9eddd8ecfb\"},\"headline\":\"Royan : soir\u00e9e exceptionnelle pour la sortie du film \u00ab\u00a0Le diable s&rsquo;habille en Prada 2\u00a0\u00bb\",\"datePublished\":\"2026-04-29T09:58:24+00:00\",\"mainEntityOfPage\":{\"@id\":\"https:\\\/\\\/www.helenefm.com\\\/?p=69985\"},\"wordCount\":86,\"publisher\":{\"@id\":\"https:\\\/\\\/www.helenefm.com\\\/#organization\"},\"image\":{\"@id\":\"https:\\\/\\\/www.helenefm.com\\\/?p=69985#primaryimage\"},\"thumbnailUrl\":\"https:\\\/\\\/www.helenefm.com\\\/wordpress\\\/wp-content\\\/uploads\\\/2026\\\/04\\\/0b6d0b00d5fe060cc9b8500e7bf741bf.webp\",\"keywords\":[\"ROYAN\"],\"articleSection\":[\"L'INFO LOCALE EN CONTINU\",\"SORTIR\"],\"inLanguage\":\"fr-FR\"},{\"@type\":\"WebPage\",\"@id\":\"https:\\\/\\\/www.helenefm.com\\\/?p=69985\",\"url\":\"https:\\\/\\\/www.helenefm.com\\\/?p=69985\",\"name\":\"Royan : soir\u00e9e exceptionnelle pour la sortie du film \\\"Le diable s'habille en Prada 2\\\" - HELENE FM\",\"isPartOf\":{\"@id\":\"https:\\\/\\\/www.helenefm.com\\\/#website\"},\"primaryImageOfPage\":{\"@id\":\"https:\\\/\\\/www.helenefm.com\\\/?p=69985#primaryimage\"},\"image\":{\"@id\":\"https:\\\/\\\/www.helenefm.com\\\/?p=69985#primaryimage\"},\"thumbnailUrl\":\"https:\\\/\\\/www.helenefm.com\\\/wordpress\\\/wp-content\\\/uploads\\\/2026\\\/04\\\/0b6d0b00d5fe060cc9b8500e7bf741bf.webp\",\"datePublished\":\"2026-04-29T09:58:24+00:00\",\"breadcrumb\":{\"@id\":\"https:\\\/\\\/www.helenefm.com\\\/?p=69985#breadcrumb\"},\"inLanguage\":\"fr-FR\",\"potentialAction\":[{\"@type\":\"ReadAction\",\"target\":[\"https:\\\/\\\/www.helenefm.com\\\/?p=69985\"]}]},{\"@type\":\"ImageObject\",\"inLanguage\":\"fr-FR\",\"@id\":\"https:\\\/\\\/www.helenefm.com\\\/?p=69985#primaryimage\",\"url\":\"https:\\\/\\\/www.helenefm.com\\\/wordpress\\\/wp-content\\\/uploads\\\/2026\\\/04\\\/0b6d0b00d5fe060cc9b8500e7bf741bf.webp\",\"contentUrl\":\"https:\\\/\\\/www.helenefm.com\\\/wordpress\\\/wp-content\\\/uploads\\\/2026\\\/04\\\/0b6d0b00d5fe060cc9b8500e7bf741bf.webp\",\"width\":310,\"height\":420},{\"@type\":\"BreadcrumbList\",\"@id\":\"https:\\\/\\\/www.helenefm.com\\\/?p=69985#breadcrumb\",\"itemListElement\":[{\"@type\":\"ListItem\",\"position\":1,\"name\":\"Accueil\",\"item\":\"https:\\\/\\\/www.helenefm.com\\\/\"},{\"@type\":\"ListItem\",\"position\":2,\"name\":\"Royan : soir\u00e9e exceptionnelle pour la sortie du film \u00ab\u00a0Le diable s&rsquo;habille en Prada 2\u00a0\u00bb\"}]},{\"@type\":\"WebSite\",\"@id\":\"https:\\\/\\\/www.helenefm.com\\\/#website\",\"url\":\"https:\\\/\\\/www.helenefm.com\\\/\",\"name\":\"H\u00c9L\u00c8NE FM\",\"description\":\"\",\"publisher\":{\"@id\":\"https:\\\/\\\/www.helenefm.com\\\/#organization\"},\"potentialAction\":[{\"@type\":\"SearchAction\",\"target\":{\"@type\":\"EntryPoint\",\"urlTemplate\":\"https:\\\/\\\/www.helenefm.com\\\/?s={search_term_string}\"},\"query-input\":{\"@type\":\"PropertyValueSpecification\",\"valueRequired\":true,\"valueName\":\"search_term_string\"}}],\"inLanguage\":\"fr-FR\"},{\"@type\":\"Organization\",\"@id\":\"https:\\\/\\\/www.helenefm.com\\\/#organization\",\"name\":\"H\u00c9L\u00c8NE FM\",\"url\":\"https:\\\/\\\/www.helenefm.com\\\/\",\"logo\":{\"@type\":\"ImageObject\",\"inLanguage\":\"fr-FR\",\"@id\":\"https:\\\/\\\/www.helenefm.com\\\/#\\\/schema\\\/logo\\\/image\\\/\",\"url\":\"https:\\\/\\\/www.helenefm.com\\\/wordpress\\\/wp-content\\\/uploads\\\/2018\\\/05\\\/cropped-cropped-logo-helene-fm-512x512-1.jpg\",\"contentUrl\":\"https:\\\/\\\/www.helenefm.com\\\/wordpress\\\/wp-content\\\/uploads\\\/2018\\\/05\\\/cropped-cropped-logo-helene-fm-512x512-1.jpg\",\"width\":512,\"height\":512,\"caption\":\"H\u00c9L\u00c8NE FM\"},\"image\":{\"@id\":\"https:\\\/\\\/www.helenefm.com\\\/#\\\/schema\\\/logo\\\/image\\\/\"},\"sameAs\":[\"https:\\\/\\\/www.facebook.com\\\/profile.php?id=100027030383449\",\"https:\\\/\\\/x.com\\\/HELENE_FM\",\"https:\\\/\\\/www.instagram.com\\\/helene__fm\\\/\"]},{\"@type\":\"Person\",\"@id\":\"https:\\\/\\\/www.helenefm.com\\\/#\\\/schema\\\/person\\\/fb04a82ede6f9fb2208a8b9eddd8ecfb\",\"name\":\"R\u00e9daction\",\"image\":{\"@type\":\"ImageObject\",\"inLanguage\":\"fr-FR\",\"@id\":\"https:\\\/\\\/secure.gravatar.com\\\/avatar\\\/e27376be9ce9d76a824c6eabb367e5b2ed263ed34a5b8cf79d455d67b1e2a424?s=96&d=mm&r=g\",\"url\":\"https:\\\/\\\/secure.gravatar.com\\\/avatar\\\/e27376be9ce9d76a824c6eabb367e5b2ed263ed34a5b8cf79d455d67b1e2a424?s=96&d=mm&r=g\",\"contentUrl\":\"https:\\\/\\\/secure.gravatar.com\\\/avatar\\\/e27376be9ce9d76a824c6eabb367e5b2ed263ed34a5b8cf79d455d67b1e2a424?s=96&d=mm&r=g\",\"caption\":\"R\u00e9daction\"},\"url\":\"https:\\\/\\\/www.helenefm.com\\\/?author=1\"}]}<\/script>\n<!-- \/ Yoast SEO plugin. -->","yoast_head_json":{"title":"Royan : soir\u00e9e exceptionnelle pour la sortie du film \"Le diable s'habille en Prada 2\" - HELENE FM","robots":{"index":"index","follow":"follow","max-snippet":"max-snippet:-1","max-image-preview":"max-image-preview:large","max-video-preview":"max-video-preview:-1"},"canonical":"https:\/\/www.helenefm.com\/?p=69985","og_locale":"fr_FR","og_type":"article","og_title":"Royan : soir\u00e9e exceptionnelle pour la sortie du film \"Le diable s'habille en Prada 2\" - HELENE FM","og_description":"La sortie aujourd\u2019hui au cin\u00e9ma du film \u00ab\u00a0Le diable s\u2019habille en Prada 2\u00a0\u00bb de David Frankel avec Meryl Streep, Anne Hathaway et Emily Blunt. \u00c0 cette occasion, le Lido \u00e0 Royan proposeLire la suite...","og_url":"https:\/\/www.helenefm.com\/?p=69985","og_site_name":"HELENE FM","article_publisher":"https:\/\/www.facebook.com\/profile.php?id=100027030383449","article_published_time":"2026-04-29T09:58:24+00:00","og_image":[{"width":310,"height":420,"url":"https:\/\/www.helenefm.com\/wordpress\/wp-content\/uploads\/2026\/04\/0b6d0b00d5fe060cc9b8500e7bf741bf.webp","type":"image\/webp"}],"author":"R\u00e9daction","twitter_card":"summary_large_image","twitter_creator":"@HELENE_FM","twitter_site":"@HELENE_FM","twitter_misc":{"\u00c9crit par":"R\u00e9daction"},"schema":{"@context":"https:\/\/schema.org","@graph":[{"@type":"Article","@id":"https:\/\/www.helenefm.com\/?p=69985#article","isPartOf":{"@id":"https:\/\/www.helenefm.com\/?p=69985"},"author":{"name":"R\u00e9daction","@id":"https:\/\/www.helenefm.com\/#\/schema\/person\/fb04a82ede6f9fb2208a8b9eddd8ecfb"},"headline":"Royan : soir\u00e9e exceptionnelle pour la sortie du film \u00ab\u00a0Le diable s&rsquo;habille en Prada 2\u00a0\u00bb","datePublished":"2026-04-29T09:58:24+00:00","mainEntityOfPage":{"@id":"https:\/\/www.helenefm.com\/?p=69985"},"wordCount":86,"publisher":{"@id":"https:\/\/www.helenefm.com\/#organization"},"image":{"@id":"https:\/\/www.helenefm.com\/?p=69985#primaryimage"},"thumbnailUrl":"https:\/\/www.helenefm.com\/wordpress\/wp-content\/uploads\/2026\/04\/0b6d0b00d5fe060cc9b8500e7bf741bf.webp","keywords":["ROYAN"],"articleSection":["L'INFO LOCALE EN CONTINU","SORTIR"],"inLanguage":"fr-FR"},{"@type":"WebPage","@id":"https:\/\/www.helenefm.com\/?p=69985","url":"https:\/\/www.helenefm.com\/?p=69985","name":"Royan : soir\u00e9e exceptionnelle pour la sortie du film \"Le diable s'habille en Prada 2\" - HELENE FM","isPartOf":{"@id":"https:\/\/www.helenefm.com\/#website"},"primaryImageOfPage":{"@id":"https:\/\/www.helenefm.com\/?p=69985#primaryimage"},"image":{"@id":"https:\/\/www.helenefm.com\/?p=69985#primaryimage"},"thumbnailUrl":"https:\/\/www.helenefm.com\/wordpress\/wp-content\/uploads\/2026\/04\/0b6d0b00d5fe060cc9b8500e7bf741bf.webp","datePublished":"2026-04-29T09:58:24+00:00","breadcrumb":{"@id":"https:\/\/www.helenefm.com\/?p=69985#breadcrumb"},"inLanguage":"fr-FR","potentialAction":[{"@type":"ReadAction","target":["https:\/\/www.helenefm.com\/?p=69985"]}]},{"@type":"ImageObject","inLanguage":"fr-FR","@id":"https:\/\/www.helenefm.com\/?p=69985#primaryimage","url":"https:\/\/www.helenefm.com\/wordpress\/wp-content\/uploads\/2026\/04\/0b6d0b00d5fe060cc9b8500e7bf741bf.webp","contentUrl":"https:\/\/www.helenefm.com\/wordpress\/wp-content\/uploads\/2026\/04\/0b6d0b00d5fe060cc9b8500e7bf741bf.webp","width":310,"height":420},{"@type":"BreadcrumbList","@id":"https:\/\/www.helenefm.com\/?p=69985#breadcrumb","itemListElement":[{"@type":"ListItem","position":1,"name":"Accueil","item":"https:\/\/www.helenefm.com\/"},{"@type":"ListItem","position":2,"name":"Royan : soir\u00e9e exceptionnelle pour la sortie du film \u00ab\u00a0Le diable s&rsquo;habille en Prada 2\u00a0\u00bb"}]},{"@type":"WebSite","@id":"https:\/\/www.helenefm.com\/#website","url":"https:\/\/www.helenefm.com\/","name":"H\u00c9L\u00c8NE FM","description":"","publisher":{"@id":"https:\/\/www.helenefm.com\/#organization"},"potentialAction":[{"@type":"SearchAction","target":{"@type":"EntryPoint","urlTemplate":"https:\/\/www.helenefm.com\/?s={search_term_string}"},"query-input":{"@type":"PropertyValueSpecification","valueRequired":true,"valueName":"search_term_string"}}],"inLanguage":"fr-FR"},{"@type":"Organization","@id":"https:\/\/www.helenefm.com\/#organization","name":"H\u00c9L\u00c8NE FM","url":"https:\/\/www.helenefm.com\/","logo":{"@type":"ImageObject","inLanguage":"fr-FR","@id":"https:\/\/www.helenefm.com\/#\/schema\/logo\/image\/","url":"https:\/\/www.helenefm.com\/wordpress\/wp-content\/uploads\/2018\/05\/cropped-cropped-logo-helene-fm-512x512-1.jpg","contentUrl":"https:\/\/www.helenefm.com\/wordpress\/wp-content\/uploads\/2018\/05\/cropped-cropped-logo-helene-fm-512x512-1.jpg","width":512,"height":512,"caption":"H\u00c9L\u00c8NE FM"},"image":{"@id":"https:\/\/www.helenefm.com\/#\/schema\/logo\/image\/"},"sameAs":["https:\/\/www.facebook.com\/profile.php?id=100027030383449","https:\/\/x.com\/HELENE_FM","https:\/\/www.instagram.com\/helene__fm\/"]},{"@type":"Person","@id":"https:\/\/www.helenefm.com\/#\/schema\/person\/fb04a82ede6f9fb2208a8b9eddd8ecfb","name":"R\u00e9daction","image":{"@type":"ImageObject","inLanguage":"fr-FR","@id":"https:\/\/secure.gravatar.com\/avatar\/e27376be9ce9d76a824c6eabb367e5b2ed263ed34a5b8cf79d455d67b1e2a424?s=96&d=mm&r=g","url":"https:\/\/secure.gravatar.com\/avatar\/e27376be9ce9d76a824c6eabb367e5b2ed263ed34a5b8cf79d455d67b1e2a424?s=96&d=mm&r=g","contentUrl":"https:\/\/secure.gravatar.com\/avatar\/e27376be9ce9d76a824c6eabb367e5b2ed263ed34a5b8cf79d455d67b1e2a424?s=96&d=mm&r=g","caption":"R\u00e9daction"},"url":"https:\/\/www.helenefm.com\/?author=1"}]}},"views":84,"jetpack_publicize_connections":[],"jetpack_featured_media_url":"https:\/\/www.helenefm.com\/wordpress\/wp-content\/uploads\/2026\/04\/0b6d0b00d5fe060cc9b8500e7bf741bf.webp","jetpack_sharing_enabled":true,"jetpack_shortlink":"https:\/\/wp.me\/p48eP9-icN","_links":{"self":[{"href":"https:\/\/www.helenefm.com\/index.php?rest_route=\/wp\/v2\/posts\/69985","targetHints":{"allow":["GET"]}}],"collection":[{"href":"https:\/\/www.helenefm.com\/index.php?rest_route=\/wp\/v2\/posts"}],"about":[{"href":"https:\/\/www.helenefm.com\/index.php?rest_route=\/wp\/v2\/types\/post"}],"author":[{"embeddable":true,"href":"https:\/\/www.helenefm.com\/index.php?rest_route=\/wp\/v2\/users\/1"}],"replies":[{"embeddable":true,"href":"https:\/\/www.helenefm.com\/index.php?rest_route=%2Fwp%2Fv2%2Fcomments&post=69985"}],"version-history":[{"count":1,"href":"https:\/\/www.helenefm.com\/index.php?rest_route=\/wp\/v2\/posts\/69985\/revisions"}],"predecessor-version":[{"id":69987,"href":"https:\/\/www.helenefm.com\/index.php?rest_route=\/wp\/v2\/posts\/69985\/revisions\/69987"}],"wp:featuredmedia":[{"embeddable":true,"href":"https:\/\/www.helenefm.com\/index.php?rest_route=\/wp\/v2\/media\/69986"}],"wp:attachment":[{"href":"https:\/\/www.helenefm.com\/index.php?rest_route=%2Fwp%2Fv2%2Fmedia&parent=69985"}],"wp:term":[{"taxonomy":"category","embeddable":true,"href":"https:\/\/www.helenefm.com\/index.php?rest_route=%2Fwp%2Fv2%2Fcategories&post=69985"},{"taxonomy":"post_tag","embeddable":true,"href":"https:\/\/www.helenefm.com\/index.php?rest_route=%2Fwp%2Fv2%2Ftags&post=69985"}],"curies":[{"name":"wp","href":"https:\/\/api.w.org\/{rel}","templated":true}]}}