{"id":69972,"date":"2026-04-28T10:28:29","date_gmt":"2026-04-28T08:28:29","guid":{"rendered":"https:\/\/www.helenefm.com\/?p=69972"},"modified":"2026-04-28T10:28:29","modified_gmt":"2026-04-28T08:28:29","slug":"scene-ouverte-avec-le-duo-allan-samantha","status":"publish","type":"post","link":"https:\/\/www.helenefm.com\/?p=69972","title":{"rendered":"Sc\u00e8ne ouverte avec le duo Allan &#038; Samantha"},"content":{"rendered":"<div id=\"attachment_69973\" style=\"width: 1510px\" class=\"wp-caption aligncenter\"><img loading=\"lazy\" decoding=\"async\" aria-describedby=\"caption-attachment-69973\" data-attachment-id=\"69973\" data-permalink=\"https:\/\/www.helenefm.com\/?attachment_id=69973\" data-orig-file=\"https:\/\/www.helenefm.com\/wordpress\/wp-content\/uploads\/2026\/04\/Allan-et-Samantha-1.jpg\" data-orig-size=\"1500,1056\" data-comments-opened=\"0\" data-image-meta=\"{&quot;aperture&quot;:&quot;1.89&quot;,&quot;credit&quot;:&quot;&quot;,&quot;camera&quot;:&quot;2201117SY&quot;,&quot;caption&quot;:&quot;&quot;,&quot;created_timestamp&quot;:&quot;1777025028&quot;,&quot;copyright&quot;:&quot;&quot;,&quot;focal_length&quot;:&quot;5.89&quot;,&quot;iso&quot;:&quot;519&quot;,&quot;shutter_speed&quot;:&quot;0.02&quot;,&quot;title&quot;:&quot;&quot;,&quot;orientation&quot;:&quot;1&quot;}\" data-image-title=\"Allan et Samantha (1)\" data-image-description=\"\" data-image-caption=\"\" data-large-file=\"https:\/\/www.helenefm.com\/wordpress\/wp-content\/uploads\/2026\/04\/Allan-et-Samantha-1-1024x721.jpg\" class=\"wp-image-69973 size-full\" src=\"https:\/\/www.helenefm.com\/wordpress\/wp-content\/uploads\/2026\/04\/Allan-et-Samantha-1.jpg\" alt=\"\" width=\"1500\" height=\"1056\" srcset=\"https:\/\/www.helenefm.com\/wordpress\/wp-content\/uploads\/2026\/04\/Allan-et-Samantha-1.jpg 1500w, https:\/\/www.helenefm.com\/wordpress\/wp-content\/uploads\/2026\/04\/Allan-et-Samantha-1-300x211.jpg 300w, https:\/\/www.helenefm.com\/wordpress\/wp-content\/uploads\/2026\/04\/Allan-et-Samantha-1-1024x721.jpg 1024w, https:\/\/www.helenefm.com\/wordpress\/wp-content\/uploads\/2026\/04\/Allan-et-Samantha-1-768x541.jpg 768w\" sizes=\"auto, (max-width: 1500px) 100vw, 1500px\" \/><p id=\"caption-attachment-69973\" class=\"wp-caption-text\">Allan &amp; Samantha.<\/p><\/div>\n<p>Sc\u00e8ne ouverte vendredi 1er mai avec le duo Allan &amp; Samantha. Un univers musical m\u00ealant pop, soul et blues, interpr\u00e9t\u00e9 avec deux voix compl\u00e9mentaires, pour un moment chaleureux et \u00e9nergique, entre grands standards et cr\u00e9ations originales.<\/p>\n<p><a href=\"https:\/\/www.instagram.com\/allanetsamantha\/\" target=\"_blank\" rel=\"noopener\">https:\/\/www.instagram.com\/allanetsamantha\/<\/a><\/p>\n<audio class=\"wp-audio-shortcode\" id=\"audio-69972-1\" preload=\"none\" style=\"width: 100%;\" controls=\"controls\"><source type=\"audio\/mpeg\" src=\"http:\/\/www.helenefm.com\/replay\/sceneouverte\/sceneouverte010526.mp3?_=1\" \/><a href=\"http:\/\/www.helenefm.com\/replay\/sceneouverte\/sceneouverte010526.mp3\">http:\/\/www.helenefm.com\/replay\/sceneouverte\/sceneouverte010526.mp3<\/a><\/audio>\n","protected":false},"excerpt":{"rendered":"<p>Sc\u00e8ne ouverte vendredi 1er mai avec le duo Allan &amp; Samantha. Un univers musical m\u00ealant pop, soul et blues, interpr\u00e9t\u00e9 avec deux voix compl\u00e9mentaires, pour un moment chaleureux et \u00e9nergique, entre grands<a class=\"moretag\" href=\"https:\/\/www.helenefm.com\/?p=69972\">Lire la suite&#8230;<\/a><\/p>\n","protected":false},"author":1,"featured_media":69973,"comment_status":"closed","ping_status":"closed","sticky":false,"template":"","format":"standard","meta":{"_monsterinsights_skip_tracking":false,"_monsterinsights_sitenote_active":false,"_monsterinsights_sitenote_note":"","_monsterinsights_sitenote_category":0,"jetpack_post_was_ever_published":false,"_jetpack_newsletter_access":"","_jetpack_dont_email_post_to_subs":false,"_jetpack_newsletter_tier_id":0,"_jetpack_memberships_contains_paywalled_content":false,"_jetpack_memberships_contains_paid_content":false,"footnotes":"","jetpack_publicize_message":"","jetpack_publicize_feature_enabled":true,"jetpack_social_post_already_shared":true,"jetpack_social_options":{"image_generator_settings":{"template":"highway","default_image_id":0,"font":"","enabled":false},"version":2}},"categories":[54],"tags":[],"class_list":["post-69972","post","type-post","status-publish","format-standard","has-post-thumbnail","hentry","category-scene-ouverte"],"views":80,"jetpack_publicize_connections":[],"jetpack_featured_media_url":"https:\/\/www.helenefm.com\/wordpress\/wp-content\/uploads\/2026\/04\/Allan-et-Samantha-1.jpg","jetpack_sharing_enabled":true,"jetpack_shortlink":"https:\/\/wp.me\/p48eP9-icA","_links":{"self":[{"href":"https:\/\/www.helenefm.com\/index.php?rest_route=\/wp\/v2\/posts\/69972","targetHints":{"allow":["GET"]}}],"collection":[{"href":"https:\/\/www.helenefm.com\/index.php?rest_route=\/wp\/v2\/posts"}],"about":[{"href":"https:\/\/www.helenefm.com\/index.php?rest_route=\/wp\/v2\/types\/post"}],"author":[{"embeddable":true,"href":"https:\/\/www.helenefm.com\/index.php?rest_route=\/wp\/v2\/users\/1"}],"replies":[{"embeddable":true,"href":"https:\/\/www.helenefm.com\/index.php?rest_route=%2Fwp%2Fv2%2Fcomments&post=69972"}],"version-history":[{"count":1,"href":"https:\/\/www.helenefm.com\/index.php?rest_route=\/wp\/v2\/posts\/69972\/revisions"}],"predecessor-version":[{"id":69974,"href":"https:\/\/www.helenefm.com\/index.php?rest_route=\/wp\/v2\/posts\/69972\/revisions\/69974"}],"wp:featuredmedia":[{"embeddable":true,"href":"https:\/\/www.helenefm.com\/index.php?rest_route=\/wp\/v2\/media\/69973"}],"wp:attachment":[{"href":"https:\/\/www.helenefm.com\/index.php?rest_route=%2Fwp%2Fv2%2Fmedia&parent=69972"}],"wp:term":[{"taxonomy":"category","embeddable":true,"href":"https:\/\/www.helenefm.com\/index.php?rest_route=%2Fwp%2Fv2%2Fcategories&post=69972"},{"taxonomy":"post_tag","embeddable":true,"href":"https:\/\/www.helenefm.com\/index.php?rest_route=%2Fwp%2Fv2%2Ftags&post=69972"}],"curies":[{"name":"wp","href":"https:\/\/api.w.org\/{rel}","templated":true}]}}