{"id":69962,"date":"2026-04-28T09:56:33","date_gmt":"2026-04-28T07:56:33","guid":{"rendered":"https:\/\/www.helenefm.com\/?p=69962"},"modified":"2026-04-28T09:56:33","modified_gmt":"2026-04-28T07:56:33","slug":"saint-denis-doleron-visite-exceptionnelle-ce-jeudi-de-la-batterie-des-trois-pierres","status":"publish","type":"post","link":"https:\/\/www.helenefm.com\/?p=69962","title":{"rendered":"Saint-Denis-d&rsquo;Ol\u00e9ron : visite exceptionnelle ce jeudi de la batterie des Trois Pierres"},"content":{"rendered":"<p>\u00c0 l\u2019occasion de l\u2019anniversaire du d\u00e9barquement qui a permis la lib\u00e9ration de l\u2019\u00eele d\u2019Ol\u00e9ron en 1945, une visite exceptionnelle est propos\u00e9e au public ce jeudi. Direction la commune de Saint-Denis pour d\u00e9couvrir la batterie des Trois Pierres, un site embl\u00e9matique du mur de l\u2019Atlantique. Construits pendant la Seconde Guerre mondiale, ces vestiges militaires font partie d\u2019un vaste r\u00e9seau de d\u00e9fense install\u00e9 sur les c\u00f4tes fran\u00e7aises face \u00e0 une \u00e9ventuelle arriv\u00e9e des forces alli\u00e9es. Cette visite comment\u00e9e, r\u00e9alis\u00e9e par la Communaut\u00e9 de communes de l\u2019\u00eele d\u2019Ol\u00e9ron et le Comit\u00e9 de Lib\u00e9ration Seudre Ol\u00e9ron, permettra de mieux comprendre l\u2019histoire de ces bunkers encore visibles aujourd\u2019hui sur l\u2019\u00eele, comme le souligne Julia Dumoulin, responsable du service mus\u00e9e et patrimoine \u00e0 la CdC ol\u00e9ronaise :<\/p>\n<audio class=\"wp-audio-shortcode\" id=\"audio-69962-1\" preload=\"none\" style=\"width: 100%;\" controls=\"controls\"><source type=\"audio\/mpeg\" src=\"https:\/\/www.helenefm.com\/wordpress\/wp-content\/uploads\/2026\/04\/trois-pierres.mp3?_=1\" \/><a href=\"https:\/\/www.helenefm.com\/wordpress\/wp-content\/uploads\/2026\/04\/trois-pierres.mp3\">https:\/\/www.helenefm.com\/wordpress\/wp-content\/uploads\/2026\/04\/trois-pierres.mp3<\/a><\/audio>\n<p>Rendez-vous ce jeudi. La visite est gratuite, mais sur r\u00e9servation. De nouvelles visites sur place seront propos\u00e9es \u00e0 l\u2019occasion des Journ\u00e9e europ\u00e9ennes du patrimoine les 19 et 20 septembre.<\/p>\n","protected":false},"excerpt":{"rendered":"<p>\u00c0 l\u2019occasion de l\u2019anniversaire du d\u00e9barquement qui a permis la lib\u00e9ration de l\u2019\u00eele d\u2019Ol\u00e9ron en 1945, une visite exceptionnelle est propos\u00e9e au public ce jeudi. Direction la commune de Saint-Denis pour d\u00e9couvrir<a class=\"moretag\" href=\"https:\/\/www.helenefm.com\/?p=69962\">Lire la suite&#8230;<\/a><\/p>\n","protected":false},"author":1,"featured_media":25773,"comment_status":"closed","ping_status":"closed","sticky":false,"template":"","format":"standard","meta":{"_monsterinsights_skip_tracking":false,"_monsterinsights_sitenote_active":false,"_monsterinsights_sitenote_note":"","_monsterinsights_sitenote_category":0,"jetpack_post_was_ever_published":false,"_jetpack_newsletter_access":"","_jetpack_dont_email_post_to_subs":false,"_jetpack_newsletter_tier_id":0,"_jetpack_memberships_contains_paywalled_content":false,"_jetpack_memberships_contains_paid_content":false,"footnotes":"","jetpack_publicize_message":"","jetpack_publicize_feature_enabled":true,"jetpack_social_post_already_shared":true,"jetpack_social_options":{"image_generator_settings":{"template":"highway","default_image_id":0,"font":"","enabled":false},"version":2}},"categories":[103],"tags":[69],"class_list":["post-69962","post","type-post","status-publish","format-standard","has-post-thumbnail","hentry","category-fil-infos-redaction","tag-marennes"],"views":96,"jetpack_publicize_connections":[],"jetpack_featured_media_url":"https:\/\/www.helenefm.com\/wordpress\/wp-content\/uploads\/2018\/01\/Logo_CdC_Oleron-01.png","jetpack_sharing_enabled":true,"jetpack_shortlink":"https:\/\/wp.me\/p48eP9-icq","_links":{"self":[{"href":"https:\/\/www.helenefm.com\/index.php?rest_route=\/wp\/v2\/posts\/69962","targetHints":{"allow":["GET"]}}],"collection":[{"href":"https:\/\/www.helenefm.com\/index.php?rest_route=\/wp\/v2\/posts"}],"about":[{"href":"https:\/\/www.helenefm.com\/index.php?rest_route=\/wp\/v2\/types\/post"}],"author":[{"embeddable":true,"href":"https:\/\/www.helenefm.com\/index.php?rest_route=\/wp\/v2\/users\/1"}],"replies":[{"embeddable":true,"href":"https:\/\/www.helenefm.com\/index.php?rest_route=%2Fwp%2Fv2%2Fcomments&post=69962"}],"version-history":[{"count":1,"href":"https:\/\/www.helenefm.com\/index.php?rest_route=\/wp\/v2\/posts\/69962\/revisions"}],"predecessor-version":[{"id":69964,"href":"https:\/\/www.helenefm.com\/index.php?rest_route=\/wp\/v2\/posts\/69962\/revisions\/69964"}],"wp:featuredmedia":[{"embeddable":true,"href":"https:\/\/www.helenefm.com\/index.php?rest_route=\/wp\/v2\/media\/25773"}],"wp:attachment":[{"href":"https:\/\/www.helenefm.com\/index.php?rest_route=%2Fwp%2Fv2%2Fmedia&parent=69962"}],"wp:term":[{"taxonomy":"category","embeddable":true,"href":"https:\/\/www.helenefm.com\/index.php?rest_route=%2Fwp%2Fv2%2Fcategories&post=69962"},{"taxonomy":"post_tag","embeddable":true,"href":"https:\/\/www.helenefm.com\/index.php?rest_route=%2Fwp%2Fv2%2Ftags&post=69962"}],"curies":[{"name":"wp","href":"https:\/\/api.w.org\/{rel}","templated":true}]}}