{"id":69952,"date":"2026-04-27T11:50:40","date_gmt":"2026-04-27T09:50:40","guid":{"rendered":"https:\/\/www.helenefm.com\/?p=69952"},"modified":"2026-04-27T11:50:40","modified_gmt":"2026-04-27T09:50:40","slug":"grand-village-plage-un-projet-de-station-de-lavage-automobile-suscite-une-vive-inquietude","status":"publish","type":"post","link":"https:\/\/www.helenefm.com\/?p=69952","title":{"rendered":"Grand-Village-Plage : un projet de station de lavage automobile suscite une vive inqui\u00e9tude"},"content":{"rendered":"<p>\u00c0 Grand-Village-Plage, sur l\u2019\u00eele d\u2019Ol\u00e9ron, un projet de station de lavage automobile suscite une vive inqui\u00e9tude chez plusieurs riverains. Autoris\u00e9 en mars dernier, il fait aujourd\u2019hui l\u2019objet de contestations, notamment en raison de son impact potentiel sur l\u2019environnement, la s\u00e9curit\u00e9 et le cadre de vie. Les habitants concern\u00e9s d\u00e9noncent un manque d\u2019\u00e9tudes et de concertation, r\u00e9clamant le retrait pur et simple du projet qui doit voir le jour rue du Moulin des Sables. Caroline Lievois fait partie de ces riverains. Elle est \u00e9galement nouvellement \u00e9lue conseill\u00e8re municipale. Et elle ne comprend pas l\u2019existence d\u2019un tel projet, dont elle n\u2019a eu connaissance que tr\u00e8s tardivement :<br \/>\n<audio class=\"wp-audio-shortcode\" id=\"audio-69952-1\" preload=\"none\" style=\"width: 100%;\" controls=\"controls\"><source type=\"audio\/mpeg\" src=\"https:\/\/www.helenefm.com\/wordpress\/wp-content\/uploads\/2026\/04\/station-lavage-1.mp3?_=1\" \/><a href=\"https:\/\/www.helenefm.com\/wordpress\/wp-content\/uploads\/2026\/04\/station-lavage-1.mp3\">https:\/\/www.helenefm.com\/wordpress\/wp-content\/uploads\/2026\/04\/station-lavage-1.mp3<\/a><\/audio>\nUne p\u00e9tition a \u00e9t\u00e9 lanc\u00e9e et une action en justice est en cours pour tenter de faire tomber \u00e0 l\u2019eau le projet. Caroline Lievois :<br \/>\n<audio class=\"wp-audio-shortcode\" id=\"audio-69952-2\" preload=\"none\" style=\"width: 100%;\" controls=\"controls\"><source type=\"audio\/mpeg\" src=\"https:\/\/www.helenefm.com\/wordpress\/wp-content\/uploads\/2026\/04\/station-lavage-2.mp3?_=2\" \/><a href=\"https:\/\/www.helenefm.com\/wordpress\/wp-content\/uploads\/2026\/04\/station-lavage-2.mp3\">https:\/\/www.helenefm.com\/wordpress\/wp-content\/uploads\/2026\/04\/station-lavage-2.mp3<\/a><\/audio>\nDe son c\u00f4t\u00e9, la mairie n\u2019a pas encore communiqu\u00e9 publiquement sur ces contestations. Le dossier pourrait donc prochainement se retrouver devant la justice administrative.<\/p>\n","protected":false},"excerpt":{"rendered":"<p>\u00c0 Grand-Village-Plage, sur l\u2019\u00eele d\u2019Ol\u00e9ron, un projet de station de lavage automobile suscite une vive inqui\u00e9tude chez plusieurs riverains. Autoris\u00e9 en mars dernier, il fait aujourd\u2019hui l\u2019objet de contestations, notamment en raison<a class=\"moretag\" href=\"https:\/\/www.helenefm.com\/?p=69952\">Lire la suite&#8230;<\/a><\/p>\n","protected":false},"author":1,"featured_media":0,"comment_status":"closed","ping_status":"closed","sticky":false,"template":"","format":"standard","meta":{"_monsterinsights_skip_tracking":false,"_monsterinsights_sitenote_active":false,"_monsterinsights_sitenote_note":"","_monsterinsights_sitenote_category":0,"jetpack_post_was_ever_published":false,"_jetpack_newsletter_access":"","_jetpack_dont_email_post_to_subs":false,"_jetpack_newsletter_tier_id":0,"_jetpack_memberships_contains_paywalled_content":false,"_jetpack_memberships_contains_paid_content":false,"footnotes":"","jetpack_publicize_message":"","jetpack_publicize_feature_enabled":true,"jetpack_social_post_already_shared":true,"jetpack_social_options":{"image_generator_settings":{"template":"highway","default_image_id":0,"font":"","enabled":false},"version":2}},"categories":[103],"tags":[69],"class_list":["post-69952","post","type-post","status-publish","format-standard","hentry","category-fil-infos-redaction","tag-marennes"],"views":76,"jetpack_publicize_connections":[],"jetpack_featured_media_url":"","jetpack_sharing_enabled":true,"jetpack_shortlink":"https:\/\/wp.me\/p48eP9-icg","_links":{"self":[{"href":"https:\/\/www.helenefm.com\/index.php?rest_route=\/wp\/v2\/posts\/69952","targetHints":{"allow":["GET"]}}],"collection":[{"href":"https:\/\/www.helenefm.com\/index.php?rest_route=\/wp\/v2\/posts"}],"about":[{"href":"https:\/\/www.helenefm.com\/index.php?rest_route=\/wp\/v2\/types\/post"}],"author":[{"embeddable":true,"href":"https:\/\/www.helenefm.com\/index.php?rest_route=\/wp\/v2\/users\/1"}],"replies":[{"embeddable":true,"href":"https:\/\/www.helenefm.com\/index.php?rest_route=%2Fwp%2Fv2%2Fcomments&post=69952"}],"version-history":[{"count":1,"href":"https:\/\/www.helenefm.com\/index.php?rest_route=\/wp\/v2\/posts\/69952\/revisions"}],"predecessor-version":[{"id":69955,"href":"https:\/\/www.helenefm.com\/index.php?rest_route=\/wp\/v2\/posts\/69952\/revisions\/69955"}],"wp:attachment":[{"href":"https:\/\/www.helenefm.com\/index.php?rest_route=%2Fwp%2Fv2%2Fmedia&parent=69952"}],"wp:term":[{"taxonomy":"category","embeddable":true,"href":"https:\/\/www.helenefm.com\/index.php?rest_route=%2Fwp%2Fv2%2Fcategories&post=69952"},{"taxonomy":"post_tag","embeddable":true,"href":"https:\/\/www.helenefm.com\/index.php?rest_route=%2Fwp%2Fv2%2Ftags&post=69952"}],"curies":[{"name":"wp","href":"https:\/\/api.w.org\/{rel}","templated":true}]}}