{"id":69904,"date":"2026-04-27T07:00:07","date_gmt":"2026-04-27T05:00:07","guid":{"rendered":"https:\/\/www.helenefm.com\/?p=69904"},"modified":"2026-04-23T11:12:11","modified_gmt":"2026-04-23T09:12:11","slug":"marsais-le-bar-associatif-le-troquet-fete-ses-4-ans","status":"publish","type":"post","link":"https:\/\/www.helenefm.com\/?p=69904","title":{"rendered":"Marsais : le bar associatif Le Troquet f\u00eate ses 4 ans"},"content":{"rendered":"<p><img loading=\"lazy\" decoding=\"async\" data-attachment-id=\"69906\" data-permalink=\"https:\/\/www.helenefm.com\/?attachment_id=69906\" data-orig-file=\"https:\/\/www.helenefm.com\/wordpress\/wp-content\/uploads\/2026\/04\/troquet-marsais.jpg\" data-orig-size=\"1181,1181\" data-comments-opened=\"0\" data-image-meta=\"{&quot;aperture&quot;:&quot;0&quot;,&quot;credit&quot;:&quot;&quot;,&quot;camera&quot;:&quot;&quot;,&quot;caption&quot;:&quot;&quot;,&quot;created_timestamp&quot;:&quot;0&quot;,&quot;copyright&quot;:&quot;&quot;,&quot;focal_length&quot;:&quot;0&quot;,&quot;iso&quot;:&quot;0&quot;,&quot;shutter_speed&quot;:&quot;0&quot;,&quot;title&quot;:&quot;&quot;,&quot;orientation&quot;:&quot;0&quot;}\" data-image-title=\"troquet marsais\" data-image-description=\"\" data-image-caption=\"\" data-large-file=\"https:\/\/www.helenefm.com\/wordpress\/wp-content\/uploads\/2026\/04\/troquet-marsais-1024x1024.jpg\" class=\"size-full wp-image-69906 aligncenter\" src=\"https:\/\/www.helenefm.com\/wordpress\/wp-content\/uploads\/2026\/04\/troquet-marsais.jpg\" alt=\"\" width=\"1181\" height=\"1181\" srcset=\"https:\/\/www.helenefm.com\/wordpress\/wp-content\/uploads\/2026\/04\/troquet-marsais.jpg 1181w, https:\/\/www.helenefm.com\/wordpress\/wp-content\/uploads\/2026\/04\/troquet-marsais-300x300.jpg 300w, https:\/\/www.helenefm.com\/wordpress\/wp-content\/uploads\/2026\/04\/troquet-marsais-1024x1024.jpg 1024w, https:\/\/www.helenefm.com\/wordpress\/wp-content\/uploads\/2026\/04\/troquet-marsais-150x150.jpg 150w, https:\/\/www.helenefm.com\/wordpress\/wp-content\/uploads\/2026\/04\/troquet-marsais-768x768.jpg 768w\" sizes=\"auto, (max-width: 1181px) 100vw, 1181px\" \/><br \/>\nLe bar associatif Le Troquet de Marsais f\u00eate ses 4 ans ce vendredi 1er mai. Un \u00e9v\u00e8nement festif avec concert, food-trucks et DJ. Rendez-vous au 30 grand\u2019rue d\u00e8s 18h30.<\/p>\n","protected":false},"excerpt":{"rendered":"<p>Le bar associatif Le Troquet de Marsais f\u00eate ses 4 ans ce vendredi 1er mai. Un \u00e9v\u00e8nement festif avec concert, food-trucks et DJ. Rendez-vous au 30 grand\u2019rue d\u00e8s 18h30.<\/p>\n","protected":false},"author":1,"featured_media":69906,"comment_status":"closed","ping_status":"closed","sticky":false,"template":"","format":"standard","meta":{"_monsterinsights_skip_tracking":false,"_monsterinsights_sitenote_active":false,"_monsterinsights_sitenote_note":"","_monsterinsights_sitenote_category":0,"jetpack_post_was_ever_published":false,"_jetpack_newsletter_access":"","_jetpack_dont_email_post_to_subs":false,"_jetpack_newsletter_tier_id":0,"_jetpack_memberships_contains_paywalled_content":false,"_jetpack_memberships_contains_paid_content":false,"footnotes":"","jetpack_publicize_message":"Marsais : le bar associatif Le Troquet f\u00eate ses 4 ans","jetpack_publicize_feature_enabled":true,"jetpack_social_post_already_shared":true,"jetpack_social_options":{"image_generator_settings":{"template":"highway","default_image_id":0,"font":"","enabled":false},"version":2}},"categories":[82],"tags":[],"class_list":["post-69904","post","type-post","status-publish","format-standard","has-post-thumbnail","hentry","category-sortir"],"views":69,"jetpack_publicize_connections":[],"jetpack_featured_media_url":"https:\/\/www.helenefm.com\/wordpress\/wp-content\/uploads\/2026\/04\/troquet-marsais.jpg","jetpack_sharing_enabled":true,"jetpack_shortlink":"https:\/\/wp.me\/p48eP9-ibu","_links":{"self":[{"href":"https:\/\/www.helenefm.com\/index.php?rest_route=\/wp\/v2\/posts\/69904","targetHints":{"allow":["GET"]}}],"collection":[{"href":"https:\/\/www.helenefm.com\/index.php?rest_route=\/wp\/v2\/posts"}],"about":[{"href":"https:\/\/www.helenefm.com\/index.php?rest_route=\/wp\/v2\/types\/post"}],"author":[{"embeddable":true,"href":"https:\/\/www.helenefm.com\/index.php?rest_route=\/wp\/v2\/users\/1"}],"replies":[{"embeddable":true,"href":"https:\/\/www.helenefm.com\/index.php?rest_route=%2Fwp%2Fv2%2Fcomments&post=69904"}],"version-history":[{"count":1,"href":"https:\/\/www.helenefm.com\/index.php?rest_route=\/wp\/v2\/posts\/69904\/revisions"}],"predecessor-version":[{"id":69907,"href":"https:\/\/www.helenefm.com\/index.php?rest_route=\/wp\/v2\/posts\/69904\/revisions\/69907"}],"wp:featuredmedia":[{"embeddable":true,"href":"https:\/\/www.helenefm.com\/index.php?rest_route=\/wp\/v2\/media\/69906"}],"wp:attachment":[{"href":"https:\/\/www.helenefm.com\/index.php?rest_route=%2Fwp%2Fv2%2Fmedia&parent=69904"}],"wp:term":[{"taxonomy":"category","embeddable":true,"href":"https:\/\/www.helenefm.com\/index.php?rest_route=%2Fwp%2Fv2%2Fcategories&post=69904"},{"taxonomy":"post_tag","embeddable":true,"href":"https:\/\/www.helenefm.com\/index.php?rest_route=%2Fwp%2Fv2%2Ftags&post=69904"}],"curies":[{"name":"wp","href":"https:\/\/api.w.org\/{rel}","templated":true}]}}