{"id":69855,"date":"2026-04-27T07:00:12","date_gmt":"2026-04-27T05:00:12","guid":{"rendered":"https:\/\/www.helenefm.com\/?p=69855"},"modified":"2026-04-20T11:53:35","modified_gmt":"2026-04-20T09:53:35","slug":"saintes-1er-festival-de-la-guitare-cordes-en-folie-les-23-et-24-mai-a-lespace-mendes-france","status":"publish","type":"post","link":"https:\/\/www.helenefm.com\/?p=69855","title":{"rendered":"Saintes : 1er festival de la guitare Cordes en folie les 23 et 24 mai \u00e0 l\u2019espace Mend\u00e8s-France"},"content":{"rendered":"<p><img loading=\"lazy\" decoding=\"async\" data-attachment-id=\"69856\" data-permalink=\"https:\/\/www.helenefm.com\/?attachment_id=69856\" data-orig-file=\"https:\/\/www.helenefm.com\/wordpress\/wp-content\/uploads\/2026\/04\/affiche-a3-mars-2023-definitif-70ea4646370442aab6f9890a5b45698a-scaled.jpg\" data-orig-size=\"2126,2560\" data-comments-opened=\"0\" data-image-meta=\"{&quot;aperture&quot;:&quot;0&quot;,&quot;credit&quot;:&quot;&quot;,&quot;camera&quot;:&quot;&quot;,&quot;caption&quot;:&quot;&quot;,&quot;created_timestamp&quot;:&quot;0&quot;,&quot;copyright&quot;:&quot;&quot;,&quot;focal_length&quot;:&quot;0&quot;,&quot;iso&quot;:&quot;0&quot;,&quot;shutter_speed&quot;:&quot;0&quot;,&quot;title&quot;:&quot;&quot;,&quot;orientation&quot;:&quot;0&quot;}\" data-image-title=\"affiche a3 mars 2023 definitif-70ea4646370442aab6f9890a5b45698a\" data-image-description=\"\" data-image-caption=\"\" data-large-file=\"https:\/\/www.helenefm.com\/wordpress\/wp-content\/uploads\/2026\/04\/affiche-a3-mars-2023-definitif-70ea4646370442aab6f9890a5b45698a-850x1024.jpg\" class=\"size-full wp-image-69856 aligncenter\" src=\"https:\/\/www.helenefm.com\/wordpress\/wp-content\/uploads\/2026\/04\/affiche-a3-mars-2023-definitif-70ea4646370442aab6f9890a5b45698a-scaled.jpg\" alt=\"\" width=\"2126\" height=\"2560\" srcset=\"https:\/\/www.helenefm.com\/wordpress\/wp-content\/uploads\/2026\/04\/affiche-a3-mars-2023-definitif-70ea4646370442aab6f9890a5b45698a-scaled.jpg 2126w, https:\/\/www.helenefm.com\/wordpress\/wp-content\/uploads\/2026\/04\/affiche-a3-mars-2023-definitif-70ea4646370442aab6f9890a5b45698a-249x300.jpg 249w, https:\/\/www.helenefm.com\/wordpress\/wp-content\/uploads\/2026\/04\/affiche-a3-mars-2023-definitif-70ea4646370442aab6f9890a5b45698a-850x1024.jpg 850w, https:\/\/www.helenefm.com\/wordpress\/wp-content\/uploads\/2026\/04\/affiche-a3-mars-2023-definitif-70ea4646370442aab6f9890a5b45698a-768x925.jpg 768w, https:\/\/www.helenefm.com\/wordpress\/wp-content\/uploads\/2026\/04\/affiche-a3-mars-2023-definitif-70ea4646370442aab6f9890a5b45698a-1276x1536.jpg 1276w, https:\/\/www.helenefm.com\/wordpress\/wp-content\/uploads\/2026\/04\/affiche-a3-mars-2023-definitif-70ea4646370442aab6f9890a5b45698a-1701x2048.jpg 1701w\" sizes=\"auto, (max-width: 2126px) 100vw, 2126px\" \/><br \/>\nAmateurs de guitare et de rock, ne manquez pas le premier festival de la guitare \u00ab Cordes en folie \u00bb, samedi 23 et dimanche 24 mai, \u00e0 Saintes, \u00e0 l\u2019espace Mend\u00e8s-France, \u00e0 partir de 10h. Au programme : concert de Manu Lanvin, avec Elise Frank et Booga \u00e0 20h30. Sur place, retrouvez luthiers, exposants d\u2019ampli, p\u00e9dales d\u2019effets ainsi que des \u00e9coles et de la formation. Animations avec Mster class FX teacher, initiation au ukul\u00e9l\u00e9, cr\u00e9ation, bo\u00eete \u00e0 musique et bien d\u2019autre. Entr\u00e9e salon 3\u20ac, gratuit pour les moins de 12 ans. Pass weekend 5\u20ac. Concert 26\u20ac, pass weekend 30\u20ac. Tarifs r\u00e9duits 20 et 24\u20ac. Animations sur inscriptions au 06 49 77 07 32. Plus d\u2019infos sur rs-events.fr.<\/p>\n","protected":false},"excerpt":{"rendered":"<p>Amateurs de guitare et de rock, ne manquez pas le premier festival de la guitare \u00ab Cordes en folie \u00bb, samedi 23 et dimanche 24 mai, \u00e0 Saintes, \u00e0 l\u2019espace Mend\u00e8s-France, \u00e0<a class=\"moretag\" href=\"https:\/\/www.helenefm.com\/?p=69855\">Lire la suite&#8230;<\/a><\/p>\n","protected":false},"author":1,"featured_media":69856,"comment_status":"closed","ping_status":"closed","sticky":false,"template":"","format":"standard","meta":{"_monsterinsights_skip_tracking":false,"_monsterinsights_sitenote_active":false,"_monsterinsights_sitenote_note":"","_monsterinsights_sitenote_category":0,"jetpack_post_was_ever_published":false,"_jetpack_newsletter_access":"","_jetpack_dont_email_post_to_subs":false,"_jetpack_newsletter_tier_id":0,"_jetpack_memberships_contains_paywalled_content":false,"_jetpack_memberships_contains_paid_content":false,"footnotes":"","jetpack_publicize_message":"","jetpack_publicize_feature_enabled":true,"jetpack_social_post_already_shared":true,"jetpack_social_options":{"image_generator_settings":{"template":"highway","default_image_id":0,"font":"","enabled":false},"version":2}},"categories":[82],"tags":[],"class_list":["post-69855","post","type-post","status-publish","format-standard","has-post-thumbnail","hentry","category-sortir"],"views":67,"jetpack_publicize_connections":[],"jetpack_featured_media_url":"https:\/\/www.helenefm.com\/wordpress\/wp-content\/uploads\/2026\/04\/affiche-a3-mars-2023-definitif-70ea4646370442aab6f9890a5b45698a-scaled.jpg","jetpack_sharing_enabled":true,"jetpack_shortlink":"https:\/\/wp.me\/p48eP9-iaH","_links":{"self":[{"href":"https:\/\/www.helenefm.com\/index.php?rest_route=\/wp\/v2\/posts\/69855","targetHints":{"allow":["GET"]}}],"collection":[{"href":"https:\/\/www.helenefm.com\/index.php?rest_route=\/wp\/v2\/posts"}],"about":[{"href":"https:\/\/www.helenefm.com\/index.php?rest_route=\/wp\/v2\/types\/post"}],"author":[{"embeddable":true,"href":"https:\/\/www.helenefm.com\/index.php?rest_route=\/wp\/v2\/users\/1"}],"replies":[{"embeddable":true,"href":"https:\/\/www.helenefm.com\/index.php?rest_route=%2Fwp%2Fv2%2Fcomments&post=69855"}],"version-history":[{"count":1,"href":"https:\/\/www.helenefm.com\/index.php?rest_route=\/wp\/v2\/posts\/69855\/revisions"}],"predecessor-version":[{"id":69857,"href":"https:\/\/www.helenefm.com\/index.php?rest_route=\/wp\/v2\/posts\/69855\/revisions\/69857"}],"wp:featuredmedia":[{"embeddable":true,"href":"https:\/\/www.helenefm.com\/index.php?rest_route=\/wp\/v2\/media\/69856"}],"wp:attachment":[{"href":"https:\/\/www.helenefm.com\/index.php?rest_route=%2Fwp%2Fv2%2Fmedia&parent=69855"}],"wp:term":[{"taxonomy":"category","embeddable":true,"href":"https:\/\/www.helenefm.com\/index.php?rest_route=%2Fwp%2Fv2%2Fcategories&post=69855"},{"taxonomy":"post_tag","embeddable":true,"href":"https:\/\/www.helenefm.com\/index.php?rest_route=%2Fwp%2Fv2%2Ftags&post=69855"}],"curies":[{"name":"wp","href":"https:\/\/api.w.org\/{rel}","templated":true}]}}