{"id":69769,"date":"2026-04-27T07:00:12","date_gmt":"2026-04-27T05:00:12","guid":{"rendered":"https:\/\/www.helenefm.com\/?p=69769"},"modified":"2026-04-15T12:27:29","modified_gmt":"2026-04-15T10:27:29","slug":"vergne-brocante-jeudi-14-mai-par-la-gaite-rurale","status":"publish","type":"post","link":"https:\/\/www.helenefm.com\/?p=69769","title":{"rendered":"Vergn\u00e9 : brocante jeudi 14 mai par la Gait\u00e9 rurale"},"content":{"rendered":"<p><img loading=\"lazy\" decoding=\"async\" data-attachment-id=\"69770\" data-permalink=\"https:\/\/www.helenefm.com\/?attachment_id=69770\" data-orig-file=\"https:\/\/www.helenefm.com\/wordpress\/wp-content\/uploads\/2026\/04\/BROCANTE-fonds-verts_page-0001.jpg\" data-orig-size=\"1241,1755\" data-comments-opened=\"0\" data-image-meta=\"{&quot;aperture&quot;:&quot;0&quot;,&quot;credit&quot;:&quot;&quot;,&quot;camera&quot;:&quot;&quot;,&quot;caption&quot;:&quot;&quot;,&quot;created_timestamp&quot;:&quot;0&quot;,&quot;copyright&quot;:&quot;&quot;,&quot;focal_length&quot;:&quot;0&quot;,&quot;iso&quot;:&quot;0&quot;,&quot;shutter_speed&quot;:&quot;0&quot;,&quot;title&quot;:&quot;&quot;,&quot;orientation&quot;:&quot;0&quot;}\" data-image-title=\"BROCANTE fonds verts_page-0001\" data-image-description=\"\" data-image-caption=\"\" data-large-file=\"https:\/\/www.helenefm.com\/wordpress\/wp-content\/uploads\/2026\/04\/BROCANTE-fonds-verts_page-0001-724x1024.jpg\" class=\"size-full wp-image-69770 aligncenter\" src=\"https:\/\/www.helenefm.com\/wordpress\/wp-content\/uploads\/2026\/04\/BROCANTE-fonds-verts_page-0001.jpg\" alt=\"\" width=\"1241\" height=\"1755\" srcset=\"https:\/\/www.helenefm.com\/wordpress\/wp-content\/uploads\/2026\/04\/BROCANTE-fonds-verts_page-0001.jpg 1241w, https:\/\/www.helenefm.com\/wordpress\/wp-content\/uploads\/2026\/04\/BROCANTE-fonds-verts_page-0001-212x300.jpg 212w, https:\/\/www.helenefm.com\/wordpress\/wp-content\/uploads\/2026\/04\/BROCANTE-fonds-verts_page-0001-724x1024.jpg 724w, https:\/\/www.helenefm.com\/wordpress\/wp-content\/uploads\/2026\/04\/BROCANTE-fonds-verts_page-0001-768x1086.jpg 768w, https:\/\/www.helenefm.com\/wordpress\/wp-content\/uploads\/2026\/04\/BROCANTE-fonds-verts_page-0001-1086x1536.jpg 1086w\" sizes=\"auto, (max-width: 1241px) 100vw, 1241px\" \/><br \/>\n\u00c0 Vergn\u00e9, la Gaiet\u00e9 rurale organise sa brocante jeudi 14 mai, jour de l\u2019Ascension. 2\u20ac le m\u00e8tre lin\u00e9aire. Pour les renseignements et les r\u00e9servations, vous pouvez appeler le 06 89 47 18 28 ou le 06 80 60 52 67 et par mail gaiete.rurale17330@gmail.com.<\/p>\n","protected":false},"excerpt":{"rendered":"<p>\u00c0 Vergn\u00e9, la Gaiet\u00e9 rurale organise sa brocante jeudi 14 mai, jour de l\u2019Ascension. 2\u20ac le m\u00e8tre lin\u00e9aire. Pour les renseignements et les r\u00e9servations, vous pouvez appeler le 06 89 47 18<a class=\"moretag\" href=\"https:\/\/www.helenefm.com\/?p=69769\">Lire la suite&#8230;<\/a><\/p>\n","protected":false},"author":1,"featured_media":69770,"comment_status":"closed","ping_status":"closed","sticky":false,"template":"","format":"standard","meta":{"_monsterinsights_skip_tracking":false,"_monsterinsights_sitenote_active":false,"_monsterinsights_sitenote_note":"","_monsterinsights_sitenote_category":0,"jetpack_post_was_ever_published":false,"_jetpack_newsletter_access":"","_jetpack_dont_email_post_to_subs":false,"_jetpack_newsletter_tier_id":0,"_jetpack_memberships_contains_paywalled_content":false,"_jetpack_memberships_contains_paid_content":false,"footnotes":"","jetpack_publicize_message":"Vergn\u00e9 : brocante jeudi 14 mai par la Gait\u00e9 rurale","jetpack_publicize_feature_enabled":true,"jetpack_social_post_already_shared":true,"jetpack_social_options":{"image_generator_settings":{"template":"highway","default_image_id":0,"font":"","enabled":false},"version":2}},"categories":[82],"tags":[],"class_list":["post-69769","post","type-post","status-publish","format-standard","has-post-thumbnail","hentry","category-sortir"],"views":75,"jetpack_publicize_connections":[],"jetpack_featured_media_url":"https:\/\/www.helenefm.com\/wordpress\/wp-content\/uploads\/2026\/04\/BROCANTE-fonds-verts_page-0001.jpg","jetpack_sharing_enabled":true,"jetpack_shortlink":"https:\/\/wp.me\/p48eP9-i9j","_links":{"self":[{"href":"https:\/\/www.helenefm.com\/index.php?rest_route=\/wp\/v2\/posts\/69769","targetHints":{"allow":["GET"]}}],"collection":[{"href":"https:\/\/www.helenefm.com\/index.php?rest_route=\/wp\/v2\/posts"}],"about":[{"href":"https:\/\/www.helenefm.com\/index.php?rest_route=\/wp\/v2\/types\/post"}],"author":[{"embeddable":true,"href":"https:\/\/www.helenefm.com\/index.php?rest_route=\/wp\/v2\/users\/1"}],"replies":[{"embeddable":true,"href":"https:\/\/www.helenefm.com\/index.php?rest_route=%2Fwp%2Fv2%2Fcomments&post=69769"}],"version-history":[{"count":1,"href":"https:\/\/www.helenefm.com\/index.php?rest_route=\/wp\/v2\/posts\/69769\/revisions"}],"predecessor-version":[{"id":69771,"href":"https:\/\/www.helenefm.com\/index.php?rest_route=\/wp\/v2\/posts\/69769\/revisions\/69771"}],"wp:featuredmedia":[{"embeddable":true,"href":"https:\/\/www.helenefm.com\/index.php?rest_route=\/wp\/v2\/media\/69770"}],"wp:attachment":[{"href":"https:\/\/www.helenefm.com\/index.php?rest_route=%2Fwp%2Fv2%2Fmedia&parent=69769"}],"wp:term":[{"taxonomy":"category","embeddable":true,"href":"https:\/\/www.helenefm.com\/index.php?rest_route=%2Fwp%2Fv2%2Fcategories&post=69769"},{"taxonomy":"post_tag","embeddable":true,"href":"https:\/\/www.helenefm.com\/index.php?rest_route=%2Fwp%2Fv2%2Ftags&post=69769"}],"curies":[{"name":"wp","href":"https:\/\/api.w.org\/{rel}","templated":true}]}}