{"id":68705,"date":"2026-09-03T07:00:05","date_gmt":"2026-09-03T05:00:05","guid":{"rendered":"https:\/\/www.helenefm.com\/?p=68705"},"modified":"2026-01-14T12:05:11","modified_gmt":"2026-01-14T11:05:11","slug":"epannes-the-dansant-jeudi-10-septembre-avec-les-baladins","status":"publish","type":"post","link":"https:\/\/www.helenefm.com\/?p=68705","title":{"rendered":"\u00c9pannes : th\u00e9 dansant jeudi 10 septembre avec Les Baladins"},"content":{"rendered":"<p>\u00c0 \u00c9pannes, les Amis r\u00e9unis organisent un th\u00e9 dansant, avec repas, ce jeudi 10 septembre. Il sera anim\u00e9 par l\u2019orchestre Les Baladins. Pour plus de renseignements, vous pouvez appeler le 05 49 04 84 00.<\/p>\n","protected":false},"excerpt":{"rendered":"<p>\u00c0 \u00c9pannes, les Amis r\u00e9unis organisent un th\u00e9 dansant, avec repas, ce jeudi 10 septembre. Il sera anim\u00e9 par l\u2019orchestre Les Baladins. Pour plus de renseignements, vous pouvez appeler le 05 49<a class=\"moretag\" href=\"https:\/\/www.helenefm.com\/?p=68705\">Lire la suite&#8230;<\/a><\/p>\n","protected":false},"author":1,"featured_media":53811,"comment_status":"closed","ping_status":"closed","sticky":false,"template":"","format":"standard","meta":{"_jetpack_newsletter_access":"","_jetpack_dont_email_post_to_subs":false,"_jetpack_newsletter_tier_id":0,"_jetpack_memberships_contains_paywalled_content":false,"_jetpack_feature_clip_id":0,"_jetpack_memberships_contains_paid_content":false,"footnotes":"","jetpack_publicize_message":"","jetpack_publicize_feature_enabled":true,"jetpack_social_post_already_shared":true,"jetpack_social_options":{"image_generator_settings":{"template":"highway","default_image_id":0,"font":"","enabled":false},"version":2},"jetpack_post_was_ever_published":false},"categories":[82],"tags":[],"class_list":["post-68705","post","type-post","status-publish","format-standard","has-post-thumbnail","hentry","category-sortir"],"views":41,"jetpack_publicize_connections":[],"jetpack_sharing_enabled":true,"jetpack_shortlink":"https:\/\/wp.me\/p48eP9-hS9","jetpack_featured_media_url":"https:\/\/www.helenefm.com\/wordpress\/wp-content\/uploads\/2023\/02\/bal-the-dansant.jpg","_links":{"self":[{"href":"https:\/\/www.helenefm.com\/index.php?rest_route=\/wp\/v2\/posts\/68705","targetHints":{"allow":["GET"]}}],"collection":[{"href":"https:\/\/www.helenefm.com\/index.php?rest_route=\/wp\/v2\/posts"}],"about":[{"href":"https:\/\/www.helenefm.com\/index.php?rest_route=\/wp\/v2\/types\/post"}],"author":[{"embeddable":true,"href":"https:\/\/www.helenefm.com\/index.php?rest_route=\/wp\/v2\/users\/1"}],"replies":[{"embeddable":true,"href":"https:\/\/www.helenefm.com\/index.php?rest_route=%2Fwp%2Fv2%2Fcomments&post=68705"}],"version-history":[{"count":1,"href":"https:\/\/www.helenefm.com\/index.php?rest_route=\/wp\/v2\/posts\/68705\/revisions"}],"predecessor-version":[{"id":68706,"href":"https:\/\/www.helenefm.com\/index.php?rest_route=\/wp\/v2\/posts\/68705\/revisions\/68706"}],"wp:featuredmedia":[{"embeddable":true,"href":"https:\/\/www.helenefm.com\/index.php?rest_route=\/wp\/v2\/media\/53811"}],"wp:attachment":[{"href":"https:\/\/www.helenefm.com\/index.php?rest_route=%2Fwp%2Fv2%2Fmedia&parent=68705"}],"wp:term":[{"taxonomy":"category","embeddable":true,"href":"https:\/\/www.helenefm.com\/index.php?rest_route=%2Fwp%2Fv2%2Fcategories&post=68705"},{"taxonomy":"post_tag","embeddable":true,"href":"https:\/\/www.helenefm.com\/index.php?rest_route=%2Fwp%2Fv2%2Ftags&post=68705"}],"curies":[{"name":"wp","href":"https:\/\/api.w.org\/{rel}","templated":true}]}}