{"id":68612,"date":"2026-01-09T07:45:10","date_gmt":"2026-01-09T06:45:10","guid":{"rendered":"https:\/\/www.helenefm.com\/?p=68612"},"modified":"2026-01-09T10:42:56","modified_gmt":"2026-01-09T09:42:56","slug":"tempete-goretti-la-vigilance-orange-levee-en-charente-maritime-quelques-degats-sans-gravite","status":"publish","type":"post","link":"https:\/\/www.helenefm.com\/?p=68612","title":{"rendered":"Temp\u00eate Goretti : la vigilance orange lev\u00e9e en Charente-Maritime ;  quelques d\u00e9g\u00e2ts sans gravit\u00e9"},"content":{"rendered":"<p>Fin de l\u2019alerte orange aux vents violents en Charente-Maritime. Le d\u00e9partement est repass\u00e9 en vigilance jaune vents et orages, mais la prudence reste de mise suite au passage de la temp\u00eate Goretti, qui a balay\u00e9 cette nuit le nord-ouest de la France. Des rafales \u00e0 111 km\/h ont \u00e9t\u00e9 enregistr\u00e9es \u00e0 la pointe de Chassiron sur l\u2019\u00eele d\u2019Ol\u00e9ron, et jusqu\u2019\u00e0 121 km\/h sur l\u2019\u00eele de R\u00e9. Des d\u00e9g\u00e2ts mineurs ont \u00e9t\u00e9 recens\u00e9s par les sapeurs-pompiers de la Charente-Maritime, qui ont r\u00e9alis\u00e9 une dizaine d\u2019interventions, principalement pour des chutes d\u2019arbres sur la voie publique, notamment sur les RN 141 \u00e0 Saintes et 137 \u00e0 Tonnay-Charente. De leur c\u00f4t\u00e9, les agents du D\u00e9partement ont effectu\u00e9 pr\u00e8s d\u2019une trentaine d\u2019interventions du m\u00eame type dans les secteurs de Marennes, Saint-Jean-d\u2019Ang\u00e9ly, \u00c9chillais et Jonzac. En pr\u00e9vision des risques li\u00e9s \u00e0 une v\u00e9g\u00e9tation d\u00e9j\u00e0 fragilis\u00e9e par l\u2019\u00e9pisode de neige survenu mardi et mercredi et des sols gorg\u00e9s d\u2019eau, la RD 25 de la for\u00eat de Suzac \u00e0 Saint-Georges-de-Didonne a \u00e9t\u00e9 barr\u00e9e, tout comme la RD201E1 \u00e0 Sainte-Marie-de-R\u00e9. Le pr\u00e9fet de la Charente-Maritime Brice Blondel appelait d\u00e8s hier \u00e0 la plus grande prudence.<br \/>\nUne vigilance particuli\u00e8re est requise concernant les arbres qui ont pu \u00eatre fragilis\u00e9s par l\u2019\u00e9pisode neigeux survenu mardi et mercredi. Sous l\u2019effet de la temp\u00eate et des fortes rafales, des chutes d\u2019arbres et de branches sont possibles. Il convient donc d\u2019\u00e9viter de rester ou de stationner son v\u00e9hicule sous un arbre. Comme il est fortement d\u00e9conseill\u00e9 de se promener en for\u00eat.<br \/>\nSi votre toiture a subi des d\u00e9g\u00e2ts, il convient de ne pas intervenir et de faire appel \u00e0 un professionnel ou de contacter les secours en cas d\u2019urgence. Et si, pr\u00e8s de chez vous, des fils \u00e9lectriques sont tomb\u00e9s au sol ou des poteaux sont endommag\u00e9s, il est demand\u00e9 de signaler toutes anomalies ou situations dangereuses en contactant le service de d\u00e9pannage d\u2019urgence au 09 726 750 17, accessible 24h\/24 et 7j\/7. Les \u00e9quipes d\u2019Enedis sont mobilis\u00e9es et pr\u00eates \u00e0 intervenir en cas d\u2019incident sur le r\u00e9seau public de distribution d\u2019\u00e9lectricit\u00e9 pour r\u00e9alimenter les foyers dans les meilleurs d\u00e9lais en cas de panne. Une cellule de crise op\u00e9rationnelle a \u00e9t\u00e9 ouverte au sein de la direction r\u00e9gionale Poitou-Charentes. Enedis a d\u00e9clench\u00e9 sa Force d\u2019Intervention Rapide d\u2019Electricit\u00e9 qui regroupe des salari\u00e9s volontaires pouvant se mobiliser en renfort des r\u00e9gions voisines.<br \/>\nEnedis informe que 2 000 foyers ont \u00e9t\u00e9 priv\u00e9s d\u2019\u00e9lectricit\u00e9 en Poitou-Charentes, essentiellement en Charente et Charente-Maritime. Un retour \u00e0 la normale est attendu d\u2019ici la fin de journ\u00e9e.<\/p>\n<p>Cons\u00e9quence du passage de la temp\u00eate Goretti, des perturbations sont \u00e0 pr\u00e9voir sur la liaison maritime entre Fouras et l\u2019\u00eele d\u2019Aix. Plusieurs rotations des bacs sont annul\u00e9es aujourd\u2019hui et demain. Une reprise de l\u2019activit\u00e9 n\u2019est pas envisag\u00e9e avant demain matin.<br \/>\nC\u00f4t\u00e9 transports toujours, \u00e0 la SNCF, le trafic des trains est perturb\u00e9 depuis hier soir, notamment sur les lignes La Rochelle-Poitiers, Saintes-La Rochelle et Royan-Saintes. Un retour \u00e0 la normale est attendu \u00e0 la mi-journ\u00e9e.<\/p>\n<p>Hier soir, la circulation sur le pont d\u2019Ol\u00e9ron a \u00e9t\u00e9 interdite aux pi\u00e9tons, deux-roues et v\u00e9hicules avec remorque. La vitesse a \u00e9t\u00e9 limit\u00e9e \u00e0 50 km\/h. Ces restrictions ont \u00e9t\u00e9 lev\u00e9es ce matin<br \/>\n\u00c0 Tonnay-Charente, le pont suspendu est ferm\u00e9 depuis hier apr\u00e8s-midi jusqu\u2019\u00e0 midi, tout comme l\u2019ensemble des terrains du stade municipal.<br \/>\n\u00c0 La Rochelle, les parcs et jardins ont \u00e9t\u00e9 ferm\u00e9s, tout comme le Jardin public de Marennes en raison des risques de chutes d\u2019arbres.<br \/>\n\u00c0 Rochefort, outre les parcs et jardins et sur le chemin de Charente, l\u2019acc\u00e8s aux abords du pont Transbordeur est \u00e9galement interdit. Une quarantaine de riverains ont \u00e9t\u00e9 \u00e9vacu\u00e9s hier par pr\u00e9caution. Par ailleurs, les \u00e9quipements sportifs et culturels de la ville ont \u00e9t\u00e9 ferm\u00e9s par mesure de s\u00e9curit\u00e9.<\/p>\n","protected":false},"excerpt":{"rendered":"<p>Fin de l\u2019alerte orange aux vents violents en Charente-Maritime. Le d\u00e9partement est repass\u00e9 en vigilance jaune vents et orages, mais la prudence reste de mise suite au passage de la temp\u00eate Goretti,<a class=\"moretag\" href=\"https:\/\/www.helenefm.com\/?p=68612\">Lire la suite&#8230;<\/a><\/p>\n","protected":false},"author":1,"featured_media":0,"comment_status":"closed","ping_status":"closed","sticky":false,"template":"","format":"standard","meta":{"_monsterinsights_skip_tracking":false,"_monsterinsights_sitenote_active":false,"_monsterinsights_sitenote_note":"","_monsterinsights_sitenote_category":0,"jetpack_post_was_ever_published":false,"_jetpack_newsletter_access":"","_jetpack_dont_email_post_to_subs":false,"_jetpack_newsletter_tier_id":0,"_jetpack_memberships_contains_paywalled_content":false,"_jetpack_memberships_contains_paid_content":false,"footnotes":"","jetpack_publicize_message":"","jetpack_publicize_feature_enabled":true,"jetpack_social_post_already_shared":true,"jetpack_social_options":{"image_generator_settings":{"template":"highway","default_image_id":0,"font":"","enabled":false},"version":2}},"categories":[103],"tags":[113],"class_list":["post-68612","post","type-post","status-publish","format-standard","hentry","category-fil-infos-redaction","tag-charente-maritime"],"views":1038,"jetpack_publicize_connections":[],"jetpack_featured_media_url":"","jetpack_sharing_enabled":true,"jetpack_shortlink":"https:\/\/wp.me\/p48eP9-hQE","_links":{"self":[{"href":"https:\/\/www.helenefm.com\/index.php?rest_route=\/wp\/v2\/posts\/68612","targetHints":{"allow":["GET"]}}],"collection":[{"href":"https:\/\/www.helenefm.com\/index.php?rest_route=\/wp\/v2\/posts"}],"about":[{"href":"https:\/\/www.helenefm.com\/index.php?rest_route=\/wp\/v2\/types\/post"}],"author":[{"embeddable":true,"href":"https:\/\/www.helenefm.com\/index.php?rest_route=\/wp\/v2\/users\/1"}],"replies":[{"embeddable":true,"href":"https:\/\/www.helenefm.com\/index.php?rest_route=%2Fwp%2Fv2%2Fcomments&post=68612"}],"version-history":[{"count":2,"href":"https:\/\/www.helenefm.com\/index.php?rest_route=\/wp\/v2\/posts\/68612\/revisions"}],"predecessor-version":[{"id":68614,"href":"https:\/\/www.helenefm.com\/index.php?rest_route=\/wp\/v2\/posts\/68612\/revisions\/68614"}],"wp:attachment":[{"href":"https:\/\/www.helenefm.com\/index.php?rest_route=%2Fwp%2Fv2%2Fmedia&parent=68612"}],"wp:term":[{"taxonomy":"category","embeddable":true,"href":"https:\/\/www.helenefm.com\/index.php?rest_route=%2Fwp%2Fv2%2Fcategories&post=68612"},{"taxonomy":"post_tag","embeddable":true,"href":"https:\/\/www.helenefm.com\/index.php?rest_route=%2Fwp%2Fv2%2Ftags&post=68612"}],"curies":[{"name":"wp","href":"https:\/\/api.w.org\/{rel}","templated":true}]}}