{"id":68571,"date":"2026-01-06T07:32:50","date_gmt":"2026-01-06T06:32:50","guid":{"rendered":"https:\/\/www.helenefm.com\/?p=68571"},"modified":"2026-01-06T07:32:50","modified_gmt":"2026-01-06T06:32:50","slug":"nouvelle-aquitaine-la-circulation-des-convois-de-tracteurs-interdite-dans-la-region","status":"publish","type":"post","link":"https:\/\/www.helenefm.com\/?p=68571","title":{"rendered":"Nouvelle-Aquitaine : la circulation des convois de tracteurs interdite dans la r\u00e9gion"},"content":{"rendered":"<p>La circulation des convois de tracteurs est interdite en Nouvelle-Aquitaine jusqu\u2019au 8 janvier minuit. D\u00e9cision du pr\u00e9fet de r\u00e9gion qui a pris un arr\u00eat\u00e9 hier pour r\u00e9glementer exceptionnellement la circulation sur le r\u00e9seau routier r\u00e9gional, alors que la mobilisation des agriculteurs reprend en France. La mesure vaut \u00e9galement pour les poids lourds transportant des tracteurs ou engins agricoles de cat\u00e9gories T, C, R et S.<\/p>\n","protected":false},"excerpt":{"rendered":"<p>La circulation des convois de tracteurs est interdite en Nouvelle-Aquitaine jusqu\u2019au 8 janvier minuit. D\u00e9cision du pr\u00e9fet de r\u00e9gion qui a pris un arr\u00eat\u00e9 hier pour r\u00e9glementer exceptionnellement la circulation sur le<a class=\"moretag\" href=\"https:\/\/www.helenefm.com\/?p=68571\">Lire la suite&#8230;<\/a><\/p>\n","protected":false},"author":1,"featured_media":0,"comment_status":"closed","ping_status":"closed","sticky":false,"template":"","format":"standard","meta":{"_monsterinsights_skip_tracking":false,"_monsterinsights_sitenote_active":false,"_monsterinsights_sitenote_note":"","_monsterinsights_sitenote_category":0,"jetpack_post_was_ever_published":false,"_jetpack_newsletter_access":"","_jetpack_dont_email_post_to_subs":false,"_jetpack_newsletter_tier_id":0,"_jetpack_memberships_contains_paywalled_content":false,"_jetpack_memberships_contains_paid_content":false,"footnotes":"","jetpack_publicize_message":"","jetpack_publicize_feature_enabled":true,"jetpack_social_post_already_shared":true,"jetpack_social_options":{"image_generator_settings":{"template":"highway","default_image_id":0,"font":"","enabled":false},"version":2}},"categories":[103],"tags":[],"class_list":["post-68571","post","type-post","status-publish","format-standard","hentry","category-fil-infos-redaction"],"views":382,"jetpack_publicize_connections":[],"jetpack_featured_media_url":"","jetpack_sharing_enabled":true,"jetpack_shortlink":"https:\/\/wp.me\/p48eP9-hPZ","_links":{"self":[{"href":"https:\/\/www.helenefm.com\/index.php?rest_route=\/wp\/v2\/posts\/68571","targetHints":{"allow":["GET"]}}],"collection":[{"href":"https:\/\/www.helenefm.com\/index.php?rest_route=\/wp\/v2\/posts"}],"about":[{"href":"https:\/\/www.helenefm.com\/index.php?rest_route=\/wp\/v2\/types\/post"}],"author":[{"embeddable":true,"href":"https:\/\/www.helenefm.com\/index.php?rest_route=\/wp\/v2\/users\/1"}],"replies":[{"embeddable":true,"href":"https:\/\/www.helenefm.com\/index.php?rest_route=%2Fwp%2Fv2%2Fcomments&post=68571"}],"version-history":[{"count":1,"href":"https:\/\/www.helenefm.com\/index.php?rest_route=\/wp\/v2\/posts\/68571\/revisions"}],"predecessor-version":[{"id":68572,"href":"https:\/\/www.helenefm.com\/index.php?rest_route=\/wp\/v2\/posts\/68571\/revisions\/68572"}],"wp:attachment":[{"href":"https:\/\/www.helenefm.com\/index.php?rest_route=%2Fwp%2Fv2%2Fmedia&parent=68571"}],"wp:term":[{"taxonomy":"category","embeddable":true,"href":"https:\/\/www.helenefm.com\/index.php?rest_route=%2Fwp%2Fv2%2Fcategories&post=68571"},{"taxonomy":"post_tag","embeddable":true,"href":"https:\/\/www.helenefm.com\/index.php?rest_route=%2Fwp%2Fv2%2Ftags&post=68571"}],"curies":[{"name":"wp","href":"https:\/\/api.w.org\/{rel}","templated":true}]}}