{"id":68563,"date":"2026-01-05T16:18:37","date_gmt":"2026-01-05T15:18:37","guid":{"rendered":"https:\/\/www.helenefm.com\/?p=68563"},"modified":"2026-01-05T16:18:37","modified_gmt":"2026-01-05T15:18:37","slug":"neige-verglas-en-charente-maritime-transports-scolaires-suspendus-demain-collectes-des-dechets-reportees","status":"publish","type":"post","link":"https:\/\/www.helenefm.com\/?p=68563","title":{"rendered":"Neige-verglas en Charente-Maritime : transports scolaires suspendus demain, collectes des d\u00e9chets report\u00e9es&#8230;"},"content":{"rendered":"<p>Cons\u00e9quence de la vigilance orange neige-verglas, les transports scolaires sont suspendus pour la journ\u00e9e de ce mardi en Charente-Maritime.<br \/>\nDans l\u2019Agglom\u00e9ration de La Rochelle, des perturbations sont \u00e9galement \u00e0 pr\u00e9voir en ce qui concerne les transports en commun, mais aussi la collecte des d\u00e9chets.<br \/>\nDans le Bassin de Marennes, la R\u00e9gie des d\u00e9chets de la Communaut\u00e9 de communes modifie la collecte des ordures m\u00e9nag\u00e8res. Dans le meilleur des cas, celle-ci sera d\u00e9cal\u00e9e \u00e0 partir de 10h. Sinon, elle sera report\u00e9e si la situation perdure. Il en sera de m\u00eame pour la collecte des cartons des professionnels.<\/p>\n","protected":false},"excerpt":{"rendered":"<p>Cons\u00e9quence de la vigilance orange neige-verglas, les transports scolaires sont suspendus pour la journ\u00e9e de ce mardi en Charente-Maritime. Dans l\u2019Agglom\u00e9ration de La Rochelle, des perturbations sont \u00e9galement \u00e0 pr\u00e9voir en ce<a class=\"moretag\" href=\"https:\/\/www.helenefm.com\/?p=68563\">Lire la suite&#8230;<\/a><\/p>\n","protected":false},"author":1,"featured_media":1142,"comment_status":"closed","ping_status":"closed","sticky":false,"template":"","format":"standard","meta":{"_monsterinsights_skip_tracking":false,"_monsterinsights_sitenote_active":false,"_monsterinsights_sitenote_note":"","_monsterinsights_sitenote_category":0,"jetpack_post_was_ever_published":false,"_jetpack_newsletter_access":"","_jetpack_dont_email_post_to_subs":false,"_jetpack_newsletter_tier_id":0,"_jetpack_memberships_contains_paywalled_content":false,"_jetpack_memberships_contains_paid_content":false,"footnotes":"","jetpack_publicize_message":"","jetpack_publicize_feature_enabled":true,"jetpack_social_post_already_shared":true,"jetpack_social_options":{"image_generator_settings":{"template":"highway","default_image_id":0,"font":"","enabled":false},"version":2}},"categories":[103],"tags":[113,31,69],"class_list":["post-68563","post","type-post","status-publish","format-standard","has-post-thumbnail","hentry","category-fil-infos-redaction","tag-charente-maritime","tag-la-rochelle","tag-marennes"],"views":611,"jetpack_publicize_connections":[],"jetpack_featured_media_url":"https:\/\/www.helenefm.com\/wordpress\/wp-content\/uploads\/2014\/01\/verglas-6.jpg","jetpack_sharing_enabled":true,"jetpack_shortlink":"https:\/\/wp.me\/p48eP9-hPR","_links":{"self":[{"href":"https:\/\/www.helenefm.com\/index.php?rest_route=\/wp\/v2\/posts\/68563","targetHints":{"allow":["GET"]}}],"collection":[{"href":"https:\/\/www.helenefm.com\/index.php?rest_route=\/wp\/v2\/posts"}],"about":[{"href":"https:\/\/www.helenefm.com\/index.php?rest_route=\/wp\/v2\/types\/post"}],"author":[{"embeddable":true,"href":"https:\/\/www.helenefm.com\/index.php?rest_route=\/wp\/v2\/users\/1"}],"replies":[{"embeddable":true,"href":"https:\/\/www.helenefm.com\/index.php?rest_route=%2Fwp%2Fv2%2Fcomments&post=68563"}],"version-history":[{"count":1,"href":"https:\/\/www.helenefm.com\/index.php?rest_route=\/wp\/v2\/posts\/68563\/revisions"}],"predecessor-version":[{"id":68564,"href":"https:\/\/www.helenefm.com\/index.php?rest_route=\/wp\/v2\/posts\/68563\/revisions\/68564"}],"wp:featuredmedia":[{"embeddable":true,"href":"https:\/\/www.helenefm.com\/index.php?rest_route=\/wp\/v2\/media\/1142"}],"wp:attachment":[{"href":"https:\/\/www.helenefm.com\/index.php?rest_route=%2Fwp%2Fv2%2Fmedia&parent=68563"}],"wp:term":[{"taxonomy":"category","embeddable":true,"href":"https:\/\/www.helenefm.com\/index.php?rest_route=%2Fwp%2Fv2%2Fcategories&post=68563"},{"taxonomy":"post_tag","embeddable":true,"href":"https:\/\/www.helenefm.com\/index.php?rest_route=%2Fwp%2Fv2%2Ftags&post=68563"}],"curies":[{"name":"wp","href":"https:\/\/api.w.org\/{rel}","templated":true}]}}