{"id":68561,"date":"2026-01-05T16:19:55","date_gmt":"2026-01-05T15:19:55","guid":{"rendered":"https:\/\/www.helenefm.com\/?p=68561"},"modified":"2026-01-05T16:19:55","modified_gmt":"2026-01-05T15:19:55","slug":"neige-verglas-en-charente-maritime-des-conseils-pour-une-conduite-en-toute-securite","status":"publish","type":"post","link":"https:\/\/www.helenefm.com\/?p=68561","title":{"rendered":"Neige-verglas en Charente-Maritime : des conseils pour une conduite en toute s\u00e9curit\u00e9"},"content":{"rendered":"<p>La Charente-Maritime a \u00e9t\u00e9 plac\u00e9e en vigilance orange neige et verglas. L\u2019alerte prend effet \u00e0 partir de 22h ce lundi. M\u00e9t\u00e9o France annonce de fortes chutes de neige. Une perturbation neigeuse va gagner le d\u00e9partement ce soir en apportant des chutes de neige importantes, et ce jusque sur le littoral et les \u00eeles, comprises entre 5 et 10 cm et pouvant localement atteindre 15 cm.<br \/>\nOutre la neige, des gel\u00e9es sont annonc\u00e9es la nuit prochaine et jusqu\u2019en milieu de matin\u00e9e demain. Ce matin d\u00e9j\u00e0, des ph\u00e9nom\u00e8nes glissants ont pu \u00eatre observ\u00e9s, et des op\u00e9rations de salage ont \u00e9t\u00e9 men\u00e9es sur une grande partie du r\u00e9seau d\u00e9partemental, notamment dans les secteurs d\u2019\u00c9chillais, Marennes, Jonzac et Saint-Jean-d\u2019Ang\u00e9ly. La pr\u00e9fecture appelle \u00e0 limiter les d\u00e9placements, et \u00e0 vous \u00e9quiper de cha\u00eenes ou de pneus hiver si vous devez vous d\u00e9placer. Prudence et patience seront les ma\u00eetres-mots sur les routes ce mardi. Voici quelques conseils pour adopter une conduite en toute s\u00e9curit\u00e9 avec Jean-Christophe M\u00e9nard, moniteur et g\u00e9rant de l\u2019entreprise JC auto moto \u00e9cole \u00e0 Saintes :<br \/>\n<audio class=\"wp-audio-shortcode\" id=\"audio-68561-1\" preload=\"none\" style=\"width: 100%;\" controls=\"controls\"><source type=\"audio\/mpeg\" src=\"https:\/\/www.helenefm.com\/wordpress\/wp-content\/uploads\/2026\/01\/conduite-neige.mp3?_=1\" \/><a href=\"https:\/\/www.helenefm.com\/wordpress\/wp-content\/uploads\/2026\/01\/conduite-neige.mp3\">https:\/\/www.helenefm.com\/wordpress\/wp-content\/uploads\/2026\/01\/conduite-neige.mp3<\/a><\/audio>\nDernier conseil enfin, toujours si vous devez prendre le volant : augmenter ses distances de s\u00e9curit\u00e9 avec les autres v\u00e9hicules, car, en cas de verglas, les distances de freinage sont multipli\u00e9es par huit.<\/p>\n","protected":false},"excerpt":{"rendered":"<p>La Charente-Maritime a \u00e9t\u00e9 plac\u00e9e en vigilance orange neige et verglas. L\u2019alerte prend effet \u00e0 partir de 22h ce lundi. M\u00e9t\u00e9o France annonce de fortes chutes de neige. Une perturbation neigeuse va<a class=\"moretag\" href=\"https:\/\/www.helenefm.com\/?p=68561\">Lire la suite&#8230;<\/a><\/p>\n","protected":false},"author":1,"featured_media":1142,"comment_status":"closed","ping_status":"closed","sticky":false,"template":"","format":"standard","meta":{"_monsterinsights_skip_tracking":false,"_monsterinsights_sitenote_active":false,"_monsterinsights_sitenote_note":"","_monsterinsights_sitenote_category":0,"jetpack_post_was_ever_published":false,"_jetpack_newsletter_access":"","_jetpack_dont_email_post_to_subs":false,"_jetpack_newsletter_tier_id":0,"_jetpack_memberships_contains_paywalled_content":false,"_jetpack_memberships_contains_paid_content":false,"footnotes":"","jetpack_publicize_message":"","jetpack_publicize_feature_enabled":true,"jetpack_social_post_already_shared":true,"jetpack_social_options":{"image_generator_settings":{"template":"highway","default_image_id":0,"font":"","enabled":false},"version":2}},"categories":[103],"tags":[113],"class_list":["post-68561","post","type-post","status-publish","format-standard","has-post-thumbnail","hentry","category-fil-infos-redaction","tag-charente-maritime"],"views":807,"jetpack_publicize_connections":[],"jetpack_featured_media_url":"https:\/\/www.helenefm.com\/wordpress\/wp-content\/uploads\/2014\/01\/verglas-6.jpg","jetpack_sharing_enabled":true,"jetpack_shortlink":"https:\/\/wp.me\/p48eP9-hPP","_links":{"self":[{"href":"https:\/\/www.helenefm.com\/index.php?rest_route=\/wp\/v2\/posts\/68561","targetHints":{"allow":["GET"]}}],"collection":[{"href":"https:\/\/www.helenefm.com\/index.php?rest_route=\/wp\/v2\/posts"}],"about":[{"href":"https:\/\/www.helenefm.com\/index.php?rest_route=\/wp\/v2\/types\/post"}],"author":[{"embeddable":true,"href":"https:\/\/www.helenefm.com\/index.php?rest_route=\/wp\/v2\/users\/1"}],"replies":[{"embeddable":true,"href":"https:\/\/www.helenefm.com\/index.php?rest_route=%2Fwp%2Fv2%2Fcomments&post=68561"}],"version-history":[{"count":1,"href":"https:\/\/www.helenefm.com\/index.php?rest_route=\/wp\/v2\/posts\/68561\/revisions"}],"predecessor-version":[{"id":68565,"href":"https:\/\/www.helenefm.com\/index.php?rest_route=\/wp\/v2\/posts\/68561\/revisions\/68565"}],"wp:featuredmedia":[{"embeddable":true,"href":"https:\/\/www.helenefm.com\/index.php?rest_route=\/wp\/v2\/media\/1142"}],"wp:attachment":[{"href":"https:\/\/www.helenefm.com\/index.php?rest_route=%2Fwp%2Fv2%2Fmedia&parent=68561"}],"wp:term":[{"taxonomy":"category","embeddable":true,"href":"https:\/\/www.helenefm.com\/index.php?rest_route=%2Fwp%2Fv2%2Fcategories&post=68561"},{"taxonomy":"post_tag","embeddable":true,"href":"https:\/\/www.helenefm.com\/index.php?rest_route=%2Fwp%2Fv2%2Ftags&post=68561"}],"curies":[{"name":"wp","href":"https:\/\/api.w.org\/{rel}","templated":true}]}}