{"id":68485,"date":"2025-12-29T12:19:36","date_gmt":"2025-12-29T11:19:36","guid":{"rendered":"https:\/\/www.helenefm.com\/?p=68485"},"modified":"2025-12-29T12:23:16","modified_gmt":"2025-12-29T11:23:16","slug":"charente-maritime-katia-bourdin-invite-les-femmes-a-sengager-en-politique","status":"publish","type":"post","link":"https:\/\/www.helenefm.com\/?p=68485","title":{"rendered":"Charente-Maritime : une tribune pour encourager les femmes \u00e0 s&rsquo;engager en politique"},"content":{"rendered":"<p>L\u2019appel d\u2019une \u00e9lue de Charente-Maritime pour l\u2019engagement des femmes en politique. \u00c0 un peu plus de deux mois des \u00e9lections municipales, qui auront lieu les 15 et 22 mars, la conseill\u00e8re r\u00e9gionale Katia Bourdin a publi\u00e9 une tribune le mois dernier dans laquelle elle encourage vivement la gent f\u00e9minine \u00e0 sauter le pas, afin de garantir une r\u00e9elle parit\u00e9 dans les instances communales et intercommunales. \u00ab Municipales 2026 : r\u00e9veillez la candidate qui est en vous ! \u00bb, titre-t-elle. On l\u2019\u00e9coute :<\/p>\n<audio class=\"wp-audio-shortcode\" id=\"audio-68485-1\" preload=\"none\" style=\"width: 100%;\" controls=\"controls\"><source type=\"audio\/mpeg\" src=\"https:\/\/www.helenefm.com\/wordpress\/wp-content\/uploads\/2025\/12\/bourdin-femmes-politique.mp3?_=1\" \/><a href=\"https:\/\/www.helenefm.com\/wordpress\/wp-content\/uploads\/2025\/12\/bourdin-femmes-politique.mp3\">https:\/\/www.helenefm.com\/wordpress\/wp-content\/uploads\/2025\/12\/bourdin-femmes-politique.mp3<\/a><\/audio>\n<p>Katia Bourdin organise r\u00e9guli\u00e8rement des \u00ab Caf\u00e9s des femmes engag\u00e9es \u00bb pour encourager les femmes \u00e0 s\u2019engager en politique. Le prochain aura lieu le 17 janvier. Le lieu et l\u2019heure restent \u00e0 pr\u00e9ciser.<\/p>\n","protected":false},"excerpt":{"rendered":"<p>L\u2019appel d\u2019une \u00e9lue de Charente-Maritime pour l\u2019engagement des femmes en politique. \u00c0 un peu plus de deux mois des \u00e9lections municipales, qui auront lieu les 15 et 22 mars, la conseill\u00e8re r\u00e9gionale<a class=\"moretag\" href=\"https:\/\/www.helenefm.com\/?p=68485\">Lire la suite&#8230;<\/a><\/p>\n","protected":false},"author":1,"featured_media":0,"comment_status":"closed","ping_status":"closed","sticky":false,"template":"","format":"standard","meta":{"_monsterinsights_skip_tracking":false,"_monsterinsights_sitenote_active":false,"_monsterinsights_sitenote_note":"","_monsterinsights_sitenote_category":0,"jetpack_post_was_ever_published":false,"_jetpack_newsletter_access":"","_jetpack_dont_email_post_to_subs":false,"_jetpack_newsletter_tier_id":0,"_jetpack_memberships_contains_paywalled_content":false,"_jetpack_memberships_contains_paid_content":false,"footnotes":"","jetpack_publicize_message":"","jetpack_publicize_feature_enabled":true,"jetpack_social_post_already_shared":true,"jetpack_social_options":{"image_generator_settings":{"template":"highway","default_image_id":0,"font":"","enabled":false},"version":2}},"categories":[103],"tags":[113],"class_list":["post-68485","post","type-post","status-publish","format-standard","hentry","category-fil-infos-redaction","tag-charente-maritime"],"views":466,"jetpack_publicize_connections":[],"jetpack_featured_media_url":"","jetpack_sharing_enabled":true,"jetpack_shortlink":"https:\/\/wp.me\/p48eP9-hOB","_links":{"self":[{"href":"https:\/\/www.helenefm.com\/index.php?rest_route=\/wp\/v2\/posts\/68485","targetHints":{"allow":["GET"]}}],"collection":[{"href":"https:\/\/www.helenefm.com\/index.php?rest_route=\/wp\/v2\/posts"}],"about":[{"href":"https:\/\/www.helenefm.com\/index.php?rest_route=\/wp\/v2\/types\/post"}],"author":[{"embeddable":true,"href":"https:\/\/www.helenefm.com\/index.php?rest_route=\/wp\/v2\/users\/1"}],"replies":[{"embeddable":true,"href":"https:\/\/www.helenefm.com\/index.php?rest_route=%2Fwp%2Fv2%2Fcomments&post=68485"}],"version-history":[{"count":2,"href":"https:\/\/www.helenefm.com\/index.php?rest_route=\/wp\/v2\/posts\/68485\/revisions"}],"predecessor-version":[{"id":68492,"href":"https:\/\/www.helenefm.com\/index.php?rest_route=\/wp\/v2\/posts\/68485\/revisions\/68492"}],"wp:attachment":[{"href":"https:\/\/www.helenefm.com\/index.php?rest_route=%2Fwp%2Fv2%2Fmedia&parent=68485"}],"wp:term":[{"taxonomy":"category","embeddable":true,"href":"https:\/\/www.helenefm.com\/index.php?rest_route=%2Fwp%2Fv2%2Fcategories&post=68485"},{"taxonomy":"post_tag","embeddable":true,"href":"https:\/\/www.helenefm.com\/index.php?rest_route=%2Fwp%2Fv2%2Ftags&post=68485"}],"curies":[{"name":"wp","href":"https:\/\/api.w.org\/{rel}","templated":true}]}}