{"id":68441,"date":"2025-12-24T07:37:06","date_gmt":"2025-12-24T06:37:06","guid":{"rendered":"https:\/\/www.helenefm.com\/?p=68441"},"modified":"2025-12-24T07:37:06","modified_gmt":"2025-12-24T06:37:06","slug":"charente-maritime-appel-a-temoins-apres-la-disparition-dun-homme-de-22-ans","status":"publish","type":"post","link":"https:\/\/www.helenefm.com\/?p=68441","title":{"rendered":"Charente-Maritime : appel \u00e0 t\u00e9moins apr\u00e8s la disparition d&rsquo;un homme de 22 ans"},"content":{"rendered":"<p><img loading=\"lazy\" decoding=\"async\" data-attachment-id=\"68442\" data-permalink=\"https:\/\/www.helenefm.com\/?attachment_id=68442\" data-orig-file=\"https:\/\/www.helenefm.com\/wordpress\/wp-content\/uploads\/2025\/12\/603859670_1173570968300321_6039913151817227667_n.jpg\" data-orig-size=\"1280,720\" data-comments-opened=\"0\" data-image-meta=\"{&quot;aperture&quot;:&quot;0&quot;,&quot;credit&quot;:&quot;&quot;,&quot;camera&quot;:&quot;&quot;,&quot;caption&quot;:&quot;&quot;,&quot;created_timestamp&quot;:&quot;0&quot;,&quot;copyright&quot;:&quot;&quot;,&quot;focal_length&quot;:&quot;0&quot;,&quot;iso&quot;:&quot;0&quot;,&quot;shutter_speed&quot;:&quot;0&quot;,&quot;title&quot;:&quot;&quot;,&quot;orientation&quot;:&quot;0&quot;}\" data-image-title=\"603859670_1173570968300321_6039913151817227667_n\" data-image-description=\"\" data-image-caption=\"\" data-large-file=\"https:\/\/www.helenefm.com\/wordpress\/wp-content\/uploads\/2025\/12\/603859670_1173570968300321_6039913151817227667_n-1024x576.jpg\" class=\"size-full wp-image-68442 aligncenter\" src=\"https:\/\/www.helenefm.com\/wordpress\/wp-content\/uploads\/2025\/12\/603859670_1173570968300321_6039913151817227667_n.jpg\" alt=\"\" width=\"1280\" height=\"720\" srcset=\"https:\/\/www.helenefm.com\/wordpress\/wp-content\/uploads\/2025\/12\/603859670_1173570968300321_6039913151817227667_n.jpg 1280w, https:\/\/www.helenefm.com\/wordpress\/wp-content\/uploads\/2025\/12\/603859670_1173570968300321_6039913151817227667_n-300x169.jpg 300w, https:\/\/www.helenefm.com\/wordpress\/wp-content\/uploads\/2025\/12\/603859670_1173570968300321_6039913151817227667_n-1024x576.jpg 1024w, https:\/\/www.helenefm.com\/wordpress\/wp-content\/uploads\/2025\/12\/603859670_1173570968300321_6039913151817227667_n-768x432.jpg 768w\" sizes=\"auto, (max-width: 1280px) 100vw, 1280px\" \/><br \/>\nLa gendarmerie de la Charente-Maritime a lanc\u00e9 un appel \u00e0 t\u00e9moins hier, apr\u00e8s la disparition d\u2019un jeune homme de 22 ans. Jan Vanlerverghe a quitt\u00e9 le domicile familial de Lorignac, au sud du d\u00e9partement, dans la nuit de dimanche \u00e0 lundi, vers 3h15. Il est parti sans son t\u00e9l\u00e9phone. D\u2019importants moyens ont \u00e9t\u00e9 engag\u00e9s pour le retrouver, notamment un h\u00e9licopt\u00e8re et une \u00e9quipe cynophile, en vain. Voici son signalement : cheveux longs noirs, un bouc, les yeux marron-verts, 1,75m. Le jeune homme, de corpulence normale, \u00e9tait v\u00eatu tout en noir quand il est parti, et portait des chaussures de mod\u00e8le TN. Si vous avez des informations, vous pouvez contacter le 05 46 49 60 71.<\/p>\n","protected":false},"excerpt":{"rendered":"<p>La gendarmerie de la Charente-Maritime a lanc\u00e9 un appel \u00e0 t\u00e9moins hier, apr\u00e8s la disparition d\u2019un jeune homme de 22 ans. Jan Vanlerverghe a quitt\u00e9 le domicile familial de Lorignac, au sud<a class=\"moretag\" href=\"https:\/\/www.helenefm.com\/?p=68441\">Lire la suite&#8230;<\/a><\/p>\n","protected":false},"author":1,"featured_media":68442,"comment_status":"closed","ping_status":"closed","sticky":false,"template":"","format":"standard","meta":{"_monsterinsights_skip_tracking":false,"_monsterinsights_sitenote_active":false,"_monsterinsights_sitenote_note":"","_monsterinsights_sitenote_category":0,"jetpack_post_was_ever_published":false,"_jetpack_newsletter_access":"","_jetpack_dont_email_post_to_subs":false,"_jetpack_newsletter_tier_id":0,"_jetpack_memberships_contains_paywalled_content":false,"_jetpack_memberships_contains_paid_content":false,"footnotes":"","jetpack_publicize_message":"","jetpack_publicize_feature_enabled":true,"jetpack_social_post_already_shared":true,"jetpack_social_options":{"image_generator_settings":{"template":"highway","default_image_id":0,"font":"","enabled":false},"version":2}},"categories":[103],"tags":[113],"class_list":["post-68441","post","type-post","status-publish","format-standard","has-post-thumbnail","hentry","category-fil-infos-redaction","tag-charente-maritime"],"views":531,"jetpack_publicize_connections":[],"jetpack_featured_media_url":"https:\/\/www.helenefm.com\/wordpress\/wp-content\/uploads\/2025\/12\/603859670_1173570968300321_6039913151817227667_n.jpg","jetpack_sharing_enabled":true,"jetpack_shortlink":"https:\/\/wp.me\/p48eP9-hNT","_links":{"self":[{"href":"https:\/\/www.helenefm.com\/index.php?rest_route=\/wp\/v2\/posts\/68441","targetHints":{"allow":["GET"]}}],"collection":[{"href":"https:\/\/www.helenefm.com\/index.php?rest_route=\/wp\/v2\/posts"}],"about":[{"href":"https:\/\/www.helenefm.com\/index.php?rest_route=\/wp\/v2\/types\/post"}],"author":[{"embeddable":true,"href":"https:\/\/www.helenefm.com\/index.php?rest_route=\/wp\/v2\/users\/1"}],"replies":[{"embeddable":true,"href":"https:\/\/www.helenefm.com\/index.php?rest_route=%2Fwp%2Fv2%2Fcomments&post=68441"}],"version-history":[{"count":1,"href":"https:\/\/www.helenefm.com\/index.php?rest_route=\/wp\/v2\/posts\/68441\/revisions"}],"predecessor-version":[{"id":68443,"href":"https:\/\/www.helenefm.com\/index.php?rest_route=\/wp\/v2\/posts\/68441\/revisions\/68443"}],"wp:featuredmedia":[{"embeddable":true,"href":"https:\/\/www.helenefm.com\/index.php?rest_route=\/wp\/v2\/media\/68442"}],"wp:attachment":[{"href":"https:\/\/www.helenefm.com\/index.php?rest_route=%2Fwp%2Fv2%2Fmedia&parent=68441"}],"wp:term":[{"taxonomy":"category","embeddable":true,"href":"https:\/\/www.helenefm.com\/index.php?rest_route=%2Fwp%2Fv2%2Fcategories&post=68441"},{"taxonomy":"post_tag","embeddable":true,"href":"https:\/\/www.helenefm.com\/index.php?rest_route=%2Fwp%2Fv2%2Ftags&post=68441"}],"curies":[{"name":"wp","href":"https:\/\/api.w.org\/{rel}","templated":true}]}}