{"id":68419,"date":"2025-12-23T09:30:34","date_gmt":"2025-12-23T08:30:34","guid":{"rendered":"https:\/\/www.helenefm.com\/?p=68419"},"modified":"2025-12-23T09:30:34","modified_gmt":"2025-12-23T08:30:34","slug":"municipales-2026-pascale-gris-devoile-sa-liste-surgeres-avec-vous","status":"publish","type":"post","link":"https:\/\/www.helenefm.com\/?p=68419","title":{"rendered":"Municipales 2026 : Pascale Gris d\u00e9voile sa liste \u00ab Surg\u00e8res avec vous \u00bb"},"content":{"rendered":"<div id=\"attachment_68422\" style=\"width: 1076px\" class=\"wp-caption aligncenter\"><img loading=\"lazy\" decoding=\"async\" aria-describedby=\"caption-attachment-68422\" data-attachment-id=\"68422\" data-permalink=\"https:\/\/www.helenefm.com\/?attachment_id=68422\" data-orig-file=\"https:\/\/www.helenefm.com\/wordpress\/wp-content\/uploads\/2025\/12\/pascale-gris-2.jpg\" data-orig-size=\"1066,1598\" data-comments-opened=\"0\" data-image-meta=\"{&quot;aperture&quot;:&quot;0&quot;,&quot;credit&quot;:&quot;&quot;,&quot;camera&quot;:&quot;&quot;,&quot;caption&quot;:&quot;&quot;,&quot;created_timestamp&quot;:&quot;0&quot;,&quot;copyright&quot;:&quot;&quot;,&quot;focal_length&quot;:&quot;0&quot;,&quot;iso&quot;:&quot;0&quot;,&quot;shutter_speed&quot;:&quot;0&quot;,&quot;title&quot;:&quot;&quot;,&quot;orientation&quot;:&quot;0&quot;}\" data-image-title=\"pascale gris 2\" data-image-description=\"\" data-image-caption=\"\" data-large-file=\"https:\/\/www.helenefm.com\/wordpress\/wp-content\/uploads\/2025\/12\/pascale-gris-2-683x1024.jpg\" class=\"wp-image-68422 size-full\" src=\"https:\/\/www.helenefm.com\/wordpress\/wp-content\/uploads\/2025\/12\/pascale-gris-2.jpg\" alt=\"\" width=\"1066\" height=\"1598\" srcset=\"https:\/\/www.helenefm.com\/wordpress\/wp-content\/uploads\/2025\/12\/pascale-gris-2.jpg 1066w, https:\/\/www.helenefm.com\/wordpress\/wp-content\/uploads\/2025\/12\/pascale-gris-2-200x300.jpg 200w, https:\/\/www.helenefm.com\/wordpress\/wp-content\/uploads\/2025\/12\/pascale-gris-2-683x1024.jpg 683w, https:\/\/www.helenefm.com\/wordpress\/wp-content\/uploads\/2025\/12\/pascale-gris-2-768x1151.jpg 768w, https:\/\/www.helenefm.com\/wordpress\/wp-content\/uploads\/2025\/12\/pascale-gris-2-1025x1536.jpg 1025w\" sizes=\"auto, (max-width: 1066px) 100vw, 1066px\" \/><p id=\"caption-attachment-68422\" class=\"wp-caption-text\">Pascale Gris, t\u00eate de la liste \u00ab\u00a0Surg\u00e8res avec vous\u00a0\u00bb.<\/p><\/div>\n<p>Municipales 2026 : Pascale Gris d\u00e9voile sa liste \u00ab Surg\u00e8res avec vous \u00bb. Une liste compl\u00e8te et renouvel\u00e9e aux deux tiers pour la candidate de la majorit\u00e9 divers droite sortante. 11 membres de son camp repartent sur 24. Avec une moyenne d\u2019\u00e2ge de 53 ans, ses 29 colistiers \u00e2g\u00e9s de 20 \u00e0 72 ans sont repr\u00e9sentatifs de la population surg\u00e9rienne et d\u00e9j\u00e0 tr\u00e8s impliqu\u00e9s localement, selon Pascale Gris qui reconna\u00eet avoir eu un peu de mal \u00e0 boucler sa liste :<\/p>\n<audio class=\"wp-audio-shortcode\" id=\"audio-68419-1\" preload=\"none\" style=\"width: 100%;\" controls=\"controls\"><source type=\"audio\/mpeg\" src=\"https:\/\/www.helenefm.com\/wordpress\/wp-content\/uploads\/2025\/12\/pascale-gris-1.mp3?_=1\" \/><a href=\"https:\/\/www.helenefm.com\/wordpress\/wp-content\/uploads\/2025\/12\/pascale-gris-1.mp3\">https:\/\/www.helenefm.com\/wordpress\/wp-content\/uploads\/2025\/12\/pascale-gris-1.mp3<\/a><\/audio>\n<p>Pascale Gris qui pr\u00e9sentera sa liste lors d\u2019une rencontre publique le 5 f\u00e9vrier, \u00e0 19h, \u00e0 la salle du Lavoir, avant une r\u00e9union publique le 2 mars, m\u00eame heure, m\u00eame lieu, au cours de laquelle elle d\u00e9taillera son programme. Un programme qui s\u2019articule autour de sept axes prioritaires :<\/p>\n<audio class=\"wp-audio-shortcode\" id=\"audio-68419-2\" preload=\"none\" style=\"width: 100%;\" controls=\"controls\"><source type=\"audio\/mpeg\" src=\"https:\/\/www.helenefm.com\/wordpress\/wp-content\/uploads\/2025\/12\/pascale-gris-2.mp3?_=2\" \/><a href=\"https:\/\/www.helenefm.com\/wordpress\/wp-content\/uploads\/2025\/12\/pascale-gris-2.mp3\">https:\/\/www.helenefm.com\/wordpress\/wp-content\/uploads\/2025\/12\/pascale-gris-2.mp3<\/a><\/audio>\n<p>Pascale Gris qui poursuit sa campagne, m\u00eame pendant les f\u00eates, avec la distribution de tracts d\u00e9voilant les grandes lignes de son programme, entre No\u00ebl et le Nouvel an. Pascal Gris qui pr\u00e9cise, par ailleurs, qu\u2019elle ne convoite pas la pr\u00e9sidence de la Communaut\u00e9 de Communes Aunis Sud, mais a minima un poste de vice-pr\u00e9sidente.<\/p>\n","protected":false},"excerpt":{"rendered":"<p>Municipales 2026 : Pascale Gris d\u00e9voile sa liste \u00ab Surg\u00e8res avec vous \u00bb. Une liste compl\u00e8te et renouvel\u00e9e aux deux tiers pour la candidate de la majorit\u00e9 divers droite sortante. 11 membres<a class=\"moretag\" href=\"https:\/\/www.helenefm.com\/?p=68419\">Lire la suite&#8230;<\/a><\/p>\n","protected":false},"author":1,"featured_media":68422,"comment_status":"closed","ping_status":"closed","sticky":false,"template":"","format":"standard","meta":{"_monsterinsights_skip_tracking":false,"_monsterinsights_sitenote_active":false,"_monsterinsights_sitenote_note":"","_monsterinsights_sitenote_category":0,"jetpack_post_was_ever_published":false,"_jetpack_newsletter_access":"","_jetpack_dont_email_post_to_subs":false,"_jetpack_newsletter_tier_id":0,"_jetpack_memberships_contains_paywalled_content":false,"_jetpack_memberships_contains_paid_content":false,"footnotes":"","jetpack_publicize_message":"","jetpack_publicize_feature_enabled":true,"jetpack_social_post_already_shared":true,"jetpack_social_options":{"image_generator_settings":{"template":"highway","default_image_id":0,"font":"","enabled":false},"version":2}},"categories":[103],"tags":[43],"class_list":["post-68419","post","type-post","status-publish","format-standard","has-post-thumbnail","hentry","category-fil-infos-redaction","tag-surgeres"],"views":2336,"jetpack_publicize_connections":[],"jetpack_featured_media_url":"https:\/\/www.helenefm.com\/wordpress\/wp-content\/uploads\/2025\/12\/pascale-gris-2.jpg","jetpack_sharing_enabled":true,"jetpack_shortlink":"https:\/\/wp.me\/p48eP9-hNx","_links":{"self":[{"href":"https:\/\/www.helenefm.com\/index.php?rest_route=\/wp\/v2\/posts\/68419","targetHints":{"allow":["GET"]}}],"collection":[{"href":"https:\/\/www.helenefm.com\/index.php?rest_route=\/wp\/v2\/posts"}],"about":[{"href":"https:\/\/www.helenefm.com\/index.php?rest_route=\/wp\/v2\/types\/post"}],"author":[{"embeddable":true,"href":"https:\/\/www.helenefm.com\/index.php?rest_route=\/wp\/v2\/users\/1"}],"replies":[{"embeddable":true,"href":"https:\/\/www.helenefm.com\/index.php?rest_route=%2Fwp%2Fv2%2Fcomments&post=68419"}],"version-history":[{"count":1,"href":"https:\/\/www.helenefm.com\/index.php?rest_route=\/wp\/v2\/posts\/68419\/revisions"}],"predecessor-version":[{"id":68424,"href":"https:\/\/www.helenefm.com\/index.php?rest_route=\/wp\/v2\/posts\/68419\/revisions\/68424"}],"wp:featuredmedia":[{"embeddable":true,"href":"https:\/\/www.helenefm.com\/index.php?rest_route=\/wp\/v2\/media\/68422"}],"wp:attachment":[{"href":"https:\/\/www.helenefm.com\/index.php?rest_route=%2Fwp%2Fv2%2Fmedia&parent=68419"}],"wp:term":[{"taxonomy":"category","embeddable":true,"href":"https:\/\/www.helenefm.com\/index.php?rest_route=%2Fwp%2Fv2%2Fcategories&post=68419"},{"taxonomy":"post_tag","embeddable":true,"href":"https:\/\/www.helenefm.com\/index.php?rest_route=%2Fwp%2Fv2%2Ftags&post=68419"}],"curies":[{"name":"wp","href":"https:\/\/api.w.org\/{rel}","templated":true}]}}