{"id":68396,"date":"2025-12-22T07:36:26","date_gmt":"2025-12-22T06:36:26","guid":{"rendered":"https:\/\/www.helenefm.com\/?p=68396"},"modified":"2025-12-22T07:36:26","modified_gmt":"2025-12-22T06:36:26","slug":"royan-les-travaux-de-rehabilitation-de-la-decheterie-vont-demarrer-debut-2026","status":"publish","type":"post","link":"https:\/\/www.helenefm.com\/?p=68396","title":{"rendered":"Royan  : les travaux de r\u00e9habilitation de la d\u00e9ch\u00e8terie vont d\u00e9marrer d\u00e9but 2026"},"content":{"rendered":"<p>Les travaux de r\u00e9habilitation de la d\u00e9ch\u00e8terie de Royan vont d\u00e9marrer d\u00e9but 2026. Le projet de r\u00e9novation et d\u2019extension va d\u00e9buter par une premi\u00e8re phase de d\u00e9molition. Le site restera ferm\u00e9 pendant un an \u00e0 partir du 12 janvier. Les usagers devront se rendre dans d\u2019autres d\u00e9ch\u00e8teries du territoire de la Communaut\u00e9 d\u2019Agglom\u00e9ration Royan Atlantique. Pour r\u00e9pondre \u00e0 leurs besoins, la d\u00e9ch\u00e8terie de Saujon ouvrira six jours sur sept, et celle de Saint-Sulpice-de-Royan sera ouverte aux particuliers en alternance avec les professionnels.<br \/>\nLa r\u00e9habilitation de la d\u00e9ch\u00e8terie de Royan va d\u00e9marrer en janvier avec les premiers travaux de d\u00e9molition. Le site restera ferm\u00e9 un an. Pendant la dur\u00e9e du chantier, les usagers du secteur seront invit\u00e9s \u00e0 se rendre dans les d\u00e9ch\u00e8teries de Saujon, Chaillevette, Arvert, Gr\u00e9zac et Saint-Sulpice-de-Royan.<br \/>\nAm\u00e9nag\u00e9e en 1993 dans la zone d\u2019activit\u00e9 de Royan 2, le site n\u2019est aujourd\u2019hui plus adapt\u00e9 \u00e0 l\u2019afflux des usagers comme \u00e0 l\u2019\u00e9volution de la r\u00e8glementation et des fili\u00e8res de recyclage. Un nouvel \u00e9quipement plus fonctionnel et plus accessible sera am\u00e9nag\u00e9 \u00e0 son emplacement actuel, sur une surface plus grande passant de 3 800 \u00e0 6 000 m\u00e8tres carr\u00e9s, \u00e0 partir de modules en b\u00e9ton pr\u00e9fabriqu\u00e9s.<br \/>\nLa d\u00e9ch\u00e8terie comptera treize quais dans sa partie haute, soit quatre de plus qu\u2019\u00e0 l\u2019heure actuelle, pour recevoir les flux classiques les plus importants comme le bois, le m\u00e9tal, les v\u00e9g\u00e9taux, les gravats ou le carton. Elle disposera sous les quais de 490 m\u00e8tres carr\u00e9s pour collecter les plus petits flux comme les produits chimiques, les d\u00e9chets d&rsquo;\u00e9quipements \u00e9lectriques et \u00e9lectroniques, ainsi que les produits issus de plusieurs autres fili\u00e8res \u00e0 responsabilit\u00e9 \u00e9largie des producteurs tels que les articles de bricolage et de jardin, les articles de sport et de loisirs, et les jouets. Plusieurs points d\u2019apport volontaire seront accessibles 24 heures sur 24 \u00e0 l\u2019ext\u00e9rieur du site, pour le verre, les emballages et le textile.<\/p>\n","protected":false},"excerpt":{"rendered":"<p>Les travaux de r\u00e9habilitation de la d\u00e9ch\u00e8terie de Royan vont d\u00e9marrer d\u00e9but 2026. Le projet de r\u00e9novation et d\u2019extension va d\u00e9buter par une premi\u00e8re phase de d\u00e9molition. Le site restera ferm\u00e9 pendant<a class=\"moretag\" href=\"https:\/\/www.helenefm.com\/?p=68396\">Lire la suite&#8230;<\/a><\/p>\n","protected":false},"author":1,"featured_media":850,"comment_status":"closed","ping_status":"closed","sticky":false,"template":"","format":"standard","meta":{"_monsterinsights_skip_tracking":false,"_monsterinsights_sitenote_active":false,"_monsterinsights_sitenote_note":"","_monsterinsights_sitenote_category":0,"jetpack_post_was_ever_published":false,"_jetpack_newsletter_access":"","_jetpack_dont_email_post_to_subs":false,"_jetpack_newsletter_tier_id":0,"_jetpack_memberships_contains_paywalled_content":false,"_jetpack_memberships_contains_paid_content":false,"footnotes":"","jetpack_publicize_message":"","jetpack_publicize_feature_enabled":true,"jetpack_social_post_already_shared":true,"jetpack_social_options":{"image_generator_settings":{"template":"highway","default_image_id":0,"font":"","enabled":false},"version":2}},"categories":[103],"tags":[45],"class_list":["post-68396","post","type-post","status-publish","format-standard","has-post-thumbnail","hentry","category-fil-infos-redaction","tag-royan"],"views":409,"jetpack_publicize_connections":[],"jetpack_featured_media_url":"https:\/\/www.helenefm.com\/wordpress\/wp-content\/uploads\/2013\/12\/CARA2.jpg","jetpack_sharing_enabled":true,"jetpack_shortlink":"https:\/\/wp.me\/p48eP9-hNa","_links":{"self":[{"href":"https:\/\/www.helenefm.com\/index.php?rest_route=\/wp\/v2\/posts\/68396","targetHints":{"allow":["GET"]}}],"collection":[{"href":"https:\/\/www.helenefm.com\/index.php?rest_route=\/wp\/v2\/posts"}],"about":[{"href":"https:\/\/www.helenefm.com\/index.php?rest_route=\/wp\/v2\/types\/post"}],"author":[{"embeddable":true,"href":"https:\/\/www.helenefm.com\/index.php?rest_route=\/wp\/v2\/users\/1"}],"replies":[{"embeddable":true,"href":"https:\/\/www.helenefm.com\/index.php?rest_route=%2Fwp%2Fv2%2Fcomments&post=68396"}],"version-history":[{"count":1,"href":"https:\/\/www.helenefm.com\/index.php?rest_route=\/wp\/v2\/posts\/68396\/revisions"}],"predecessor-version":[{"id":68397,"href":"https:\/\/www.helenefm.com\/index.php?rest_route=\/wp\/v2\/posts\/68396\/revisions\/68397"}],"wp:featuredmedia":[{"embeddable":true,"href":"https:\/\/www.helenefm.com\/index.php?rest_route=\/wp\/v2\/media\/850"}],"wp:attachment":[{"href":"https:\/\/www.helenefm.com\/index.php?rest_route=%2Fwp%2Fv2%2Fmedia&parent=68396"}],"wp:term":[{"taxonomy":"category","embeddable":true,"href":"https:\/\/www.helenefm.com\/index.php?rest_route=%2Fwp%2Fv2%2Fcategories&post=68396"},{"taxonomy":"post_tag","embeddable":true,"href":"https:\/\/www.helenefm.com\/index.php?rest_route=%2Fwp%2Fv2%2Ftags&post=68396"}],"curies":[{"name":"wp","href":"https:\/\/api.w.org\/{rel}","templated":true}]}}