{"id":68353,"date":"2026-01-12T07:00:12","date_gmt":"2026-01-12T06:00:12","guid":{"rendered":"https:\/\/www.helenefm.com\/?p=68353"},"modified":"2025-12-18T11:32:39","modified_gmt":"2025-12-18T10:32:39","slug":"saint-hilaire-de-villefranche-the-dansant-dimanche-18-janvier-avec-jean-vincent","status":"publish","type":"post","link":"https:\/\/www.helenefm.com\/?p=68353","title":{"rendered":"Saint-Hilaire-de-Villefranche : th\u00e9 dansant dimanche 18 janvier avec Jean Vincent"},"content":{"rendered":"<p>\u00c0 Saint-Hilaire-de-Villefranche, un th\u00e9 dansant est organis\u00e9 par Christian ce dimanche 18 janvier, de 14h30 \u00e0 19h30, \u00e0 la salle polyvalente Jean-Garnier. Il sera anim\u00e9 par l\u2019orchestre de Jean Vincent. L\u2019entr\u00e9e est \u00e0 12\u20ac avec une p\u00e2tisserie offerte. Pour les renseignements et les r\u00e9servations, vous pouvez contacter le 05 46 97 12 00 ou le 06 52 04 67 21 et sur christian.e-monsite.com.<\/p>\n","protected":false},"excerpt":{"rendered":"<p>\u00c0 Saint-Hilaire-de-Villefranche, un th\u00e9 dansant est organis\u00e9 par Christian ce dimanche 18 janvier, de 14h30 \u00e0 19h30, \u00e0 la salle polyvalente Jean-Garnier. Il sera anim\u00e9 par l\u2019orchestre de Jean Vincent. L\u2019entr\u00e9e est<a class=\"moretag\" href=\"https:\/\/www.helenefm.com\/?p=68353\">Lire la suite&#8230;<\/a><\/p>\n","protected":false},"author":1,"featured_media":53811,"comment_status":"closed","ping_status":"closed","sticky":false,"template":"","format":"standard","meta":{"_monsterinsights_skip_tracking":false,"_monsterinsights_sitenote_active":false,"_monsterinsights_sitenote_note":"","_monsterinsights_sitenote_category":0,"jetpack_post_was_ever_published":false,"_jetpack_newsletter_access":"","_jetpack_dont_email_post_to_subs":false,"_jetpack_newsletter_tier_id":0,"_jetpack_memberships_contains_paywalled_content":false,"_jetpack_memberships_contains_paid_content":false,"footnotes":"","jetpack_publicize_message":"","jetpack_publicize_feature_enabled":true,"jetpack_social_post_already_shared":true,"jetpack_social_options":{"image_generator_settings":{"template":"highway","default_image_id":0,"font":"","enabled":false},"version":2}},"categories":[82],"tags":[],"class_list":["post-68353","post","type-post","status-publish","format-standard","has-post-thumbnail","hentry","category-sortir"],"views":298,"jetpack_publicize_connections":[],"jetpack_featured_media_url":"https:\/\/www.helenefm.com\/wordpress\/wp-content\/uploads\/2023\/02\/bal-the-dansant.jpg","jetpack_sharing_enabled":true,"jetpack_shortlink":"https:\/\/wp.me\/p48eP9-hMt","_links":{"self":[{"href":"https:\/\/www.helenefm.com\/index.php?rest_route=\/wp\/v2\/posts\/68353","targetHints":{"allow":["GET"]}}],"collection":[{"href":"https:\/\/www.helenefm.com\/index.php?rest_route=\/wp\/v2\/posts"}],"about":[{"href":"https:\/\/www.helenefm.com\/index.php?rest_route=\/wp\/v2\/types\/post"}],"author":[{"embeddable":true,"href":"https:\/\/www.helenefm.com\/index.php?rest_route=\/wp\/v2\/users\/1"}],"replies":[{"embeddable":true,"href":"https:\/\/www.helenefm.com\/index.php?rest_route=%2Fwp%2Fv2%2Fcomments&post=68353"}],"version-history":[{"count":1,"href":"https:\/\/www.helenefm.com\/index.php?rest_route=\/wp\/v2\/posts\/68353\/revisions"}],"predecessor-version":[{"id":68354,"href":"https:\/\/www.helenefm.com\/index.php?rest_route=\/wp\/v2\/posts\/68353\/revisions\/68354"}],"wp:featuredmedia":[{"embeddable":true,"href":"https:\/\/www.helenefm.com\/index.php?rest_route=\/wp\/v2\/media\/53811"}],"wp:attachment":[{"href":"https:\/\/www.helenefm.com\/index.php?rest_route=%2Fwp%2Fv2%2Fmedia&parent=68353"}],"wp:term":[{"taxonomy":"category","embeddable":true,"href":"https:\/\/www.helenefm.com\/index.php?rest_route=%2Fwp%2Fv2%2Fcategories&post=68353"},{"taxonomy":"post_tag","embeddable":true,"href":"https:\/\/www.helenefm.com\/index.php?rest_route=%2Fwp%2Fv2%2Ftags&post=68353"}],"curies":[{"name":"wp","href":"https:\/\/api.w.org\/{rel}","templated":true}]}}