{"id":6827,"date":"2015-01-19T07:42:41","date_gmt":"2015-01-19T06:42:41","guid":{"rendered":"http:\/\/www.helenefm.com\/?p=6827"},"modified":"2015-01-19T07:42:41","modified_gmt":"2015-01-19T06:42:41","slug":"departementales-la-senatrice-c-imbert-candidate-a-matha-denonce-linjustice-electorale-du-redecoupage-cantonal","status":"publish","type":"post","link":"https:\/\/www.helenefm.com\/?p=6827","title":{"rendered":"D\u00e9partementales : la s\u00e9natrice C. Imbert, candidate \u00e0 Matha, d\u00e9nonce l&rsquo;injustice \u00e9lectorale du red\u00e9coupage cantonal"},"content":{"rendered":"<p style=\"text-align: justify;\">La s\u00e9natrice Corinne Imbert est candidate aux D\u00e9partementales \u00e0 Matha, aux c\u00f4t\u00e9s du Jean-Marie Roustit. Les deux conseillers g\u00e9n\u00e9raux sortants se pr\u00e9sentent pour d\u00e9fendre la ruralit\u00e9 dans le plus grand canton de Charente-Maritime, qui regroupe 63 communes. Un d\u00e9fi pour le bin\u00f4me, qui voit dans le red\u00e9coupage de la carte cantonale une mani\u00e8re de r\u00e9duire l\u2019importance des petites communes. Une r\u00e9forme que Corinne Imbert juge injuste, \u00e9coutez :<\/p>\n[audio:http:\/\/www.helenefm.com\/wordpress\/wp-content\/uploads\/2015\/01\/Corinne-Imbert-160115.mp3]\n<p style=\"text-align: justify;\">D\u00e9sormais en campagne, le bin\u00f4me Imbert-Roustit tiendra une r\u00e9union ce soir \u00e0 Aulnay avec les maires du nouveau canton pour leur pr\u00e9senter leur candidature.<\/p>\n","protected":false},"excerpt":{"rendered":"<p>La s\u00e9natrice Corinne Imbert est candidate aux D\u00e9partementales \u00e0 Matha, aux c\u00f4t\u00e9s du Jean-Marie Roustit. Les deux conseillers g\u00e9n\u00e9raux sortants se pr\u00e9sentent pour d\u00e9fendre la ruralit\u00e9 dans le plus grand canton de<a class=\"moretag\" href=\"https:\/\/www.helenefm.com\/?p=6827\">Lire la suite&#8230;<\/a><\/p>\n","protected":false},"author":1,"featured_media":0,"comment_status":"open","ping_status":"open","sticky":false,"template":"","format":"standard","meta":{"_monsterinsights_skip_tracking":false,"_monsterinsights_sitenote_active":false,"_monsterinsights_sitenote_note":"","_monsterinsights_sitenote_category":0,"jetpack_post_was_ever_published":false,"_jetpack_newsletter_access":"","_jetpack_dont_email_post_to_subs":false,"_jetpack_newsletter_tier_id":0,"_jetpack_memberships_contains_paywalled_content":false,"_jetpack_memberships_contains_paid_content":false,"footnotes":"","jetpack_publicize_message":"D\u00e9partementales : la s\u00e9natrice C. Imbert, candidate \u00e0 Matha, d\u00e9nonce l'injustice \u00e9lectorale du red\u00e9coupage cantonal","jetpack_publicize_feature_enabled":true,"jetpack_social_post_already_shared":true,"jetpack_social_options":{"image_generator_settings":{"template":"highway","default_image_id":0,"font":"","enabled":false},"version":2}},"categories":[1],"tags":[44],"class_list":["post-6827","post","type-post","status-publish","format-standard","hentry","category-non-classe","tag-saint-jean-dangely"],"views":1216,"jetpack_publicize_connections":[],"jetpack_featured_media_url":"","jetpack_sharing_enabled":true,"jetpack_shortlink":"https:\/\/wp.me\/p48eP9-1M7","_links":{"self":[{"href":"https:\/\/www.helenefm.com\/index.php?rest_route=\/wp\/v2\/posts\/6827","targetHints":{"allow":["GET"]}}],"collection":[{"href":"https:\/\/www.helenefm.com\/index.php?rest_route=\/wp\/v2\/posts"}],"about":[{"href":"https:\/\/www.helenefm.com\/index.php?rest_route=\/wp\/v2\/types\/post"}],"author":[{"embeddable":true,"href":"https:\/\/www.helenefm.com\/index.php?rest_route=\/wp\/v2\/users\/1"}],"replies":[{"embeddable":true,"href":"https:\/\/www.helenefm.com\/index.php?rest_route=%2Fwp%2Fv2%2Fcomments&post=6827"}],"version-history":[{"count":1,"href":"https:\/\/www.helenefm.com\/index.php?rest_route=\/wp\/v2\/posts\/6827\/revisions"}],"predecessor-version":[{"id":6829,"href":"https:\/\/www.helenefm.com\/index.php?rest_route=\/wp\/v2\/posts\/6827\/revisions\/6829"}],"wp:attachment":[{"href":"https:\/\/www.helenefm.com\/index.php?rest_route=%2Fwp%2Fv2%2Fmedia&parent=6827"}],"wp:term":[{"taxonomy":"category","embeddable":true,"href":"https:\/\/www.helenefm.com\/index.php?rest_route=%2Fwp%2Fv2%2Fcategories&post=6827"},{"taxonomy":"post_tag","embeddable":true,"href":"https:\/\/www.helenefm.com\/index.php?rest_route=%2Fwp%2Fv2%2Ftags&post=6827"}],"curies":[{"name":"wp","href":"https:\/\/api.w.org\/{rel}","templated":true}]}}