{"id":68163,"date":"2025-12-04T07:51:51","date_gmt":"2025-12-04T06:51:51","guid":{"rendered":"https:\/\/www.helenefm.com\/?p=68163"},"modified":"2025-12-04T07:51:51","modified_gmt":"2025-12-04T06:51:51","slug":"perigny-le-festival-international-du-cirque-revient-pour-une-2e-edition","status":"publish","type":"post","link":"https:\/\/www.helenefm.com\/?p=68163","title":{"rendered":"P\u00e9rigny : le Festival international du cirque revient pour une 2e \u00e9dition"},"content":{"rendered":"<p><img loading=\"lazy\" decoding=\"async\" data-attachment-id=\"68164\" data-permalink=\"https:\/\/www.helenefm.com\/?attachment_id=68164\" data-orig-file=\"https:\/\/www.helenefm.com\/wordpress\/wp-content\/uploads\/2025\/12\/92766026-64957405.png\" data-orig-size=\"617,518\" data-comments-opened=\"0\" data-image-meta=\"{&quot;aperture&quot;:&quot;0&quot;,&quot;credit&quot;:&quot;&quot;,&quot;camera&quot;:&quot;&quot;,&quot;caption&quot;:&quot;&quot;,&quot;created_timestamp&quot;:&quot;0&quot;,&quot;copyright&quot;:&quot;&quot;,&quot;focal_length&quot;:&quot;0&quot;,&quot;iso&quot;:&quot;0&quot;,&quot;shutter_speed&quot;:&quot;0&quot;,&quot;title&quot;:&quot;&quot;,&quot;orientation&quot;:&quot;0&quot;}\" data-image-title=\"92766026-64957405\" data-image-description=\"\" data-image-caption=\"\" data-large-file=\"https:\/\/www.helenefm.com\/wordpress\/wp-content\/uploads\/2025\/12\/92766026-64957405.png\" class=\"size-full wp-image-68164 aligncenter\" src=\"https:\/\/www.helenefm.com\/wordpress\/wp-content\/uploads\/2025\/12\/92766026-64957405.png\" alt=\"\" width=\"617\" height=\"518\" srcset=\"https:\/\/www.helenefm.com\/wordpress\/wp-content\/uploads\/2025\/12\/92766026-64957405.png 617w, https:\/\/www.helenefm.com\/wordpress\/wp-content\/uploads\/2025\/12\/92766026-64957405-300x252.png 300w\" sizes=\"auto, (max-width: 617px) 100vw, 617px\" \/><br \/>\nLe Festival international du Cirque de P\u00e9rigny revient pour une 2e \u00e9dition. Depuis samedi et jusqu\u2019au 31 d\u00e9cembre, l\u2019\u00e9v\u00e8nement est de retour avec un spectacle in\u00e9dit pour c\u00e9l\u00e9brer les f\u00eates de fin d\u2019ann\u00e9e. Des artistes venus du monde entier vont se produire sous le chapiteau chauff\u00e9, avec des num\u00e9ros spectaculaires. Christophe Challande, l\u2019un des organisateurs, est particuli\u00e8rement ravi de proposer cette 2e \u00e9dition. Il est au micro d\u2019Alain Jeanne :<\/p>\n<audio class=\"wp-audio-shortcode\" id=\"audio-68163-1\" preload=\"none\" style=\"width: 100%;\" controls=\"controls\"><source type=\"audio\/mpeg\" src=\"https:\/\/www.helenefm.com\/wordpress\/wp-content\/uploads\/2025\/12\/cirque-1.mp3?_=1\" \/><a href=\"https:\/\/www.helenefm.com\/wordpress\/wp-content\/uploads\/2025\/12\/cirque-1.mp3\">https:\/\/www.helenefm.com\/wordpress\/wp-content\/uploads\/2025\/12\/cirque-1.mp3<\/a><\/audio>\n<p>Un spectacle \u00e0 couper le souffle comme le souligne Judica\u00ebl Vattier, co-organisateur :<\/p>\n<audio class=\"wp-audio-shortcode\" id=\"audio-68163-2\" preload=\"none\" style=\"width: 100%;\" controls=\"controls\"><source type=\"audio\/mpeg\" src=\"https:\/\/www.helenefm.com\/wordpress\/wp-content\/uploads\/2025\/12\/cirque-2.mp3?_=2\" \/><a href=\"https:\/\/www.helenefm.com\/wordpress\/wp-content\/uploads\/2025\/12\/cirque-2.mp3\">https:\/\/www.helenefm.com\/wordpress\/wp-content\/uploads\/2025\/12\/cirque-2.mp3<\/a><\/audio>\n<p>Apr\u00e8s le com\u00e9dien Martin Lamotte l\u2019an dernier, c\u2019est le chanteur rochelais et finaliste de l\u2019\u00e9mission The Voice 2025 Micka\u00ebl Gallo qui est le parrain cette ann\u00e9e. Et il ne s\u2019est pas fait prier pour accepter ce r\u00f4le :<\/p>\n<audio class=\"wp-audio-shortcode\" id=\"audio-68163-3\" preload=\"none\" style=\"width: 100%;\" controls=\"controls\"><source type=\"audio\/mpeg\" src=\"https:\/\/www.helenefm.com\/wordpress\/wp-content\/uploads\/2025\/12\/cirque-3.mp3?_=3\" \/><a href=\"https:\/\/www.helenefm.com\/wordpress\/wp-content\/uploads\/2025\/12\/cirque-3.mp3\">https:\/\/www.helenefm.com\/wordpress\/wp-content\/uploads\/2025\/12\/cirque-3.mp3<\/a><\/audio>\n<p>\u00c0 ses c\u00f4t\u00e9s, la grande illusionniste et ex-jur\u00e9e de La France a un incroyable talent Sophie Edelstein sera la marraine du festival. Rendez-vous au parc Arc-en-Ciel de P\u00e9rigny, pr\u00e8s de La Rochelle. Une soir\u00e9e sp\u00e9ciale est propos\u00e9e pour le r\u00e9veillon du 31 d\u00e9cembre avec cocktail d\u00eenatoire \u00e0 19h, spectacle \u00e0 22h et soir\u00e9e dansante apr\u00e8s les 12 coups de minuit. Les r\u00e9servations se font sur cirqueperigny.fr<\/p>\n","protected":false},"excerpt":{"rendered":"<p>Le Festival international du Cirque de P\u00e9rigny revient pour une 2e \u00e9dition. Depuis samedi et jusqu\u2019au 31 d\u00e9cembre, l\u2019\u00e9v\u00e8nement est de retour avec un spectacle in\u00e9dit pour c\u00e9l\u00e9brer les f\u00eates de fin<a class=\"moretag\" href=\"https:\/\/www.helenefm.com\/?p=68163\">Lire la suite&#8230;<\/a><\/p>\n","protected":false},"author":1,"featured_media":68164,"comment_status":"closed","ping_status":"closed","sticky":false,"template":"","format":"standard","meta":{"_monsterinsights_skip_tracking":false,"_monsterinsights_sitenote_active":false,"_monsterinsights_sitenote_note":"","_monsterinsights_sitenote_category":0,"jetpack_post_was_ever_published":false,"_jetpack_newsletter_access":"","_jetpack_dont_email_post_to_subs":false,"_jetpack_newsletter_tier_id":0,"_jetpack_memberships_contains_paywalled_content":false,"_jetpack_memberships_contains_paid_content":false,"footnotes":"","jetpack_publicize_message":"","jetpack_publicize_feature_enabled":true,"jetpack_social_post_already_shared":true,"jetpack_social_options":{"image_generator_settings":{"template":"highway","default_image_id":0,"font":"","enabled":false},"version":2}},"categories":[103,82],"tags":[31],"class_list":["post-68163","post","type-post","status-publish","format-standard","has-post-thumbnail","hentry","category-fil-infos-redaction","category-sortir","tag-la-rochelle"],"views":512,"jetpack_publicize_connections":[],"jetpack_featured_media_url":"https:\/\/www.helenefm.com\/wordpress\/wp-content\/uploads\/2025\/12\/92766026-64957405.png","jetpack_sharing_enabled":true,"jetpack_shortlink":"https:\/\/wp.me\/p48eP9-hJp","_links":{"self":[{"href":"https:\/\/www.helenefm.com\/index.php?rest_route=\/wp\/v2\/posts\/68163","targetHints":{"allow":["GET"]}}],"collection":[{"href":"https:\/\/www.helenefm.com\/index.php?rest_route=\/wp\/v2\/posts"}],"about":[{"href":"https:\/\/www.helenefm.com\/index.php?rest_route=\/wp\/v2\/types\/post"}],"author":[{"embeddable":true,"href":"https:\/\/www.helenefm.com\/index.php?rest_route=\/wp\/v2\/users\/1"}],"replies":[{"embeddable":true,"href":"https:\/\/www.helenefm.com\/index.php?rest_route=%2Fwp%2Fv2%2Fcomments&post=68163"}],"version-history":[{"count":1,"href":"https:\/\/www.helenefm.com\/index.php?rest_route=\/wp\/v2\/posts\/68163\/revisions"}],"predecessor-version":[{"id":68168,"href":"https:\/\/www.helenefm.com\/index.php?rest_route=\/wp\/v2\/posts\/68163\/revisions\/68168"}],"wp:featuredmedia":[{"embeddable":true,"href":"https:\/\/www.helenefm.com\/index.php?rest_route=\/wp\/v2\/media\/68164"}],"wp:attachment":[{"href":"https:\/\/www.helenefm.com\/index.php?rest_route=%2Fwp%2Fv2%2Fmedia&parent=68163"}],"wp:term":[{"taxonomy":"category","embeddable":true,"href":"https:\/\/www.helenefm.com\/index.php?rest_route=%2Fwp%2Fv2%2Fcategories&post=68163"},{"taxonomy":"post_tag","embeddable":true,"href":"https:\/\/www.helenefm.com\/index.php?rest_route=%2Fwp%2Fv2%2Ftags&post=68163"}],"curies":[{"name":"wp","href":"https:\/\/api.w.org\/{rel}","templated":true}]}}