{"id":68151,"date":"2025-12-03T07:36:00","date_gmt":"2025-12-03T06:36:00","guid":{"rendered":"https:\/\/www.helenefm.com\/?p=68151"},"modified":"2025-12-03T07:36:00","modified_gmt":"2025-12-03T06:36:00","slug":"royan-coup-denvoi-aujourdhui-du-festival-du-film-de-societe","status":"publish","type":"post","link":"https:\/\/www.helenefm.com\/?p=68151","title":{"rendered":"Royan : coup d\u2019envoi aujourd\u2019hui du Festival du film de soci\u00e9t\u00e9"},"content":{"rendered":"<p><img loading=\"lazy\" decoding=\"async\" data-attachment-id=\"68152\" data-permalink=\"https:\/\/www.helenefm.com\/?attachment_id=68152\" data-orig-file=\"https:\/\/www.helenefm.com\/wordpress\/wp-content\/uploads\/2025\/12\/593993704_873913508483279_5321865357013779716_n.jpg\" data-orig-size=\"820,312\" data-comments-opened=\"0\" data-image-meta=\"{&quot;aperture&quot;:&quot;0&quot;,&quot;credit&quot;:&quot;&quot;,&quot;camera&quot;:&quot;&quot;,&quot;caption&quot;:&quot;&quot;,&quot;created_timestamp&quot;:&quot;0&quot;,&quot;copyright&quot;:&quot;&quot;,&quot;focal_length&quot;:&quot;0&quot;,&quot;iso&quot;:&quot;0&quot;,&quot;shutter_speed&quot;:&quot;0&quot;,&quot;title&quot;:&quot;&quot;,&quot;orientation&quot;:&quot;0&quot;}\" data-image-title=\"593993704_873913508483279_5321865357013779716_n\" data-image-description=\"\" data-image-caption=\"\" data-large-file=\"https:\/\/www.helenefm.com\/wordpress\/wp-content\/uploads\/2025\/12\/593993704_873913508483279_5321865357013779716_n.jpg\" class=\"size-full wp-image-68152 aligncenter\" src=\"https:\/\/www.helenefm.com\/wordpress\/wp-content\/uploads\/2025\/12\/593993704_873913508483279_5321865357013779716_n.jpg\" alt=\"\" width=\"820\" height=\"312\" srcset=\"https:\/\/www.helenefm.com\/wordpress\/wp-content\/uploads\/2025\/12\/593993704_873913508483279_5321865357013779716_n.jpg 820w, https:\/\/www.helenefm.com\/wordpress\/wp-content\/uploads\/2025\/12\/593993704_873913508483279_5321865357013779716_n-300x114.jpg 300w, https:\/\/www.helenefm.com\/wordpress\/wp-content\/uploads\/2025\/12\/593993704_873913508483279_5321865357013779716_n-768x292.jpg 768w\" sizes=\"auto, (max-width: 820px) 100vw, 820px\" \/><br \/>\nLe coup d\u2019envoi aujourd\u2019hui du Festival du film de soci\u00e9t\u00e9 de Royan. C\u2019est la 5e \u00e9dition de l\u2019\u00e9v\u00e8nement qui va se d\u00e9rouler jusqu\u2019\u00e0 dimanche. 32 films seront projet\u00e9s, dont sept en comp\u00e9tition officielle et sept en comp\u00e9tition jeunesse. Pour les d\u00e9partager, un jury professionnel a \u00e9t\u00e9 d\u00e9sign\u00e9. Il sera pr\u00e9sid\u00e9 par l\u2019acteur Vincent Perez.<br \/>\nC\u2019est un jury compos\u00e9 de cinq personnalit\u00e9s venues d\u2019horizons compl\u00e9mentaires qui incarnent la richesse du cin\u00e9ma d\u2019aujourd\u2019hui et l\u2019esprit d\u2019ouverture du festival, r\u00e9unies par un m\u00eame engagement envers un cin\u00e9ma qui interroge le monde, tout en c\u00e9l\u00e9brant sa vitalit\u00e9. Vincent Perez, acteur, r\u00e9alisateur et photographe, pr\u00e9sidera le jury. Artiste aux multiples facettes, il a construit une carri\u00e8re internationale en travaillant avec les plus grands r\u00e9alisateurs europ\u00e9ens et am\u00e9ricains, tout en d\u00e9fendant un cin\u00e9ma humaniste et exigeant. \u00c0 ses c\u00f4t\u00e9s, Val\u00e9rie Bonneton, com\u00e9dienne au talent reconnu, navigue avec justesse entre th\u00e9\u00e2tre et cin\u00e9ma. Du succ\u00e8s populaire de \u00ab Fais pas ci, fais pas \u00e7a \u00bb aux films sensibles comme \u00ab Les Petits Mouchoirs \u00bb, elle incarne \u00e0 la fois humour, profondeur et humanit\u00e9 \u00e0 l\u2019\u00e9cran comme sur sc\u00e8ne. Marilou Aussilloux, jeune talent du cin\u00e9ma et du th\u00e9\u00e2tre fran\u00e7ais, apporte un regard g\u00e9n\u00e9rationnel et po\u00e9tique sur la cr\u00e9ation. Entre les univers de C\u00e9dric Klapisch, Robert Gu\u00e9diguian ou Jean-Xavier de Lestrade, elle incarne une parole f\u00e9minine libre et ancr\u00e9e dans son \u00e9poque. Fr\u00e9d\u00e9ric Farrucci, sc\u00e9nariste et r\u00e9alisateur, dont le film \u00ab Le Mohican \u00bb a remport\u00e9 le Prix du meilleur film au Festival de Royan 2024, fait partie de cette nouvelle g\u00e9n\u00e9ration d\u2019auteurs attentifs aux fractures et aux espoirs de la soci\u00e9t\u00e9 contemporaine. Enfin, Thierry Laurentin, critique et distributeur, compl\u00e8te le jury. Son regard de professionnel du cin\u00e9ma apportera un \u00e9clairage pr\u00e9cieux sur les \u0153uvres en comp\u00e9tition.<br \/>\nLa c\u00e9r\u00e9monie d\u2019ouverture du festival d\u00e9bute ce soir \u00e0 18h au cin\u00e9ma Le Lido, en pr\u00e9sence de la r\u00e9alisatrice Jos\u00e9phine Japy qui viendra pr\u00e9senter son premier long-m\u00e9trage \u00ab Qui brille au combat \u00bb.<\/p>\n","protected":false},"excerpt":{"rendered":"<p>Le coup d\u2019envoi aujourd\u2019hui du Festival du film de soci\u00e9t\u00e9 de Royan. C\u2019est la 5e \u00e9dition de l\u2019\u00e9v\u00e8nement qui va se d\u00e9rouler jusqu\u2019\u00e0 dimanche. 32 films seront projet\u00e9s, dont sept en comp\u00e9tition<a class=\"moretag\" href=\"https:\/\/www.helenefm.com\/?p=68151\">Lire la suite&#8230;<\/a><\/p>\n","protected":false},"author":1,"featured_media":68152,"comment_status":"closed","ping_status":"closed","sticky":false,"template":"","format":"standard","meta":{"_monsterinsights_skip_tracking":false,"_monsterinsights_sitenote_active":false,"_monsterinsights_sitenote_note":"","_monsterinsights_sitenote_category":0,"jetpack_post_was_ever_published":false,"_jetpack_newsletter_access":"","_jetpack_dont_email_post_to_subs":false,"_jetpack_newsletter_tier_id":0,"_jetpack_memberships_contains_paywalled_content":false,"_jetpack_memberships_contains_paid_content":false,"footnotes":"","jetpack_publicize_message":"","jetpack_publicize_feature_enabled":true,"jetpack_social_post_already_shared":true,"jetpack_social_options":{"image_generator_settings":{"template":"highway","default_image_id":0,"font":"","enabled":false},"version":2}},"categories":[103,82],"tags":[45],"class_list":["post-68151","post","type-post","status-publish","format-standard","has-post-thumbnail","hentry","category-fil-infos-redaction","category-sortir","tag-royan"],"views":368,"jetpack_publicize_connections":[],"jetpack_featured_media_url":"https:\/\/www.helenefm.com\/wordpress\/wp-content\/uploads\/2025\/12\/593993704_873913508483279_5321865357013779716_n.jpg","jetpack_sharing_enabled":true,"jetpack_shortlink":"https:\/\/wp.me\/p48eP9-hJd","_links":{"self":[{"href":"https:\/\/www.helenefm.com\/index.php?rest_route=\/wp\/v2\/posts\/68151","targetHints":{"allow":["GET"]}}],"collection":[{"href":"https:\/\/www.helenefm.com\/index.php?rest_route=\/wp\/v2\/posts"}],"about":[{"href":"https:\/\/www.helenefm.com\/index.php?rest_route=\/wp\/v2\/types\/post"}],"author":[{"embeddable":true,"href":"https:\/\/www.helenefm.com\/index.php?rest_route=\/wp\/v2\/users\/1"}],"replies":[{"embeddable":true,"href":"https:\/\/www.helenefm.com\/index.php?rest_route=%2Fwp%2Fv2%2Fcomments&post=68151"}],"version-history":[{"count":1,"href":"https:\/\/www.helenefm.com\/index.php?rest_route=\/wp\/v2\/posts\/68151\/revisions"}],"predecessor-version":[{"id":68153,"href":"https:\/\/www.helenefm.com\/index.php?rest_route=\/wp\/v2\/posts\/68151\/revisions\/68153"}],"wp:featuredmedia":[{"embeddable":true,"href":"https:\/\/www.helenefm.com\/index.php?rest_route=\/wp\/v2\/media\/68152"}],"wp:attachment":[{"href":"https:\/\/www.helenefm.com\/index.php?rest_route=%2Fwp%2Fv2%2Fmedia&parent=68151"}],"wp:term":[{"taxonomy":"category","embeddable":true,"href":"https:\/\/www.helenefm.com\/index.php?rest_route=%2Fwp%2Fv2%2Fcategories&post=68151"},{"taxonomy":"post_tag","embeddable":true,"href":"https:\/\/www.helenefm.com\/index.php?rest_route=%2Fwp%2Fv2%2Ftags&post=68151"}],"curies":[{"name":"wp","href":"https:\/\/api.w.org\/{rel}","templated":true}]}}