{"id":68050,"date":"2025-11-27T08:04:49","date_gmt":"2025-11-27T07:04:49","guid":{"rendered":"https:\/\/www.helenefm.com\/?p=68050"},"modified":"2025-11-27T08:04:49","modified_gmt":"2025-11-27T07:04:49","slug":"saint-jean-dangely-un-homme-incarcere-apres-la-chute-mortelle-de-son-invite","status":"publish","type":"post","link":"https:\/\/www.helenefm.com\/?p=68050","title":{"rendered":"Saint-Jean-d&rsquo;Ang\u00e9ly : un homme incarc\u00e9r\u00e9 apr\u00e8s la chute mortelle de son invit\u00e9"},"content":{"rendered":"<p>Une information judiciaire pour meurtre a \u00e9t\u00e9 ouverte ce lundi par le Tribunal judiciaire de La Rochelle, apr\u00e8s une soir\u00e9e alcoolis\u00e9e qui aurait mal tourn\u00e9 vendredi dernier \u00e0 Saint-Jean-d\u2019Ang\u00e9ly. Un homme de 57 ans a chut\u00e9 du 4e \u00e9tage d\u2019un immeuble. Le locataire \u00e2g\u00e9 de 39 ans a \u00e9t\u00e9 mis en examen. Il est soup\u00e7onn\u00e9 d\u2019avoir pouss\u00e9 d\u00e9lib\u00e9r\u00e9ment son invit\u00e9 par-dessus le balcon, parce qu\u2019il aurait vomi un peu partout dans l\u2019appartement. Ce que conteste le mis en cause qui assure avoir tent\u00e9 de rattraper la victime au moment o\u00f9 elle basculait. L\u2019homme est d\u00e9c\u00e9d\u00e9 peu de temps apr\u00e8s \u00e0 l\u2019h\u00f4pital o\u00f9 il avait \u00e9t\u00e9 transport\u00e9 d\u2019urgence. Le suspect, d\u00e9j\u00e0 connu de la justice, a \u00e9t\u00e9 plac\u00e9 en d\u00e9tention provisoire. L\u2019enqu\u00eate se poursuit.<\/p>\n","protected":false},"excerpt":{"rendered":"<p>Une information judiciaire pour meurtre a \u00e9t\u00e9 ouverte ce lundi par le Tribunal judiciaire de La Rochelle, apr\u00e8s une soir\u00e9e alcoolis\u00e9e qui aurait mal tourn\u00e9 vendredi dernier \u00e0 Saint-Jean-d\u2019Ang\u00e9ly. Un homme de<a class=\"moretag\" href=\"https:\/\/www.helenefm.com\/?p=68050\">Lire la suite&#8230;<\/a><\/p>\n","protected":false},"author":1,"featured_media":1735,"comment_status":"closed","ping_status":"closed","sticky":false,"template":"","format":"standard","meta":{"_monsterinsights_skip_tracking":false,"_monsterinsights_sitenote_active":false,"_monsterinsights_sitenote_note":"","_monsterinsights_sitenote_category":0,"jetpack_post_was_ever_published":false,"_jetpack_newsletter_access":"","_jetpack_dont_email_post_to_subs":false,"_jetpack_newsletter_tier_id":0,"_jetpack_memberships_contains_paywalled_content":false,"_jetpack_memberships_contains_paid_content":false,"footnotes":"","jetpack_publicize_message":"Saint-Jean-d'Ang\u00e9ly : un homme incarc\u00e9r\u00e9 apr\u00e8s la chute mortelle de son invit\u00e9","jetpack_publicize_feature_enabled":true,"jetpack_social_post_already_shared":true,"jetpack_social_options":{"image_generator_settings":{"template":"highway","default_image_id":0,"font":"","enabled":false},"version":2}},"categories":[103],"tags":[44],"class_list":["post-68050","post","type-post","status-publish","format-standard","has-post-thumbnail","hentry","category-fil-infos-redaction","tag-saint-jean-dangely"],"views":284,"jetpack_publicize_connections":[],"jetpack_featured_media_url":"https:\/\/www.helenefm.com\/wordpress\/wp-content\/uploads\/2014\/02\/gendarmerie1.jpg","jetpack_sharing_enabled":true,"jetpack_shortlink":"https:\/\/wp.me\/p48eP9-hHA","_links":{"self":[{"href":"https:\/\/www.helenefm.com\/index.php?rest_route=\/wp\/v2\/posts\/68050","targetHints":{"allow":["GET"]}}],"collection":[{"href":"https:\/\/www.helenefm.com\/index.php?rest_route=\/wp\/v2\/posts"}],"about":[{"href":"https:\/\/www.helenefm.com\/index.php?rest_route=\/wp\/v2\/types\/post"}],"author":[{"embeddable":true,"href":"https:\/\/www.helenefm.com\/index.php?rest_route=\/wp\/v2\/users\/1"}],"replies":[{"embeddable":true,"href":"https:\/\/www.helenefm.com\/index.php?rest_route=%2Fwp%2Fv2%2Fcomments&post=68050"}],"version-history":[{"count":1,"href":"https:\/\/www.helenefm.com\/index.php?rest_route=\/wp\/v2\/posts\/68050\/revisions"}],"predecessor-version":[{"id":68051,"href":"https:\/\/www.helenefm.com\/index.php?rest_route=\/wp\/v2\/posts\/68050\/revisions\/68051"}],"wp:featuredmedia":[{"embeddable":true,"href":"https:\/\/www.helenefm.com\/index.php?rest_route=\/wp\/v2\/media\/1735"}],"wp:attachment":[{"href":"https:\/\/www.helenefm.com\/index.php?rest_route=%2Fwp%2Fv2%2Fmedia&parent=68050"}],"wp:term":[{"taxonomy":"category","embeddable":true,"href":"https:\/\/www.helenefm.com\/index.php?rest_route=%2Fwp%2Fv2%2Fcategories&post=68050"},{"taxonomy":"post_tag","embeddable":true,"href":"https:\/\/www.helenefm.com\/index.php?rest_route=%2Fwp%2Fv2%2Ftags&post=68050"}],"curies":[{"name":"wp","href":"https:\/\/api.w.org\/{rel}","templated":true}]}}