{"id":68024,"date":"2025-11-25T09:18:13","date_gmt":"2025-11-25T08:18:13","guid":{"rendered":"https:\/\/www.helenefm.com\/?p=68024"},"modified":"2025-11-25T09:18:13","modified_gmt":"2025-11-25T08:18:13","slug":"marennes-hiers-brouage-les-personnels-hospitaliers-se-mobilisent","status":"publish","type":"post","link":"https:\/\/www.helenefm.com\/?p=68024","title":{"rendered":"Marennes-Hiers-Brouage : les personnels hospitaliers se mobilisent"},"content":{"rendered":"<p>Mouvement de protestation \u00e0 l\u2019h\u00f4pital local de Marennes. Le syndicat CGT appelle \u00e0 la mobilisation ce mardi pour d\u00e9noncer les conditions de travail et de prise en charge des patients. Les personnels se disent gravement impact\u00e9s par le plan de performance mis en place par la direction et par la suppression de 17 postes. Une action est pr\u00e9vue dans la matin\u00e9e devant le centre hospitalier, avant une manifestation cet apr\u00e8s-midi en centre-ville, qui partira \u00e0 14h30 de la mairie direction la permanence du s\u00e9nateur Micka\u00ebl Vallet.<\/p>\n","protected":false},"excerpt":{"rendered":"<p>Mouvement de protestation \u00e0 l\u2019h\u00f4pital local de Marennes. Le syndicat CGT appelle \u00e0 la mobilisation ce mardi pour d\u00e9noncer les conditions de travail et de prise en charge des patients. Les personnels<a class=\"moretag\" href=\"https:\/\/www.helenefm.com\/?p=68024\">Lire la suite&#8230;<\/a><\/p>\n","protected":false},"author":1,"featured_media":46357,"comment_status":"closed","ping_status":"closed","sticky":false,"template":"","format":"standard","meta":{"_monsterinsights_skip_tracking":false,"_monsterinsights_sitenote_active":false,"_monsterinsights_sitenote_note":"","_monsterinsights_sitenote_category":0,"jetpack_post_was_ever_published":false,"_jetpack_newsletter_access":"","_jetpack_dont_email_post_to_subs":false,"_jetpack_newsletter_tier_id":0,"_jetpack_memberships_contains_paywalled_content":false,"_jetpack_memberships_contains_paid_content":false,"footnotes":"","jetpack_publicize_message":"","jetpack_publicize_feature_enabled":true,"jetpack_social_post_already_shared":true,"jetpack_social_options":{"image_generator_settings":{"template":"highway","default_image_id":0,"font":"","enabled":false},"version":2}},"categories":[103],"tags":[69],"class_list":["post-68024","post","type-post","status-publish","format-standard","has-post-thumbnail","hentry","category-fil-infos-redaction","tag-marennes"],"views":467,"jetpack_publicize_connections":[],"jetpack_featured_media_url":"https:\/\/www.helenefm.com\/wordpress\/wp-content\/uploads\/2021\/10\/cgt.jpg","jetpack_sharing_enabled":true,"jetpack_shortlink":"https:\/\/wp.me\/p48eP9-hHa","_links":{"self":[{"href":"https:\/\/www.helenefm.com\/index.php?rest_route=\/wp\/v2\/posts\/68024","targetHints":{"allow":["GET"]}}],"collection":[{"href":"https:\/\/www.helenefm.com\/index.php?rest_route=\/wp\/v2\/posts"}],"about":[{"href":"https:\/\/www.helenefm.com\/index.php?rest_route=\/wp\/v2\/types\/post"}],"author":[{"embeddable":true,"href":"https:\/\/www.helenefm.com\/index.php?rest_route=\/wp\/v2\/users\/1"}],"replies":[{"embeddable":true,"href":"https:\/\/www.helenefm.com\/index.php?rest_route=%2Fwp%2Fv2%2Fcomments&post=68024"}],"version-history":[{"count":1,"href":"https:\/\/www.helenefm.com\/index.php?rest_route=\/wp\/v2\/posts\/68024\/revisions"}],"predecessor-version":[{"id":68025,"href":"https:\/\/www.helenefm.com\/index.php?rest_route=\/wp\/v2\/posts\/68024\/revisions\/68025"}],"wp:featuredmedia":[{"embeddable":true,"href":"https:\/\/www.helenefm.com\/index.php?rest_route=\/wp\/v2\/media\/46357"}],"wp:attachment":[{"href":"https:\/\/www.helenefm.com\/index.php?rest_route=%2Fwp%2Fv2%2Fmedia&parent=68024"}],"wp:term":[{"taxonomy":"category","embeddable":true,"href":"https:\/\/www.helenefm.com\/index.php?rest_route=%2Fwp%2Fv2%2Fcategories&post=68024"},{"taxonomy":"post_tag","embeddable":true,"href":"https:\/\/www.helenefm.com\/index.php?rest_route=%2Fwp%2Fv2%2Ftags&post=68024"}],"curies":[{"name":"wp","href":"https:\/\/api.w.org\/{rel}","templated":true}]}}