{"id":68022,"date":"2025-11-25T09:16:30","date_gmt":"2025-11-25T08:16:30","guid":{"rendered":"https:\/\/www.helenefm.com\/?p=68022"},"modified":"2025-11-25T09:16:30","modified_gmt":"2025-11-25T08:16:30","slug":"rochefort-la-police-municipale-controle-leclairage-des-velos","status":"publish","type":"post","link":"https:\/\/www.helenefm.com\/?p=68022","title":{"rendered":"Rochefort : la police municipale contr\u00f4le l&rsquo;\u00e9clairage des v\u00e9los"},"content":{"rendered":"<p>Le coup d\u2019envoi hier \u00e0 Rochefort d\u2019une campagne de pr\u00e9vention \u00e0 destination des usagers du v\u00e9lo. La police municipale sera pr\u00e9sente cette semaine \u00e0 l\u2019entr\u00e9e des quatre coll\u00e8ges de la ville pour veiller au respect de l\u2019\u00e9clairage des deux-roues, surtout en p\u00e9riode hivernale. Des contr\u00f4les seront effectu\u00e9s. Hier, un jeune cycliste du coll\u00e8ge La Fayette n\u2019\u00e9tait pas suffisamment \u00e9quip\u00e9. Ses parents vont recevoir un rappel de mise en conformit\u00e9. L\u2019attention est \u00e9galement port\u00e9e sur les utilisateurs de trottinettes \u00e9lectriques qui doivent \u00eatre \u00e2g\u00e9s au minimum de 14 ans. Il leur est rappel\u00e9 que circuler \u00e0 deux, ou sur un trottoir, ou encore \u00e0 plus de 25 km\/h, est passible d\u2019une amende.<\/p>\n","protected":false},"excerpt":{"rendered":"<p>Le coup d\u2019envoi hier \u00e0 Rochefort d\u2019une campagne de pr\u00e9vention \u00e0 destination des usagers du v\u00e9lo. La police municipale sera pr\u00e9sente cette semaine \u00e0 l\u2019entr\u00e9e des quatre coll\u00e8ges de la ville pour<a class=\"moretag\" href=\"https:\/\/www.helenefm.com\/?p=68022\">Lire la suite&#8230;<\/a><\/p>\n","protected":false},"author":1,"featured_media":1253,"comment_status":"closed","ping_status":"closed","sticky":false,"template":"","format":"standard","meta":{"_monsterinsights_skip_tracking":false,"_monsterinsights_sitenote_active":false,"_monsterinsights_sitenote_note":"","_monsterinsights_sitenote_category":0,"jetpack_post_was_ever_published":false,"_jetpack_newsletter_access":"","_jetpack_dont_email_post_to_subs":false,"_jetpack_newsletter_tier_id":0,"_jetpack_memberships_contains_paywalled_content":false,"_jetpack_memberships_contains_paid_content":false,"footnotes":"","jetpack_publicize_message":"","jetpack_publicize_feature_enabled":true,"jetpack_social_post_already_shared":true,"jetpack_social_options":{"image_generator_settings":{"template":"highway","default_image_id":0,"font":"","enabled":false},"version":2}},"categories":[103],"tags":[40],"class_list":["post-68022","post","type-post","status-publish","format-standard","has-post-thumbnail","hentry","category-fil-infos-redaction","tag-rochefort"],"views":639,"jetpack_publicize_connections":[],"jetpack_featured_media_url":"https:\/\/www.helenefm.com\/wordpress\/wp-content\/uploads\/2014\/01\/Police-municipale-Rochefort.jpg","jetpack_sharing_enabled":true,"jetpack_shortlink":"https:\/\/wp.me\/p48eP9-hH8","_links":{"self":[{"href":"https:\/\/www.helenefm.com\/index.php?rest_route=\/wp\/v2\/posts\/68022","targetHints":{"allow":["GET"]}}],"collection":[{"href":"https:\/\/www.helenefm.com\/index.php?rest_route=\/wp\/v2\/posts"}],"about":[{"href":"https:\/\/www.helenefm.com\/index.php?rest_route=\/wp\/v2\/types\/post"}],"author":[{"embeddable":true,"href":"https:\/\/www.helenefm.com\/index.php?rest_route=\/wp\/v2\/users\/1"}],"replies":[{"embeddable":true,"href":"https:\/\/www.helenefm.com\/index.php?rest_route=%2Fwp%2Fv2%2Fcomments&post=68022"}],"version-history":[{"count":1,"href":"https:\/\/www.helenefm.com\/index.php?rest_route=\/wp\/v2\/posts\/68022\/revisions"}],"predecessor-version":[{"id":68023,"href":"https:\/\/www.helenefm.com\/index.php?rest_route=\/wp\/v2\/posts\/68022\/revisions\/68023"}],"wp:featuredmedia":[{"embeddable":true,"href":"https:\/\/www.helenefm.com\/index.php?rest_route=\/wp\/v2\/media\/1253"}],"wp:attachment":[{"href":"https:\/\/www.helenefm.com\/index.php?rest_route=%2Fwp%2Fv2%2Fmedia&parent=68022"}],"wp:term":[{"taxonomy":"category","embeddable":true,"href":"https:\/\/www.helenefm.com\/index.php?rest_route=%2Fwp%2Fv2%2Fcategories&post=68022"},{"taxonomy":"post_tag","embeddable":true,"href":"https:\/\/www.helenefm.com\/index.php?rest_route=%2Fwp%2Fv2%2Ftags&post=68022"}],"curies":[{"name":"wp","href":"https:\/\/api.w.org\/{rel}","templated":true}]}}