{"id":67924,"date":"2025-11-19T07:00:54","date_gmt":"2025-11-19T06:00:54","guid":{"rendered":"https:\/\/www.helenefm.com\/?p=67924"},"modified":"2025-11-18T09:41:18","modified_gmt":"2025-11-18T08:41:18","slug":"saint-jean-dangely-conference-destins-de-soldats-deux-sevriens-de-napoleon-mardi-25-novembre","status":"publish","type":"post","link":"https:\/\/www.helenefm.com\/?p=67924","title":{"rendered":"Saint-Jean-d\u2019Ang\u00e9ly : conf\u00e9rence \u00ab Destins de soldats deux-s\u00e9vriens de Napol\u00e9on \u00bb mardi 25 novembre"},"content":{"rendered":"<p><img loading=\"lazy\" decoding=\"async\" data-attachment-id=\"67925\" data-permalink=\"https:\/\/www.helenefm.com\/?attachment_id=67925\" data-orig-file=\"https:\/\/www.helenefm.com\/wordpress\/wp-content\/uploads\/2025\/11\/adam-con-25-nov-2025.jpg\" data-orig-size=\"2331,1075\" data-comments-opened=\"0\" data-image-meta=\"{&quot;aperture&quot;:&quot;0&quot;,&quot;credit&quot;:&quot;&quot;,&quot;camera&quot;:&quot;&quot;,&quot;caption&quot;:&quot;&quot;,&quot;created_timestamp&quot;:&quot;0&quot;,&quot;copyright&quot;:&quot;&quot;,&quot;focal_length&quot;:&quot;0&quot;,&quot;iso&quot;:&quot;0&quot;,&quot;shutter_speed&quot;:&quot;0&quot;,&quot;title&quot;:&quot;&quot;,&quot;orientation&quot;:&quot;0&quot;}\" data-image-title=\"adam con 25 nov 2025\" data-image-description=\"\" data-image-caption=\"\" data-large-file=\"https:\/\/www.helenefm.com\/wordpress\/wp-content\/uploads\/2025\/11\/adam-con-25-nov-2025-1024x472.jpg\" class=\"size-full wp-image-67925 aligncenter\" src=\"https:\/\/www.helenefm.com\/wordpress\/wp-content\/uploads\/2025\/11\/adam-con-25-nov-2025.jpg\" alt=\"\" width=\"2331\" height=\"1075\" srcset=\"https:\/\/www.helenefm.com\/wordpress\/wp-content\/uploads\/2025\/11\/adam-con-25-nov-2025.jpg 2331w, https:\/\/www.helenefm.com\/wordpress\/wp-content\/uploads\/2025\/11\/adam-con-25-nov-2025-300x138.jpg 300w, https:\/\/www.helenefm.com\/wordpress\/wp-content\/uploads\/2025\/11\/adam-con-25-nov-2025-1024x472.jpg 1024w, https:\/\/www.helenefm.com\/wordpress\/wp-content\/uploads\/2025\/11\/adam-con-25-nov-2025-768x354.jpg 768w, https:\/\/www.helenefm.com\/wordpress\/wp-content\/uploads\/2025\/11\/adam-con-25-nov-2025-1536x708.jpg 1536w, https:\/\/www.helenefm.com\/wordpress\/wp-content\/uploads\/2025\/11\/adam-con-25-nov-2025-2048x944.jpg 2048w\" sizes=\"auto, (max-width: 2331px) 100vw, 2331px\" \/><br \/>\nL\u2019association Adam organise une conf\u00e9rence \u00ab Destins de soldats deux-s\u00e9vriens de Napol\u00e9on \u00bb par Laurent Delenne, employ\u00e9 aux archives d\u00e9partementales des Deux-S\u00e8vres depuis 1997. Rendez-vous ce mardi 25 novembre, \u00e0 20h30, au mus\u00e9e des Cordeliers, 9 Rue R\u00e9gnaud \u00e0 Saint-Jean-d\u2019Ang\u00e9ly. Participation libre. Places limit\u00e9es. Pour les renseignements et les r\u00e9servations conseill\u00e9e, vous pouvez contacter le 05 46 25 09 72 et par mail \u00e0 musee@angely.net.<\/p>\n","protected":false},"excerpt":{"rendered":"<p>L\u2019association Adam organise une conf\u00e9rence \u00ab Destins de soldats deux-s\u00e9vriens de Napol\u00e9on \u00bb par Laurent Delenne, employ\u00e9 aux archives d\u00e9partementales des Deux-S\u00e8vres depuis 1997. Rendez-vous ce mardi 25 novembre, \u00e0 20h30, au<a class=\"moretag\" href=\"https:\/\/www.helenefm.com\/?p=67924\">Lire la suite&#8230;<\/a><\/p>\n","protected":false},"author":1,"featured_media":67925,"comment_status":"closed","ping_status":"closed","sticky":false,"template":"","format":"standard","meta":{"_monsterinsights_skip_tracking":false,"_monsterinsights_sitenote_active":false,"_monsterinsights_sitenote_note":"","_monsterinsights_sitenote_category":0,"jetpack_post_was_ever_published":false,"_jetpack_newsletter_access":"","_jetpack_dont_email_post_to_subs":false,"_jetpack_newsletter_tier_id":0,"_jetpack_memberships_contains_paywalled_content":false,"_jetpack_memberships_contains_paid_content":false,"footnotes":"","jetpack_publicize_message":"","jetpack_publicize_feature_enabled":true,"jetpack_social_post_already_shared":true,"jetpack_social_options":{"image_generator_settings":{"template":"highway","default_image_id":0,"font":"","enabled":false},"version":2}},"categories":[1],"tags":[44],"class_list":["post-67924","post","type-post","status-publish","format-standard","has-post-thumbnail","hentry","category-non-classe","tag-saint-jean-dangely"],"views":434,"jetpack_publicize_connections":[],"jetpack_featured_media_url":"https:\/\/www.helenefm.com\/wordpress\/wp-content\/uploads\/2025\/11\/adam-con-25-nov-2025.jpg","jetpack_sharing_enabled":true,"jetpack_shortlink":"https:\/\/wp.me\/p48eP9-hFy","_links":{"self":[{"href":"https:\/\/www.helenefm.com\/index.php?rest_route=\/wp\/v2\/posts\/67924","targetHints":{"allow":["GET"]}}],"collection":[{"href":"https:\/\/www.helenefm.com\/index.php?rest_route=\/wp\/v2\/posts"}],"about":[{"href":"https:\/\/www.helenefm.com\/index.php?rest_route=\/wp\/v2\/types\/post"}],"author":[{"embeddable":true,"href":"https:\/\/www.helenefm.com\/index.php?rest_route=\/wp\/v2\/users\/1"}],"replies":[{"embeddable":true,"href":"https:\/\/www.helenefm.com\/index.php?rest_route=%2Fwp%2Fv2%2Fcomments&post=67924"}],"version-history":[{"count":1,"href":"https:\/\/www.helenefm.com\/index.php?rest_route=\/wp\/v2\/posts\/67924\/revisions"}],"predecessor-version":[{"id":67926,"href":"https:\/\/www.helenefm.com\/index.php?rest_route=\/wp\/v2\/posts\/67924\/revisions\/67926"}],"wp:featuredmedia":[{"embeddable":true,"href":"https:\/\/www.helenefm.com\/index.php?rest_route=\/wp\/v2\/media\/67925"}],"wp:attachment":[{"href":"https:\/\/www.helenefm.com\/index.php?rest_route=%2Fwp%2Fv2%2Fmedia&parent=67924"}],"wp:term":[{"taxonomy":"category","embeddable":true,"href":"https:\/\/www.helenefm.com\/index.php?rest_route=%2Fwp%2Fv2%2Fcategories&post=67924"},{"taxonomy":"post_tag","embeddable":true,"href":"https:\/\/www.helenefm.com\/index.php?rest_route=%2Fwp%2Fv2%2Ftags&post=67924"}],"curies":[{"name":"wp","href":"https:\/\/api.w.org\/{rel}","templated":true}]}}