{"id":67910,"date":"2025-11-17T11:56:21","date_gmt":"2025-11-17T10:56:21","guid":{"rendered":"https:\/\/www.helenefm.com\/?p=67910"},"modified":"2025-11-17T11:56:21","modified_gmt":"2025-11-17T10:56:21","slug":"drame-doleron-lassistante-parlementaire-grievement-blessee-va-mieux-et-sexprime","status":"publish","type":"post","link":"https:\/\/www.helenefm.com\/?p=67910","title":{"rendered":"Drame d&rsquo;Ol\u00e9ron : l&rsquo;assistante parlementaire, gri\u00e8vement bless\u00e9e, va mieux et s&rsquo;exprime"},"content":{"rendered":"<p>Emma Vallain va bien et elle le fait savoir. Dans un communiqu\u00e9, l\u2019assistante parlementaire du d\u00e9put\u00e9 RN de Charente-Maritime Pascal Markowski raconte que la mani\u00e8re dont elle r\u00e9cup\u00e8re rel\u00e8ve du \u00ab miracle \u00bb, apr\u00e8s la terrible attaque dont elle et d\u2019autres victimes ont fait l\u2019objet le 5 novembre dernier sur l\u2019\u00eele d\u2019Ol\u00e9ron. La jeune collaboratrice du Rassemblement national, \u00e2g\u00e9e de 22 ans, faisait son footing \u00e0 Dolus, lorsqu\u2019elle a \u00e9t\u00e9 percut\u00e9e par un automobiliste qui a \u00e9t\u00e9 plac\u00e9 en d\u00e9tention. Elle avait \u00e9t\u00e9 tr\u00e8s gri\u00e8vement bless\u00e9e et transport\u00e9e au CHU de Poitiers. Dans le reste du communiqu\u00e9, \u00e0 la tournure plus politique, Emma Vallain d\u00e9nonce un \u00c9tat fran\u00e7ais \u00ab malade \u00bb et lui reproche de ne pas avoir pris contact avec les victimes.<\/p>\n","protected":false},"excerpt":{"rendered":"<p>Emma Vallain va bien et elle le fait savoir. Dans un communiqu\u00e9, l\u2019assistante parlementaire du d\u00e9put\u00e9 RN de Charente-Maritime Pascal Markowski raconte que la mani\u00e8re dont elle r\u00e9cup\u00e8re rel\u00e8ve du \u00ab miracle<a class=\"moretag\" href=\"https:\/\/www.helenefm.com\/?p=67910\">Lire la suite&#8230;<\/a><\/p>\n","protected":false},"author":1,"featured_media":0,"comment_status":"closed","ping_status":"closed","sticky":false,"template":"","format":"standard","meta":{"_monsterinsights_skip_tracking":false,"_monsterinsights_sitenote_active":false,"_monsterinsights_sitenote_note":"","_monsterinsights_sitenote_category":0,"jetpack_post_was_ever_published":false,"_jetpack_newsletter_access":"","_jetpack_dont_email_post_to_subs":false,"_jetpack_newsletter_tier_id":0,"_jetpack_memberships_contains_paywalled_content":false,"_jetpack_memberships_contains_paid_content":false,"footnotes":"","jetpack_publicize_message":"","jetpack_publicize_feature_enabled":true,"jetpack_social_post_already_shared":true,"jetpack_social_options":{"image_generator_settings":{"template":"highway","default_image_id":0,"font":"","enabled":false},"version":2}},"categories":[103],"tags":[69],"class_list":["post-67910","post","type-post","status-publish","format-standard","hentry","category-fil-infos-redaction","tag-marennes"],"views":398,"jetpack_publicize_connections":[],"jetpack_featured_media_url":"","jetpack_sharing_enabled":true,"jetpack_shortlink":"https:\/\/wp.me\/p48eP9-hFk","_links":{"self":[{"href":"https:\/\/www.helenefm.com\/index.php?rest_route=\/wp\/v2\/posts\/67910","targetHints":{"allow":["GET"]}}],"collection":[{"href":"https:\/\/www.helenefm.com\/index.php?rest_route=\/wp\/v2\/posts"}],"about":[{"href":"https:\/\/www.helenefm.com\/index.php?rest_route=\/wp\/v2\/types\/post"}],"author":[{"embeddable":true,"href":"https:\/\/www.helenefm.com\/index.php?rest_route=\/wp\/v2\/users\/1"}],"replies":[{"embeddable":true,"href":"https:\/\/www.helenefm.com\/index.php?rest_route=%2Fwp%2Fv2%2Fcomments&post=67910"}],"version-history":[{"count":1,"href":"https:\/\/www.helenefm.com\/index.php?rest_route=\/wp\/v2\/posts\/67910\/revisions"}],"predecessor-version":[{"id":67911,"href":"https:\/\/www.helenefm.com\/index.php?rest_route=\/wp\/v2\/posts\/67910\/revisions\/67911"}],"wp:attachment":[{"href":"https:\/\/www.helenefm.com\/index.php?rest_route=%2Fwp%2Fv2%2Fmedia&parent=67910"}],"wp:term":[{"taxonomy":"category","embeddable":true,"href":"https:\/\/www.helenefm.com\/index.php?rest_route=%2Fwp%2Fv2%2Fcategories&post=67910"},{"taxonomy":"post_tag","embeddable":true,"href":"https:\/\/www.helenefm.com\/index.php?rest_route=%2Fwp%2Fv2%2Ftags&post=67910"}],"curies":[{"name":"wp","href":"https:\/\/api.w.org\/{rel}","templated":true}]}}