{"id":67073,"date":"2025-09-22T13:57:56","date_gmt":"2025-09-22T11:57:56","guid":{"rendered":"https:\/\/www.helenefm.com\/?p=67073"},"modified":"2025-09-22T13:57:56","modified_gmt":"2025-09-22T11:57:56","slug":"surgeres-thomas-godeau-est-candidat-a-lelection-municipale","status":"publish","type":"post","link":"https:\/\/www.helenefm.com\/?p=67073","title":{"rendered":"Surg\u00e8res : Thomas Godeau est candidat \u00e0 l&rsquo;\u00e9lection municipale"},"content":{"rendered":"<div id=\"attachment_67075\" style=\"width: 1510px\" class=\"wp-caption aligncenter\"><img loading=\"lazy\" decoding=\"async\" aria-describedby=\"caption-attachment-67075\" data-attachment-id=\"67075\" data-permalink=\"https:\/\/www.helenefm.com\/?attachment_id=67075\" data-orig-file=\"https:\/\/www.helenefm.com\/wordpress\/wp-content\/uploads\/2025\/09\/thomas-godeau.jpg\" data-orig-size=\"1500,2055\" data-comments-opened=\"0\" data-image-meta=\"{&quot;aperture&quot;:&quot;0&quot;,&quot;credit&quot;:&quot;&quot;,&quot;camera&quot;:&quot;&quot;,&quot;caption&quot;:&quot;&quot;,&quot;created_timestamp&quot;:&quot;0&quot;,&quot;copyright&quot;:&quot;&quot;,&quot;focal_length&quot;:&quot;0&quot;,&quot;iso&quot;:&quot;0&quot;,&quot;shutter_speed&quot;:&quot;0&quot;,&quot;title&quot;:&quot;&quot;,&quot;orientation&quot;:&quot;1&quot;}\" data-image-title=\"thomas godeau\" data-image-description=\"\" data-image-caption=\"\" data-large-file=\"https:\/\/www.helenefm.com\/wordpress\/wp-content\/uploads\/2025\/09\/thomas-godeau-747x1024.jpg\" class=\"wp-image-67075 size-full\" src=\"https:\/\/www.helenefm.com\/wordpress\/wp-content\/uploads\/2025\/09\/thomas-godeau.jpg\" alt=\"\" width=\"1500\" height=\"2055\" srcset=\"https:\/\/www.helenefm.com\/wordpress\/wp-content\/uploads\/2025\/09\/thomas-godeau.jpg 1500w, https:\/\/www.helenefm.com\/wordpress\/wp-content\/uploads\/2025\/09\/thomas-godeau-219x300.jpg 219w, https:\/\/www.helenefm.com\/wordpress\/wp-content\/uploads\/2025\/09\/thomas-godeau-747x1024.jpg 747w, https:\/\/www.helenefm.com\/wordpress\/wp-content\/uploads\/2025\/09\/thomas-godeau-768x1052.jpg 768w, https:\/\/www.helenefm.com\/wordpress\/wp-content\/uploads\/2025\/09\/thomas-godeau-1121x1536.jpg 1121w, https:\/\/www.helenefm.com\/wordpress\/wp-content\/uploads\/2025\/09\/thomas-godeau-1495x2048.jpg 1495w\" sizes=\"auto, (max-width: 1500px) 100vw, 1500px\" \/><p id=\"caption-attachment-67075\" class=\"wp-caption-text\">Thomas Godeau est candidat aux Municipales.<\/p><\/div>\n<p>Municipales 2026 : Thomas Godeau se d\u00e9clare candidat \u00e0 la mairie de Surg\u00e8res. L\u2019actuel conseiller municipal d\u2019opposition de 32 ans va conduire la liste Surg\u00e8res en commun. Une liste d\u2019ouverture et d\u2019union de personnalit\u00e9s mod\u00e9r\u00e9es issues de la gauche, de la droite et du centre, qui se donne pour mission de proposer une alternative \u00e0 la majorit\u00e9 sortante, avec un projet articul\u00e9 autour de quatre priorit\u00e9s : am\u00e9liorer le cadre de vie et la s\u00e9curit\u00e9 en d\u00e9pla\u00e7ant notamment la police municipale en centre-ville, mieux soutenir la vie associative en redistribuant les subventions, faire de Surg\u00e8res une commune interg\u00e9n\u00e9rationnelle, sportive et culturelle, et renforcer la citoyennet\u00e9 en mettant en place notamment un budget participatif. On \u00e9coute Thomas Godeau :<\/p>\n<audio class=\"wp-audio-shortcode\" id=\"audio-67073-1\" preload=\"none\" style=\"width: 100%;\" controls=\"controls\"><source type=\"audio\/mpeg\" src=\"https:\/\/www.helenefm.com\/wordpress\/wp-content\/uploads\/2025\/09\/thomas-godeau-candidature-integral.mp3?_=1\" \/><a href=\"https:\/\/www.helenefm.com\/wordpress\/wp-content\/uploads\/2025\/09\/thomas-godeau-candidature-integral.mp3\">https:\/\/www.helenefm.com\/wordpress\/wp-content\/uploads\/2025\/09\/thomas-godeau-candidature-integral.mp3<\/a><\/audio>\n<p>Thomas Godeau et son \u00e9quipe promettent de mener une campagne de terrain, en multipliant les rencontres en porte-\u00e0-porte, sur le march\u00e9 et les r\u00e9seaux. Le candidat Divers centre est le premier \u00e0 se d\u00e9clarer. La maire sortante de Centre droit Catherine Desprez ne s&rsquo;est pas encore exprim\u00e9e.<\/p>\n","protected":false},"excerpt":{"rendered":"<p>Municipales 2026 : Thomas Godeau se d\u00e9clare candidat \u00e0 la mairie de Surg\u00e8res. L\u2019actuel conseiller municipal d\u2019opposition de 32 ans va conduire la liste Surg\u00e8res en commun. Une liste d\u2019ouverture et d\u2019union<a class=\"moretag\" href=\"https:\/\/www.helenefm.com\/?p=67073\">Lire la suite&#8230;<\/a><\/p>\n","protected":false},"author":1,"featured_media":67075,"comment_status":"closed","ping_status":"closed","sticky":false,"template":"","format":"standard","meta":{"_monsterinsights_skip_tracking":false,"_monsterinsights_sitenote_active":false,"_monsterinsights_sitenote_note":"","_monsterinsights_sitenote_category":0,"jetpack_post_was_ever_published":false,"_jetpack_newsletter_access":"","_jetpack_dont_email_post_to_subs":false,"_jetpack_newsletter_tier_id":0,"_jetpack_memberships_contains_paywalled_content":false,"_jetpack_memberships_contains_paid_content":false,"footnotes":"","jetpack_publicize_message":"","jetpack_publicize_feature_enabled":true,"jetpack_social_post_already_shared":true,"jetpack_social_options":{"image_generator_settings":{"template":"highway","default_image_id":0,"font":"","enabled":false},"version":2}},"categories":[103],"tags":[43],"class_list":["post-67073","post","type-post","status-publish","format-standard","has-post-thumbnail","hentry","category-fil-infos-redaction","tag-surgeres"],"views":4363,"jetpack_publicize_connections":[],"jetpack_featured_media_url":"https:\/\/www.helenefm.com\/wordpress\/wp-content\/uploads\/2025\/09\/thomas-godeau.jpg","jetpack_sharing_enabled":true,"jetpack_shortlink":"https:\/\/wp.me\/p48eP9-hrP","_links":{"self":[{"href":"https:\/\/www.helenefm.com\/index.php?rest_route=\/wp\/v2\/posts\/67073","targetHints":{"allow":["GET"]}}],"collection":[{"href":"https:\/\/www.helenefm.com\/index.php?rest_route=\/wp\/v2\/posts"}],"about":[{"href":"https:\/\/www.helenefm.com\/index.php?rest_route=\/wp\/v2\/types\/post"}],"author":[{"embeddable":true,"href":"https:\/\/www.helenefm.com\/index.php?rest_route=\/wp\/v2\/users\/1"}],"replies":[{"embeddable":true,"href":"https:\/\/www.helenefm.com\/index.php?rest_route=%2Fwp%2Fv2%2Fcomments&post=67073"}],"version-history":[{"count":1,"href":"https:\/\/www.helenefm.com\/index.php?rest_route=\/wp\/v2\/posts\/67073\/revisions"}],"predecessor-version":[{"id":67076,"href":"https:\/\/www.helenefm.com\/index.php?rest_route=\/wp\/v2\/posts\/67073\/revisions\/67076"}],"wp:featuredmedia":[{"embeddable":true,"href":"https:\/\/www.helenefm.com\/index.php?rest_route=\/wp\/v2\/media\/67075"}],"wp:attachment":[{"href":"https:\/\/www.helenefm.com\/index.php?rest_route=%2Fwp%2Fv2%2Fmedia&parent=67073"}],"wp:term":[{"taxonomy":"category","embeddable":true,"href":"https:\/\/www.helenefm.com\/index.php?rest_route=%2Fwp%2Fv2%2Fcategories&post=67073"},{"taxonomy":"post_tag","embeddable":true,"href":"https:\/\/www.helenefm.com\/index.php?rest_route=%2Fwp%2Fv2%2Ftags&post=67073"}],"curies":[{"name":"wp","href":"https:\/\/api.w.org\/{rel}","templated":true}]}}