{"id":61784,"date":"2024-09-05T07:56:07","date_gmt":"2024-09-05T05:56:07","guid":{"rendered":"https:\/\/www.helenefm.com\/?p=61784"},"modified":"2024-09-05T07:56:07","modified_gmt":"2024-09-05T05:56:07","slug":"la-rochelle-188-logements-jeunes-et-etudiants-en-construction","status":"publish","type":"post","link":"https:\/\/www.helenefm.com\/?p=61784","title":{"rendered":"La Rochelle : 188 logements jeunes et \u00e9tudiants en construction"},"content":{"rendered":"<p>Alors que La Rochelle n\u2019est pas \u00e9pargn\u00e9e par la crise du logement \u00e9tudiant en France, loin de l\u00e0, des solutions se mettent en place pour favoriser l\u2019accueil et l\u2019h\u00e9bergement des jeunes. Hier, a lieu eu la pose de la premi\u00e8re pierre d\u2019un projet de cr\u00e9ation de 188 logements \u00e0 destination des \u00e9tudiants et des jeunes actifs. Ils seront am\u00e9nag\u00e9s au parc de la Francophonie.<br \/>\nFace au contexte local tendu, l&rsquo;Association rochelaise d&rsquo;h\u00e9bergement pour les \u00e9tudiants et les jeunes a d\u00e9cid\u00e9 d&rsquo;engager avec l&rsquo;Office public de l\u2019habitat de la Communaut\u00e9 d\u2019agglom\u00e9ration de La Rochelle une nouvelle op\u00e9ration immobili\u00e8re visant \u00e0 cr\u00e9er 188 places d&rsquo;h\u00e9bergement suppl\u00e9mentaires : 130 logements pour les \u00e9tudiants et 58 pour les jeunes actif. Ce projet s&rsquo;inscrit dans la cadre d&rsquo;une volont\u00e9 de mixit\u00e9 sociale, en proposant une r\u00e9ponse d&rsquo;h\u00e9bergement pour diff\u00e9rents publics de jeunes, quel que soit leur statut, dans un habitat innovant et adapt\u00e9, co-construit avec ses usagers. Le projet se situe sur le site du parc de la Francophonie, au c\u0153ur du quartier des Minimes, \u00e0 quelques pas des universit\u00e9s et des \u00e9coles sup\u00e9rieures.<br \/>\nLe projet vise \u00e0 construire une r\u00e9sidence \u00e9tudiante comportant 130 logements, de type T1, d&rsquo;une surface de 2 600 m\u00b2, avec le souci de cr\u00e9er un b\u00e2ti de conception \u00e9conome et des \u00e9quipements performants, afin d\u2019optimiser les d\u00e9penses et les consommations \u00e9nerg\u00e9tiques. Et 58 logements sp\u00e9cifiques pour les jeunes actifs, pour une surface totale de 4 000 m\u00b2.<br \/>\nCo\u00fbt total de l\u2019op\u00e9ration pour ce vaste projet immobilier : 6,5 millions d\u2019euros.<\/p>\n","protected":false},"excerpt":{"rendered":"<p>Alors que La Rochelle n\u2019est pas \u00e9pargn\u00e9e par la crise du logement \u00e9tudiant en France, loin de l\u00e0, des solutions se mettent en place pour favoriser l\u2019accueil et l\u2019h\u00e9bergement des jeunes. Hier,<a class=\"moretag\" href=\"https:\/\/www.helenefm.com\/?p=61784\">Lire la suite&#8230;<\/a><\/p>\n","protected":false},"author":1,"featured_media":37614,"comment_status":"closed","ping_status":"closed","sticky":false,"template":"","format":"standard","meta":{"_monsterinsights_skip_tracking":false,"_monsterinsights_sitenote_active":false,"_monsterinsights_sitenote_note":"","_monsterinsights_sitenote_category":0,"jetpack_post_was_ever_published":false,"_jetpack_newsletter_access":"","_jetpack_dont_email_post_to_subs":false,"_jetpack_newsletter_tier_id":0,"_jetpack_memberships_contains_paywalled_content":false,"_jetpack_memberships_contains_paid_content":false,"footnotes":"","jetpack_publicize_message":"","jetpack_publicize_feature_enabled":true,"jetpack_social_post_already_shared":true,"jetpack_social_options":{"image_generator_settings":{"template":"highway","default_image_id":0,"font":"","enabled":false},"version":2}},"categories":[103],"tags":[31],"class_list":["post-61784","post","type-post","status-publish","format-standard","has-post-thumbnail","hentry","category-fil-infos-redaction","tag-la-rochelle"],"views":1145,"jetpack_publicize_connections":[],"jetpack_featured_media_url":"https:\/\/www.helenefm.com\/wordpress\/wp-content\/uploads\/2020\/01\/la-rochelle.jpg","jetpack_sharing_enabled":true,"jetpack_shortlink":"https:\/\/wp.me\/p48eP9-g4w","_links":{"self":[{"href":"https:\/\/www.helenefm.com\/index.php?rest_route=\/wp\/v2\/posts\/61784","targetHints":{"allow":["GET"]}}],"collection":[{"href":"https:\/\/www.helenefm.com\/index.php?rest_route=\/wp\/v2\/posts"}],"about":[{"href":"https:\/\/www.helenefm.com\/index.php?rest_route=\/wp\/v2\/types\/post"}],"author":[{"embeddable":true,"href":"https:\/\/www.helenefm.com\/index.php?rest_route=\/wp\/v2\/users\/1"}],"replies":[{"embeddable":true,"href":"https:\/\/www.helenefm.com\/index.php?rest_route=%2Fwp%2Fv2%2Fcomments&post=61784"}],"version-history":[{"count":1,"href":"https:\/\/www.helenefm.com\/index.php?rest_route=\/wp\/v2\/posts\/61784\/revisions"}],"predecessor-version":[{"id":61785,"href":"https:\/\/www.helenefm.com\/index.php?rest_route=\/wp\/v2\/posts\/61784\/revisions\/61785"}],"wp:featuredmedia":[{"embeddable":true,"href":"https:\/\/www.helenefm.com\/index.php?rest_route=\/wp\/v2\/media\/37614"}],"wp:attachment":[{"href":"https:\/\/www.helenefm.com\/index.php?rest_route=%2Fwp%2Fv2%2Fmedia&parent=61784"}],"wp:term":[{"taxonomy":"category","embeddable":true,"href":"https:\/\/www.helenefm.com\/index.php?rest_route=%2Fwp%2Fv2%2Fcategories&post=61784"},{"taxonomy":"post_tag","embeddable":true,"href":"https:\/\/www.helenefm.com\/index.php?rest_route=%2Fwp%2Fv2%2Ftags&post=61784"}],"curies":[{"name":"wp","href":"https:\/\/api.w.org\/{rel}","templated":true}]}}