{"id":50236,"date":"2022-06-16T08:17:01","date_gmt":"2022-06-16T06:17:01","guid":{"rendered":"https:\/\/www.helenefm.com\/?p=50236"},"modified":"2022-06-17T09:36:52","modified_gmt":"2022-06-17T07:36:52","slug":"legislatives-le-pc-et-le-ps-de-charente-maritime-appellent-a-voter-contre-le-rn","status":"publish","type":"post","link":"https:\/\/www.helenefm.com\/?p=50236","title":{"rendered":"L\u00e9gislatives : le PC et le PS de Charente-Maritime appellent \u00e0 voter contre le RN"},"content":{"rendered":"<p>Le Parti communiste et le Parti socialiste de Charente-Maritime appellent \u00e0 faire barrage \u00e0 l\u2019extr\u00eame-droite. A l\u2019approche du second tour des L\u00e9gislatives, le PC et le PS veulent emp\u00eacher le RN d\u2019entrer \u00e0 l\u2019Assembl\u00e9e nationale, en appelant \u00e0 voter contre les trois candidats qualifi\u00e9s dans les 3e, 4e et 5e circonscriptions. Les deux partis invitent par ailleurs \u00e0 voter en faveur des candidats de la Nupes Jean-Marc Soubeste et Nordine Raymond, finalistes dans les 1re et 2e circo. Jean-Marc Soubeste qui a re\u00e7u hier le soutien du d\u00e9put\u00e9 europ\u00e9en et candidat \u00e0 la Pr\u00e9sidentielle d\u2019Europe \u00e9cologie Les Verts Yannick Jadot qui s\u2019est rendu \u00e0 La Rochelle.<\/p>\n","protected":false},"excerpt":{"rendered":"<p>Le Parti communiste et le Parti socialiste de Charente-Maritime appellent \u00e0 faire barrage \u00e0 l\u2019extr\u00eame-droite. A l\u2019approche du second tour des L\u00e9gislatives, le PC et le PS veulent emp\u00eacher le RN d\u2019entrer<a class=\"moretag\" href=\"https:\/\/www.helenefm.com\/?p=50236\">Lire la suite&#8230;<\/a><\/p>\n","protected":false},"author":1,"featured_media":0,"comment_status":"closed","ping_status":"closed","sticky":false,"template":"","format":"standard","meta":{"_monsterinsights_skip_tracking":false,"_monsterinsights_sitenote_active":false,"_monsterinsights_sitenote_note":"","_monsterinsights_sitenote_category":0,"jetpack_post_was_ever_published":false,"_jetpack_newsletter_access":"","_jetpack_dont_email_post_to_subs":false,"_jetpack_newsletter_tier_id":0,"_jetpack_memberships_contains_paywalled_content":false,"_jetpack_memberships_contains_paid_content":false,"footnotes":"","jetpack_publicize_message":"L\u00e9gislatives : le PC et le PS de Charente-Maritime appellent \u00e0 voter contre le RN","jetpack_publicize_feature_enabled":true,"jetpack_social_post_already_shared":true,"jetpack_social_options":{"image_generator_settings":{"template":"highway","default_image_id":0,"font":"","enabled":false},"version":2}},"categories":[103,114],"tags":[113],"class_list":["post-50236","post","type-post","status-publish","format-standard","hentry","category-fil-infos-redaction","category-legislatives-2022","tag-charente-maritime"],"yoast_head":"<!-- This site is optimized with the Yoast SEO plugin v27.5 - https:\/\/yoast.com\/product\/yoast-seo-wordpress\/ -->\n<title>L\u00e9gislatives : le PC et le PS de Charente-Maritime appellent \u00e0 voter contre le RN - HELENE FM<\/title>\n<meta name=\"robots\" content=\"index, follow, max-snippet:-1, max-image-preview:large, max-video-preview:-1\" \/>\n<link rel=\"canonical\" href=\"https:\/\/www.helenefm.com\/?p=50236\" \/>\n<meta property=\"og:locale\" content=\"fr_FR\" \/>\n<meta property=\"og:type\" content=\"article\" \/>\n<meta property=\"og:title\" content=\"L\u00e9gislatives : le PC et le PS de Charente-Maritime appellent \u00e0 voter contre le RN - HELENE FM\" \/>\n<meta property=\"og:description\" content=\"Le Parti communiste et le Parti socialiste de Charente-Maritime appellent \u00e0 faire barrage \u00e0 l\u2019extr\u00eame-droite. A l\u2019approche du second tour des L\u00e9gislatives, le PC et le PS veulent emp\u00eacher le RN d\u2019entrerLire la suite...\" \/>\n<meta property=\"og:url\" content=\"https:\/\/www.helenefm.com\/?p=50236\" \/>\n<meta property=\"og:site_name\" content=\"HELENE FM\" \/>\n<meta property=\"article:publisher\" content=\"https:\/\/www.facebook.com\/profile.php?id=100027030383449\" \/>\n<meta property=\"article:published_time\" content=\"2022-06-16T06:17:01+00:00\" \/>\n<meta property=\"article:modified_time\" content=\"2022-06-17T07:36:52+00:00\" \/>\n<meta name=\"author\" content=\"R\u00e9daction\" \/>\n<meta name=\"twitter:card\" content=\"summary_large_image\" \/>\n<meta name=\"twitter:creator\" content=\"@HELENE_FM\" \/>\n<meta name=\"twitter:site\" content=\"@HELENE_FM\" \/>\n<meta name=\"twitter:label1\" content=\"\u00c9crit par\" \/>\n\t<meta name=\"twitter:data1\" content=\"R\u00e9daction\" \/>\n\t<meta name=\"twitter:label2\" content=\"Dur\u00e9e de lecture estim\u00e9e\" \/>\n\t<meta name=\"twitter:data2\" content=\"1 minute\" \/>\n<script type=\"application\/ld+json\" class=\"yoast-schema-graph\">{\"@context\":\"https:\\\/\\\/schema.org\",\"@graph\":[{\"@type\":\"Article\",\"@id\":\"https:\\\/\\\/www.helenefm.com\\\/?p=50236#article\",\"isPartOf\":{\"@id\":\"https:\\\/\\\/www.helenefm.com\\\/?p=50236\"},\"author\":{\"name\":\"R\u00e9daction\",\"@id\":\"https:\\\/\\\/www.helenefm.com\\\/#\\\/schema\\\/person\\\/fb04a82ede6f9fb2208a8b9eddd8ecfb\"},\"headline\":\"L\u00e9gislatives : le PC et le PS de Charente-Maritime appellent \u00e0 voter contre le RN\",\"datePublished\":\"2022-06-16T06:17:01+00:00\",\"dateModified\":\"2022-06-17T07:36:52+00:00\",\"mainEntityOfPage\":{\"@id\":\"https:\\\/\\\/www.helenefm.com\\\/?p=50236\"},\"wordCount\":128,\"publisher\":{\"@id\":\"https:\\\/\\\/www.helenefm.com\\\/#organization\"},\"keywords\":[\"CHARENTE-MARITIME\"],\"articleSection\":[\"L'INFO LOCALE EN CONTINU\",\"L\u00c9GISLATIVES 2022\"],\"inLanguage\":\"fr-FR\"},{\"@type\":\"WebPage\",\"@id\":\"https:\\\/\\\/www.helenefm.com\\\/?p=50236\",\"url\":\"https:\\\/\\\/www.helenefm.com\\\/?p=50236\",\"name\":\"L\u00e9gislatives : le PC et le PS de Charente-Maritime appellent \u00e0 voter contre le RN - HELENE FM\",\"isPartOf\":{\"@id\":\"https:\\\/\\\/www.helenefm.com\\\/#website\"},\"datePublished\":\"2022-06-16T06:17:01+00:00\",\"dateModified\":\"2022-06-17T07:36:52+00:00\",\"breadcrumb\":{\"@id\":\"https:\\\/\\\/www.helenefm.com\\\/?p=50236#breadcrumb\"},\"inLanguage\":\"fr-FR\",\"potentialAction\":[{\"@type\":\"ReadAction\",\"target\":[\"https:\\\/\\\/www.helenefm.com\\\/?p=50236\"]}]},{\"@type\":\"BreadcrumbList\",\"@id\":\"https:\\\/\\\/www.helenefm.com\\\/?p=50236#breadcrumb\",\"itemListElement\":[{\"@type\":\"ListItem\",\"position\":1,\"name\":\"Accueil\",\"item\":\"https:\\\/\\\/www.helenefm.com\\\/\"},{\"@type\":\"ListItem\",\"position\":2,\"name\":\"L\u00e9gislatives : le PC et le PS de Charente-Maritime appellent \u00e0 voter contre le RN\"}]},{\"@type\":\"WebSite\",\"@id\":\"https:\\\/\\\/www.helenefm.com\\\/#website\",\"url\":\"https:\\\/\\\/www.helenefm.com\\\/\",\"name\":\"H\u00c9L\u00c8NE FM\",\"description\":\"\",\"publisher\":{\"@id\":\"https:\\\/\\\/www.helenefm.com\\\/#organization\"},\"potentialAction\":[{\"@type\":\"SearchAction\",\"target\":{\"@type\":\"EntryPoint\",\"urlTemplate\":\"https:\\\/\\\/www.helenefm.com\\\/?s={search_term_string}\"},\"query-input\":{\"@type\":\"PropertyValueSpecification\",\"valueRequired\":true,\"valueName\":\"search_term_string\"}}],\"inLanguage\":\"fr-FR\"},{\"@type\":\"Organization\",\"@id\":\"https:\\\/\\\/www.helenefm.com\\\/#organization\",\"name\":\"H\u00c9L\u00c8NE FM\",\"url\":\"https:\\\/\\\/www.helenefm.com\\\/\",\"logo\":{\"@type\":\"ImageObject\",\"inLanguage\":\"fr-FR\",\"@id\":\"https:\\\/\\\/www.helenefm.com\\\/#\\\/schema\\\/logo\\\/image\\\/\",\"url\":\"https:\\\/\\\/www.helenefm.com\\\/wordpress\\\/wp-content\\\/uploads\\\/2018\\\/05\\\/cropped-cropped-logo-helene-fm-512x512-1.jpg\",\"contentUrl\":\"https:\\\/\\\/www.helenefm.com\\\/wordpress\\\/wp-content\\\/uploads\\\/2018\\\/05\\\/cropped-cropped-logo-helene-fm-512x512-1.jpg\",\"width\":512,\"height\":512,\"caption\":\"H\u00c9L\u00c8NE FM\"},\"image\":{\"@id\":\"https:\\\/\\\/www.helenefm.com\\\/#\\\/schema\\\/logo\\\/image\\\/\"},\"sameAs\":[\"https:\\\/\\\/www.facebook.com\\\/profile.php?id=100027030383449\",\"https:\\\/\\\/x.com\\\/HELENE_FM\",\"https:\\\/\\\/www.instagram.com\\\/helene__fm\\\/\"]},{\"@type\":\"Person\",\"@id\":\"https:\\\/\\\/www.helenefm.com\\\/#\\\/schema\\\/person\\\/fb04a82ede6f9fb2208a8b9eddd8ecfb\",\"name\":\"R\u00e9daction\",\"image\":{\"@type\":\"ImageObject\",\"inLanguage\":\"fr-FR\",\"@id\":\"https:\\\/\\\/secure.gravatar.com\\\/avatar\\\/e27376be9ce9d76a824c6eabb367e5b2ed263ed34a5b8cf79d455d67b1e2a424?s=96&d=mm&r=g\",\"url\":\"https:\\\/\\\/secure.gravatar.com\\\/avatar\\\/e27376be9ce9d76a824c6eabb367e5b2ed263ed34a5b8cf79d455d67b1e2a424?s=96&d=mm&r=g\",\"contentUrl\":\"https:\\\/\\\/secure.gravatar.com\\\/avatar\\\/e27376be9ce9d76a824c6eabb367e5b2ed263ed34a5b8cf79d455d67b1e2a424?s=96&d=mm&r=g\",\"caption\":\"R\u00e9daction\"},\"url\":\"https:\\\/\\\/www.helenefm.com\\\/?author=1\"}]}<\/script>\n<!-- \/ Yoast SEO plugin. -->","yoast_head_json":{"title":"L\u00e9gislatives : le PC et le PS de Charente-Maritime appellent \u00e0 voter contre le RN - HELENE FM","robots":{"index":"index","follow":"follow","max-snippet":"max-snippet:-1","max-image-preview":"max-image-preview:large","max-video-preview":"max-video-preview:-1"},"canonical":"https:\/\/www.helenefm.com\/?p=50236","og_locale":"fr_FR","og_type":"article","og_title":"L\u00e9gislatives : le PC et le PS de Charente-Maritime appellent \u00e0 voter contre le RN - HELENE FM","og_description":"Le Parti communiste et le Parti socialiste de Charente-Maritime appellent \u00e0 faire barrage \u00e0 l\u2019extr\u00eame-droite. A l\u2019approche du second tour des L\u00e9gislatives, le PC et le PS veulent emp\u00eacher le RN d\u2019entrerLire la suite...","og_url":"https:\/\/www.helenefm.com\/?p=50236","og_site_name":"HELENE FM","article_publisher":"https:\/\/www.facebook.com\/profile.php?id=100027030383449","article_published_time":"2022-06-16T06:17:01+00:00","article_modified_time":"2022-06-17T07:36:52+00:00","author":"R\u00e9daction","twitter_card":"summary_large_image","twitter_creator":"@HELENE_FM","twitter_site":"@HELENE_FM","twitter_misc":{"\u00c9crit par":"R\u00e9daction","Dur\u00e9e de lecture estim\u00e9e":"1 minute"},"schema":{"@context":"https:\/\/schema.org","@graph":[{"@type":"Article","@id":"https:\/\/www.helenefm.com\/?p=50236#article","isPartOf":{"@id":"https:\/\/www.helenefm.com\/?p=50236"},"author":{"name":"R\u00e9daction","@id":"https:\/\/www.helenefm.com\/#\/schema\/person\/fb04a82ede6f9fb2208a8b9eddd8ecfb"},"headline":"L\u00e9gislatives : le PC et le PS de Charente-Maritime appellent \u00e0 voter contre le RN","datePublished":"2022-06-16T06:17:01+00:00","dateModified":"2022-06-17T07:36:52+00:00","mainEntityOfPage":{"@id":"https:\/\/www.helenefm.com\/?p=50236"},"wordCount":128,"publisher":{"@id":"https:\/\/www.helenefm.com\/#organization"},"keywords":["CHARENTE-MARITIME"],"articleSection":["L'INFO LOCALE EN CONTINU","L\u00c9GISLATIVES 2022"],"inLanguage":"fr-FR"},{"@type":"WebPage","@id":"https:\/\/www.helenefm.com\/?p=50236","url":"https:\/\/www.helenefm.com\/?p=50236","name":"L\u00e9gislatives : le PC et le PS de Charente-Maritime appellent \u00e0 voter contre le RN - HELENE FM","isPartOf":{"@id":"https:\/\/www.helenefm.com\/#website"},"datePublished":"2022-06-16T06:17:01+00:00","dateModified":"2022-06-17T07:36:52+00:00","breadcrumb":{"@id":"https:\/\/www.helenefm.com\/?p=50236#breadcrumb"},"inLanguage":"fr-FR","potentialAction":[{"@type":"ReadAction","target":["https:\/\/www.helenefm.com\/?p=50236"]}]},{"@type":"BreadcrumbList","@id":"https:\/\/www.helenefm.com\/?p=50236#breadcrumb","itemListElement":[{"@type":"ListItem","position":1,"name":"Accueil","item":"https:\/\/www.helenefm.com\/"},{"@type":"ListItem","position":2,"name":"L\u00e9gislatives : le PC et le PS de Charente-Maritime appellent \u00e0 voter contre le RN"}]},{"@type":"WebSite","@id":"https:\/\/www.helenefm.com\/#website","url":"https:\/\/www.helenefm.com\/","name":"H\u00c9L\u00c8NE FM","description":"","publisher":{"@id":"https:\/\/www.helenefm.com\/#organization"},"potentialAction":[{"@type":"SearchAction","target":{"@type":"EntryPoint","urlTemplate":"https:\/\/www.helenefm.com\/?s={search_term_string}"},"query-input":{"@type":"PropertyValueSpecification","valueRequired":true,"valueName":"search_term_string"}}],"inLanguage":"fr-FR"},{"@type":"Organization","@id":"https:\/\/www.helenefm.com\/#organization","name":"H\u00c9L\u00c8NE FM","url":"https:\/\/www.helenefm.com\/","logo":{"@type":"ImageObject","inLanguage":"fr-FR","@id":"https:\/\/www.helenefm.com\/#\/schema\/logo\/image\/","url":"https:\/\/www.helenefm.com\/wordpress\/wp-content\/uploads\/2018\/05\/cropped-cropped-logo-helene-fm-512x512-1.jpg","contentUrl":"https:\/\/www.helenefm.com\/wordpress\/wp-content\/uploads\/2018\/05\/cropped-cropped-logo-helene-fm-512x512-1.jpg","width":512,"height":512,"caption":"H\u00c9L\u00c8NE FM"},"image":{"@id":"https:\/\/www.helenefm.com\/#\/schema\/logo\/image\/"},"sameAs":["https:\/\/www.facebook.com\/profile.php?id=100027030383449","https:\/\/x.com\/HELENE_FM","https:\/\/www.instagram.com\/helene__fm\/"]},{"@type":"Person","@id":"https:\/\/www.helenefm.com\/#\/schema\/person\/fb04a82ede6f9fb2208a8b9eddd8ecfb","name":"R\u00e9daction","image":{"@type":"ImageObject","inLanguage":"fr-FR","@id":"https:\/\/secure.gravatar.com\/avatar\/e27376be9ce9d76a824c6eabb367e5b2ed263ed34a5b8cf79d455d67b1e2a424?s=96&d=mm&r=g","url":"https:\/\/secure.gravatar.com\/avatar\/e27376be9ce9d76a824c6eabb367e5b2ed263ed34a5b8cf79d455d67b1e2a424?s=96&d=mm&r=g","contentUrl":"https:\/\/secure.gravatar.com\/avatar\/e27376be9ce9d76a824c6eabb367e5b2ed263ed34a5b8cf79d455d67b1e2a424?s=96&d=mm&r=g","caption":"R\u00e9daction"},"url":"https:\/\/www.helenefm.com\/?author=1"}]}},"views":683,"jetpack_publicize_connections":[],"jetpack_featured_media_url":"","jetpack_sharing_enabled":true,"jetpack_shortlink":"https:\/\/wp.me\/p48eP9-d4g","_links":{"self":[{"href":"https:\/\/www.helenefm.com\/index.php?rest_route=\/wp\/v2\/posts\/50236","targetHints":{"allow":["GET"]}}],"collection":[{"href":"https:\/\/www.helenefm.com\/index.php?rest_route=\/wp\/v2\/posts"}],"about":[{"href":"https:\/\/www.helenefm.com\/index.php?rest_route=\/wp\/v2\/types\/post"}],"author":[{"embeddable":true,"href":"https:\/\/www.helenefm.com\/index.php?rest_route=\/wp\/v2\/users\/1"}],"replies":[{"embeddable":true,"href":"https:\/\/www.helenefm.com\/index.php?rest_route=%2Fwp%2Fv2%2Fcomments&post=50236"}],"version-history":[{"count":1,"href":"https:\/\/www.helenefm.com\/index.php?rest_route=\/wp\/v2\/posts\/50236\/revisions"}],"predecessor-version":[{"id":50237,"href":"https:\/\/www.helenefm.com\/index.php?rest_route=\/wp\/v2\/posts\/50236\/revisions\/50237"}],"wp:attachment":[{"href":"https:\/\/www.helenefm.com\/index.php?rest_route=%2Fwp%2Fv2%2Fmedia&parent=50236"}],"wp:term":[{"taxonomy":"category","embeddable":true,"href":"https:\/\/www.helenefm.com\/index.php?rest_route=%2Fwp%2Fv2%2Fcategories&post=50236"},{"taxonomy":"post_tag","embeddable":true,"href":"https:\/\/www.helenefm.com\/index.php?rest_route=%2Fwp%2Fv2%2Ftags&post=50236"}],"curies":[{"name":"wp","href":"https:\/\/api.w.org\/{rel}","templated":true}]}}