{"id":50223,"date":"2022-06-15T07:59:51","date_gmt":"2022-06-15T05:59:51","guid":{"rendered":"https:\/\/www.helenefm.com\/?p=50223"},"modified":"2022-06-17T09:37:03","modified_gmt":"2022-06-17T07:37:03","slug":"legislatives-2e-circo-charente-m-les-deux-finalistes-sont-sur-le-terrain","status":"publish","type":"post","link":"https:\/\/www.helenefm.com\/?p=50223","title":{"rendered":"L\u00e9gislatives \/ 2e circo. Charente-M. : les deux finalistes sont sur le terrain"},"content":{"rendered":"<p>La campagne a repris lundi sur la 2e circonscription de la Charente-Maritime Rochefort-Aunis. Les deux candidats qualifi\u00e9s pour le second tour sont au coude-\u00e0-coude, apr\u00e8s un premier tour tr\u00e8s serr\u00e9. Anne-Laure Babault de la majorit\u00e9 pr\u00e9sidentielle est arriv\u00e9e en t\u00eate avec 28,09% des voix, devant l\u2019insoumis de la Nupes Nordine Raymond qui a recueilli 27,5% des suffrages. Seulement 318 voix les s\u00e9parent. Les deux candidats sont donc repartis sur le terrain pour glaner des voix, notamment l\u00e0 o\u00f9 les r\u00e9sultats ont \u00e9t\u00e9 moins bons comme c\u2019est le cas pour Anne-Laure Babault :<\/p>\n<audio class=\"wp-audio-shortcode\" id=\"audio-50223-1\" preload=\"none\" style=\"width: 100%;\" controls=\"controls\"><source type=\"audio\/mpeg\" src=\"https:\/\/www.helenefm.com\/wordpress\/wp-content\/uploads\/2022\/06\/2e-circo-1.mp3?_=1\" \/><a href=\"https:\/\/www.helenefm.com\/wordpress\/wp-content\/uploads\/2022\/06\/2e-circo-1.mp3\">https:\/\/www.helenefm.com\/wordpress\/wp-content\/uploads\/2022\/06\/2e-circo-1.mp3<\/a><\/audio>\n<div id=\"attachment_50046\" style=\"width: 1210px\" class=\"wp-caption aligncenter\"><img loading=\"lazy\" decoding=\"async\" aria-describedby=\"caption-attachment-50046\" data-attachment-id=\"50046\" data-permalink=\"https:\/\/www.helenefm.com\/?attachment_id=50046\" data-orig-file=\"https:\/\/www.helenefm.com\/wordpress\/wp-content\/uploads\/2022\/06\/anne-laure-babault.jpg\" data-orig-size=\"1200,900\" data-comments-opened=\"0\" data-image-meta=\"{&quot;aperture&quot;:&quot;1.9&quot;,&quot;credit&quot;:&quot;&quot;,&quot;camera&quot;:&quot;SM-A310F&quot;,&quot;caption&quot;:&quot;&quot;,&quot;created_timestamp&quot;:&quot;1653912090&quot;,&quot;copyright&quot;:&quot;&quot;,&quot;focal_length&quot;:&quot;3.7&quot;,&quot;iso&quot;:&quot;125&quot;,&quot;shutter_speed&quot;:&quot;0.03030303030303&quot;,&quot;title&quot;:&quot;&quot;,&quot;orientation&quot;:&quot;1&quot;}\" data-image-title=\"anne laure babault\" data-image-description=\"\" data-image-caption=\"\" data-large-file=\"https:\/\/www.helenefm.com\/wordpress\/wp-content\/uploads\/2022\/06\/anne-laure-babault-1024x768.jpg\" class=\"wp-image-50046 size-full\" src=\"https:\/\/www.helenefm.com\/wordpress\/wp-content\/uploads\/2022\/06\/anne-laure-babault.jpg\" alt=\"\" width=\"1200\" height=\"900\" srcset=\"https:\/\/www.helenefm.com\/wordpress\/wp-content\/uploads\/2022\/06\/anne-laure-babault.jpg 1200w, https:\/\/www.helenefm.com\/wordpress\/wp-content\/uploads\/2022\/06\/anne-laure-babault-300x225.jpg 300w, https:\/\/www.helenefm.com\/wordpress\/wp-content\/uploads\/2022\/06\/anne-laure-babault-1024x768.jpg 1024w, https:\/\/www.helenefm.com\/wordpress\/wp-content\/uploads\/2022\/06\/anne-laure-babault-768x576.jpg 768w\" sizes=\"auto, (max-width: 1200px) 100vw, 1200px\" \/><p id=\"caption-attachment-50046\" class=\"wp-caption-text\">Anne-Laure Babault.<\/p><\/div>\n<p>Poursuivre une campagne de terrain, c\u2019est aussi le leitmotiv de Nordine Raymond :<\/p>\n<audio class=\"wp-audio-shortcode\" id=\"audio-50223-2\" preload=\"none\" style=\"width: 100%;\" controls=\"controls\"><source type=\"audio\/mpeg\" src=\"https:\/\/www.helenefm.com\/wordpress\/wp-content\/uploads\/2022\/06\/2e-circo-2.mp3?_=2\" \/><a href=\"https:\/\/www.helenefm.com\/wordpress\/wp-content\/uploads\/2022\/06\/2e-circo-2.mp3\">https:\/\/www.helenefm.com\/wordpress\/wp-content\/uploads\/2022\/06\/2e-circo-2.mp3<\/a><\/audio>\n<div id=\"attachment_49633\" style=\"width: 970px\" class=\"wp-caption aligncenter\"><img loading=\"lazy\" decoding=\"async\" aria-describedby=\"caption-attachment-49633\" data-attachment-id=\"49633\" data-permalink=\"https:\/\/www.helenefm.com\/?attachment_id=49633\" data-orig-file=\"https:\/\/www.helenefm.com\/wordpress\/wp-content\/uploads\/2022\/05\/nordine-raymond.jpg\" data-orig-size=\"960,1280\" data-comments-opened=\"0\" data-image-meta=\"{&quot;aperture&quot;:&quot;0&quot;,&quot;credit&quot;:&quot;&quot;,&quot;camera&quot;:&quot;&quot;,&quot;caption&quot;:&quot;&quot;,&quot;created_timestamp&quot;:&quot;0&quot;,&quot;copyright&quot;:&quot;&quot;,&quot;focal_length&quot;:&quot;0&quot;,&quot;iso&quot;:&quot;0&quot;,&quot;shutter_speed&quot;:&quot;0&quot;,&quot;title&quot;:&quot;&quot;,&quot;orientation&quot;:&quot;0&quot;}\" data-image-title=\"nordine raymond\" data-image-description=\"\" data-image-caption=\"\" data-large-file=\"https:\/\/www.helenefm.com\/wordpress\/wp-content\/uploads\/2022\/05\/nordine-raymond-768x1024.jpg\" class=\"wp-image-49633 size-full\" src=\"https:\/\/www.helenefm.com\/wordpress\/wp-content\/uploads\/2022\/05\/nordine-raymond.jpg\" alt=\"\" width=\"960\" height=\"1280\" srcset=\"https:\/\/www.helenefm.com\/wordpress\/wp-content\/uploads\/2022\/05\/nordine-raymond.jpg 960w, https:\/\/www.helenefm.com\/wordpress\/wp-content\/uploads\/2022\/05\/nordine-raymond-225x300.jpg 225w, https:\/\/www.helenefm.com\/wordpress\/wp-content\/uploads\/2022\/05\/nordine-raymond-768x1024.jpg 768w\" sizes=\"auto, (max-width: 960px) 100vw, 960px\" \/><p id=\"caption-attachment-49633\" class=\"wp-caption-text\">Nordine Raymond.<\/p><\/div>\n<p>Nordine Raymond qui ach\u00e8vera symboliquement sa campagne vendredi soir par une grande f\u00eate populaire dans le quartier Lib\u00e9ration de Rochefort qui l\u2019a vu na\u00eetre et grandir.<\/p>\n","protected":false},"excerpt":{"rendered":"<p>La campagne a repris lundi sur la 2e circonscription de la Charente-Maritime Rochefort-Aunis. Les deux candidats qualifi\u00e9s pour le second tour sont au coude-\u00e0-coude, apr\u00e8s un premier tour tr\u00e8s serr\u00e9. Anne-Laure Babault<a class=\"moretag\" href=\"https:\/\/www.helenefm.com\/?p=50223\">Lire la suite&#8230;<\/a><\/p>\n","protected":false},"author":1,"featured_media":0,"comment_status":"closed","ping_status":"closed","sticky":false,"template":"","format":"standard","meta":{"_monsterinsights_skip_tracking":false,"_monsterinsights_sitenote_active":false,"_monsterinsights_sitenote_note":"","_monsterinsights_sitenote_category":0,"jetpack_post_was_ever_published":false,"_jetpack_newsletter_access":"","_jetpack_dont_email_post_to_subs":false,"_jetpack_newsletter_tier_id":0,"_jetpack_memberships_contains_paywalled_content":false,"_jetpack_memberships_contains_paid_content":false,"footnotes":"","jetpack_publicize_message":"L\u00e9gislatives \/ 2e circo. Charente-M. : les deux finalistes sont sur le terrain","jetpack_publicize_feature_enabled":true,"jetpack_social_post_already_shared":true,"jetpack_social_options":{"image_generator_settings":{"template":"highway","default_image_id":0,"font":"","enabled":false},"version":2}},"categories":[103,114],"tags":[40,43],"class_list":["post-50223","post","type-post","status-publish","format-standard","hentry","category-fil-infos-redaction","category-legislatives-2022","tag-rochefort","tag-surgeres"],"views":939,"jetpack_publicize_connections":[],"jetpack_featured_media_url":"","jetpack_sharing_enabled":true,"jetpack_shortlink":"https:\/\/wp.me\/p48eP9-d43","_links":{"self":[{"href":"https:\/\/www.helenefm.com\/index.php?rest_route=\/wp\/v2\/posts\/50223","targetHints":{"allow":["GET"]}}],"collection":[{"href":"https:\/\/www.helenefm.com\/index.php?rest_route=\/wp\/v2\/posts"}],"about":[{"href":"https:\/\/www.helenefm.com\/index.php?rest_route=\/wp\/v2\/types\/post"}],"author":[{"embeddable":true,"href":"https:\/\/www.helenefm.com\/index.php?rest_route=\/wp\/v2\/users\/1"}],"replies":[{"embeddable":true,"href":"https:\/\/www.helenefm.com\/index.php?rest_route=%2Fwp%2Fv2%2Fcomments&post=50223"}],"version-history":[{"count":1,"href":"https:\/\/www.helenefm.com\/index.php?rest_route=\/wp\/v2\/posts\/50223\/revisions"}],"predecessor-version":[{"id":50226,"href":"https:\/\/www.helenefm.com\/index.php?rest_route=\/wp\/v2\/posts\/50223\/revisions\/50226"}],"wp:attachment":[{"href":"https:\/\/www.helenefm.com\/index.php?rest_route=%2Fwp%2Fv2%2Fmedia&parent=50223"}],"wp:term":[{"taxonomy":"category","embeddable":true,"href":"https:\/\/www.helenefm.com\/index.php?rest_route=%2Fwp%2Fv2%2Fcategories&post=50223"},{"taxonomy":"post_tag","embeddable":true,"href":"https:\/\/www.helenefm.com\/index.php?rest_route=%2Fwp%2Fv2%2Ftags&post=50223"}],"curies":[{"name":"wp","href":"https:\/\/api.w.org\/{rel}","templated":true}]}}