{"id":41201,"date":"2020-10-16T07:58:46","date_gmt":"2020-10-16T05:58:46","guid":{"rendered":"http:\/\/www.helenefm.com\/?p=41201"},"modified":"2020-10-16T07:58:46","modified_gmt":"2020-10-16T05:58:46","slug":"saint-saturnin-du-bois-la-motte-aubert-inaugure-son-tiers-lieu","status":"publish","type":"post","link":"https:\/\/www.helenefm.com\/?p=41201","title":{"rendered":"Saint-Saturnin-du-Bois : La Motte Aubert inaugure son tiers-lieu"},"content":{"rendered":"<p><img loading=\"lazy\" decoding=\"async\" data-attachment-id=\"41204\" data-permalink=\"https:\/\/www.helenefm.com\/?attachment_id=41204\" data-orig-file=\"https:\/\/www.helenefm.com\/wordpress\/wp-content\/uploads\/2020\/10\/a-la-motte.jpg\" data-orig-size=\"800,1131\" data-comments-opened=\"0\" data-image-meta=\"{&quot;aperture&quot;:&quot;0&quot;,&quot;credit&quot;:&quot;&quot;,&quot;camera&quot;:&quot;&quot;,&quot;caption&quot;:&quot;&quot;,&quot;created_timestamp&quot;:&quot;0&quot;,&quot;copyright&quot;:&quot;&quot;,&quot;focal_length&quot;:&quot;0&quot;,&quot;iso&quot;:&quot;0&quot;,&quot;shutter_speed&quot;:&quot;0&quot;,&quot;title&quot;:&quot;&quot;,&quot;orientation&quot;:&quot;0&quot;}\" data-image-title=\"a la motte\" data-image-description=\"\" data-image-caption=\"\" data-large-file=\"https:\/\/www.helenefm.com\/wordpress\/wp-content\/uploads\/2020\/10\/a-la-motte-724x1024.jpg\" class=\"size-full wp-image-41204 aligncenter\" src=\"http:\/\/www.helenefm.com\/wordpress\/wp-content\/uploads\/2020\/10\/a-la-motte.jpg\" alt=\"\" width=\"800\" height=\"1131\" srcset=\"https:\/\/www.helenefm.com\/wordpress\/wp-content\/uploads\/2020\/10\/a-la-motte.jpg 800w, https:\/\/www.helenefm.com\/wordpress\/wp-content\/uploads\/2020\/10\/a-la-motte-212x300.jpg 212w, https:\/\/www.helenefm.com\/wordpress\/wp-content\/uploads\/2020\/10\/a-la-motte-768x1086.jpg 768w, https:\/\/www.helenefm.com\/wordpress\/wp-content\/uploads\/2020\/10\/a-la-motte-724x1024.jpg 724w\" sizes=\"auto, (max-width: 800px) 100vw, 800px\" \/><br \/>\nL\u2019inauguration cet apr\u00e8s-midi du tiers-lieu \u00ab A la motte \u00bb \u00e0 Saint-Saturnin-du-Bois, pr\u00e8s de Surg\u00e8res. Un espace de travail hybrique et collaboratif destin\u00e9 \u00e0 rassembler toutes sortes d\u2019activit\u00e9s, avec la cr\u00e9ation d\u2019un espace de co-working et d\u2019un bar associatif. On \u00e9coute Eliane Dheygere, co-pr\u00e9sidente de l\u2019association A la motte :<\/p>\n<audio class=\"wp-audio-shortcode\" id=\"audio-41201-1\" preload=\"none\" style=\"width: 100%;\" controls=\"controls\"><source type=\"audio\/mpeg\" src=\"http:\/\/www.helenefm.com\/wordpress\/wp-content\/uploads\/2020\/10\/tiers-lieu-1.mp3?_=1\" \/><a href=\"http:\/\/www.helenefm.com\/wordpress\/wp-content\/uploads\/2020\/10\/tiers-lieu-1.mp3\">http:\/\/www.helenefm.com\/wordpress\/wp-content\/uploads\/2020\/10\/tiers-lieu-1.mp3<\/a><\/audio>\n<p>Ce tiers-lieu se trouve \u00e0 la Motte-Aubert, sur un site de 15 hectares r\u00e9habilit\u00e9 depuis une vingtaine d\u2019ann\u00e9es, qui accueille d\u00e9sormais une dizaine d\u2019activit\u00e9s dont une \u00e9cole. Eliane Dheygere :<\/p>\n<audio class=\"wp-audio-shortcode\" id=\"audio-41201-2\" preload=\"none\" style=\"width: 100%;\" controls=\"controls\"><source type=\"audio\/mpeg\" src=\"http:\/\/www.helenefm.com\/wordpress\/wp-content\/uploads\/2020\/10\/tiers-lieu-2.mp3?_=2\" \/><a href=\"http:\/\/www.helenefm.com\/wordpress\/wp-content\/uploads\/2020\/10\/tiers-lieu-2.mp3\">http:\/\/www.helenefm.com\/wordpress\/wp-content\/uploads\/2020\/10\/tiers-lieu-2.mp3<\/a><\/audio>\n<p>Mais aussi un \u00e9co-camping et un g\u00eete de groupe.<br \/>\nInauguration du tiers-lieu A la motte cet apr\u00e8s-midi d\u00e8s 16h30. Animation fanfare d\u00e8s 18h, avec restauration sur place. C\u2019est ouvert \u00e0 tous.<\/p>\n","protected":false},"excerpt":{"rendered":"<p>L\u2019inauguration cet apr\u00e8s-midi du tiers-lieu \u00ab A la motte \u00bb \u00e0 Saint-Saturnin-du-Bois, pr\u00e8s de Surg\u00e8res. Un espace de travail hybrique et collaboratif destin\u00e9 \u00e0 rassembler toutes sortes d\u2019activit\u00e9s, avec la cr\u00e9ation d\u2019un<a class=\"moretag\" href=\"https:\/\/www.helenefm.com\/?p=41201\">Lire la suite&#8230;<\/a><\/p>\n","protected":false},"author":1,"featured_media":41204,"comment_status":"closed","ping_status":"closed","sticky":false,"template":"","format":"standard","meta":{"_monsterinsights_skip_tracking":false,"_monsterinsights_sitenote_active":false,"_monsterinsights_sitenote_note":"","_monsterinsights_sitenote_category":0,"jetpack_post_was_ever_published":false,"_jetpack_newsletter_access":"","_jetpack_dont_email_post_to_subs":false,"_jetpack_newsletter_tier_id":0,"_jetpack_memberships_contains_paywalled_content":false,"_jetpack_memberships_contains_paid_content":false,"footnotes":"","jetpack_publicize_message":"","jetpack_publicize_feature_enabled":true,"jetpack_social_post_already_shared":true,"jetpack_social_options":{"image_generator_settings":{"template":"highway","default_image_id":0,"font":"","enabled":false},"version":2}},"categories":[103],"tags":[43],"class_list":["post-41201","post","type-post","status-publish","format-standard","has-post-thumbnail","hentry","category-fil-infos-redaction","tag-surgeres"],"views":2328,"jetpack_publicize_connections":[],"jetpack_featured_media_url":"https:\/\/www.helenefm.com\/wordpress\/wp-content\/uploads\/2020\/10\/a-la-motte.jpg","jetpack_sharing_enabled":true,"jetpack_shortlink":"https:\/\/wp.me\/p48eP9-aIx","_links":{"self":[{"href":"https:\/\/www.helenefm.com\/index.php?rest_route=\/wp\/v2\/posts\/41201","targetHints":{"allow":["GET"]}}],"collection":[{"href":"https:\/\/www.helenefm.com\/index.php?rest_route=\/wp\/v2\/posts"}],"about":[{"href":"https:\/\/www.helenefm.com\/index.php?rest_route=\/wp\/v2\/types\/post"}],"author":[{"embeddable":true,"href":"https:\/\/www.helenefm.com\/index.php?rest_route=\/wp\/v2\/users\/1"}],"replies":[{"embeddable":true,"href":"https:\/\/www.helenefm.com\/index.php?rest_route=%2Fwp%2Fv2%2Fcomments&post=41201"}],"version-history":[{"count":1,"href":"https:\/\/www.helenefm.com\/index.php?rest_route=\/wp\/v2\/posts\/41201\/revisions"}],"predecessor-version":[{"id":41205,"href":"https:\/\/www.helenefm.com\/index.php?rest_route=\/wp\/v2\/posts\/41201\/revisions\/41205"}],"wp:featuredmedia":[{"embeddable":true,"href":"https:\/\/www.helenefm.com\/index.php?rest_route=\/wp\/v2\/media\/41204"}],"wp:attachment":[{"href":"https:\/\/www.helenefm.com\/index.php?rest_route=%2Fwp%2Fv2%2Fmedia&parent=41201"}],"wp:term":[{"taxonomy":"category","embeddable":true,"href":"https:\/\/www.helenefm.com\/index.php?rest_route=%2Fwp%2Fv2%2Fcategories&post=41201"},{"taxonomy":"post_tag","embeddable":true,"href":"https:\/\/www.helenefm.com\/index.php?rest_route=%2Fwp%2Fv2%2Ftags&post=41201"}],"curies":[{"name":"wp","href":"https:\/\/api.w.org\/{rel}","templated":true}]}}