{"id":3626,"date":"2014-06-10T07:58:50","date_gmt":"2014-06-10T05:58:50","guid":{"rendered":"http:\/\/www.helenefm.com\/?p=3626"},"modified":"2014-06-10T07:59:54","modified_gmt":"2014-06-10T05:59:54","slug":"greve-a-la-sncf-les-infos-trafic-en-poitou-charentes","status":"publish","type":"post","link":"https:\/\/www.helenefm.com\/?p=3626","title":{"rendered":"Gr\u00e8ve \u00e0 la SNCF : les infos trafic en Poitou-Charentes"},"content":{"rendered":"<p style=\"text-align: justify;\">Le d\u00e9but de la gr\u00e8ve aujourd\u2019hui \u00e0 la SNCF. \u00c7a commence ce soir \u00e0 19h. Quatre syndicats de cheminots appellent \u00e0 une gr\u00e8ve nationale reconductible pour protester contre le projet de r\u00e9forme ferroviaire qui sera examin\u00e9 \u00e0 l\u2019assembl\u00e9e nationale la semaine prochaine. D\u2019importantes perturbations sont \u00e0 pr\u00e9voir. 1 TGV sur 3 circulera en moyenne. 65% du trafic des TER Poitou-Charentes sera assur\u00e9. Retrouvez les trains en partance en cliquant sur ce lien <a href=\"http:\/\/www.helenefm.com\/sncf100614.pdf\" target=\"_blank\">TRAFIC<\/a>.<\/p>\n","protected":false},"excerpt":{"rendered":"<p>Le d\u00e9but de la gr\u00e8ve aujourd\u2019hui \u00e0 la SNCF. \u00c7a commence ce soir \u00e0 19h. Quatre syndicats de cheminots appellent \u00e0 une gr\u00e8ve nationale reconductible pour protester contre le projet de r\u00e9forme<a class=\"moretag\" href=\"https:\/\/www.helenefm.com\/?p=3626\">Lire la suite&#8230;<\/a><\/p>\n","protected":false},"author":1,"featured_media":1494,"comment_status":"open","ping_status":"open","sticky":false,"template":"","format":"standard","meta":{"_monsterinsights_skip_tracking":false,"_monsterinsights_sitenote_active":false,"_monsterinsights_sitenote_note":"","_monsterinsights_sitenote_category":0,"jetpack_post_was_ever_published":false,"_jetpack_newsletter_access":"","_jetpack_dont_email_post_to_subs":false,"_jetpack_newsletter_tier_id":0,"_jetpack_memberships_contains_paywalled_content":false,"_jetpack_memberships_contains_paid_content":false,"footnotes":"","jetpack_publicize_message":"#Gr\u00e8ve \u00e0 la #SNCF : les infos trafic en #PoitouCharentes","jetpack_publicize_feature_enabled":true,"jetpack_social_post_already_shared":true,"jetpack_social_options":{"image_generator_settings":{"template":"highway","default_image_id":0,"font":"","enabled":false},"version":2}},"categories":[1],"tags":[],"class_list":["post-3626","post","type-post","status-publish","format-standard","has-post-thumbnail","hentry","category-non-classe"],"yoast_head":"<!-- This site is optimized with the Yoast SEO plugin v27.5 - https:\/\/yoast.com\/product\/yoast-seo-wordpress\/ -->\n<title>Gr\u00e8ve \u00e0 la SNCF : les infos trafic en Poitou-Charentes - HELENE FM<\/title>\n<meta name=\"robots\" content=\"index, follow, max-snippet:-1, max-image-preview:large, max-video-preview:-1\" \/>\n<link rel=\"canonical\" href=\"https:\/\/www.helenefm.com\/?p=3626\" \/>\n<meta property=\"og:locale\" content=\"fr_FR\" \/>\n<meta property=\"og:type\" content=\"article\" \/>\n<meta property=\"og:title\" content=\"Gr\u00e8ve \u00e0 la SNCF : les infos trafic en Poitou-Charentes - HELENE FM\" \/>\n<meta property=\"og:description\" content=\"Le d\u00e9but de la gr\u00e8ve aujourd\u2019hui \u00e0 la SNCF. \u00c7a commence ce soir \u00e0 19h. Quatre syndicats de cheminots appellent \u00e0 une gr\u00e8ve nationale reconductible pour protester contre le projet de r\u00e9formeLire la suite...\" \/>\n<meta property=\"og:url\" content=\"https:\/\/www.helenefm.com\/?p=3626\" \/>\n<meta property=\"og:site_name\" content=\"HELENE FM\" \/>\n<meta property=\"article:publisher\" content=\"https:\/\/www.facebook.com\/profile.php?id=100027030383449\" \/>\n<meta property=\"article:published_time\" content=\"2014-06-10T05:58:50+00:00\" \/>\n<meta property=\"article:modified_time\" content=\"2014-06-10T05:59:54+00:00\" \/>\n<meta property=\"og:image\" content=\"https:\/\/www.helenefm.com\/wordpress\/wp-content\/uploads\/2014\/01\/SNCF-5.jpg\" \/>\n\t<meta property=\"og:image:width\" content=\"800\" \/>\n\t<meta property=\"og:image:height\" content=\"562\" \/>\n\t<meta property=\"og:image:type\" content=\"image\/jpeg\" \/>\n<meta name=\"author\" content=\"R\u00e9daction\" \/>\n<meta name=\"twitter:card\" content=\"summary_large_image\" \/>\n<meta name=\"twitter:creator\" content=\"@HELENE_FM\" \/>\n<meta name=\"twitter:site\" content=\"@HELENE_FM\" \/>\n<meta name=\"twitter:label1\" content=\"\u00c9crit par\" \/>\n\t<meta name=\"twitter:data1\" content=\"R\u00e9daction\" \/>\n<script type=\"application\/ld+json\" class=\"yoast-schema-graph\">{\"@context\":\"https:\\\/\\\/schema.org\",\"@graph\":[{\"@type\":\"Article\",\"@id\":\"https:\\\/\\\/www.helenefm.com\\\/?p=3626#article\",\"isPartOf\":{\"@id\":\"https:\\\/\\\/www.helenefm.com\\\/?p=3626\"},\"author\":{\"name\":\"R\u00e9daction\",\"@id\":\"https:\\\/\\\/www.helenefm.com\\\/#\\\/schema\\\/person\\\/fb04a82ede6f9fb2208a8b9eddd8ecfb\"},\"headline\":\"Gr\u00e8ve \u00e0 la SNCF : les infos trafic en Poitou-Charentes\",\"datePublished\":\"2014-06-10T05:58:50+00:00\",\"dateModified\":\"2014-06-10T05:59:54+00:00\",\"mainEntityOfPage\":{\"@id\":\"https:\\\/\\\/www.helenefm.com\\\/?p=3626\"},\"wordCount\":83,\"commentCount\":0,\"publisher\":{\"@id\":\"https:\\\/\\\/www.helenefm.com\\\/#organization\"},\"image\":{\"@id\":\"https:\\\/\\\/www.helenefm.com\\\/?p=3626#primaryimage\"},\"thumbnailUrl\":\"https:\\\/\\\/www.helenefm.com\\\/wordpress\\\/wp-content\\\/uploads\\\/2014\\\/01\\\/SNCF-5.jpg\",\"inLanguage\":\"fr-FR\",\"potentialAction\":[{\"@type\":\"CommentAction\",\"name\":\"Comment\",\"target\":[\"https:\\\/\\\/www.helenefm.com\\\/?p=3626#respond\"]}]},{\"@type\":\"WebPage\",\"@id\":\"https:\\\/\\\/www.helenefm.com\\\/?p=3626\",\"url\":\"https:\\\/\\\/www.helenefm.com\\\/?p=3626\",\"name\":\"Gr\u00e8ve \u00e0 la SNCF : les infos trafic en Poitou-Charentes - HELENE FM\",\"isPartOf\":{\"@id\":\"https:\\\/\\\/www.helenefm.com\\\/#website\"},\"primaryImageOfPage\":{\"@id\":\"https:\\\/\\\/www.helenefm.com\\\/?p=3626#primaryimage\"},\"image\":{\"@id\":\"https:\\\/\\\/www.helenefm.com\\\/?p=3626#primaryimage\"},\"thumbnailUrl\":\"https:\\\/\\\/www.helenefm.com\\\/wordpress\\\/wp-content\\\/uploads\\\/2014\\\/01\\\/SNCF-5.jpg\",\"datePublished\":\"2014-06-10T05:58:50+00:00\",\"dateModified\":\"2014-06-10T05:59:54+00:00\",\"breadcrumb\":{\"@id\":\"https:\\\/\\\/www.helenefm.com\\\/?p=3626#breadcrumb\"},\"inLanguage\":\"fr-FR\",\"potentialAction\":[{\"@type\":\"ReadAction\",\"target\":[\"https:\\\/\\\/www.helenefm.com\\\/?p=3626\"]}]},{\"@type\":\"ImageObject\",\"inLanguage\":\"fr-FR\",\"@id\":\"https:\\\/\\\/www.helenefm.com\\\/?p=3626#primaryimage\",\"url\":\"https:\\\/\\\/www.helenefm.com\\\/wordpress\\\/wp-content\\\/uploads\\\/2014\\\/01\\\/SNCF-5.jpg\",\"contentUrl\":\"https:\\\/\\\/www.helenefm.com\\\/wordpress\\\/wp-content\\\/uploads\\\/2014\\\/01\\\/SNCF-5.jpg\",\"width\":800,\"height\":562},{\"@type\":\"BreadcrumbList\",\"@id\":\"https:\\\/\\\/www.helenefm.com\\\/?p=3626#breadcrumb\",\"itemListElement\":[{\"@type\":\"ListItem\",\"position\":1,\"name\":\"Accueil\",\"item\":\"https:\\\/\\\/www.helenefm.com\\\/\"},{\"@type\":\"ListItem\",\"position\":2,\"name\":\"Gr\u00e8ve \u00e0 la SNCF : les infos trafic en Poitou-Charentes\"}]},{\"@type\":\"WebSite\",\"@id\":\"https:\\\/\\\/www.helenefm.com\\\/#website\",\"url\":\"https:\\\/\\\/www.helenefm.com\\\/\",\"name\":\"H\u00c9L\u00c8NE FM\",\"description\":\"\",\"publisher\":{\"@id\":\"https:\\\/\\\/www.helenefm.com\\\/#organization\"},\"potentialAction\":[{\"@type\":\"SearchAction\",\"target\":{\"@type\":\"EntryPoint\",\"urlTemplate\":\"https:\\\/\\\/www.helenefm.com\\\/?s={search_term_string}\"},\"query-input\":{\"@type\":\"PropertyValueSpecification\",\"valueRequired\":true,\"valueName\":\"search_term_string\"}}],\"inLanguage\":\"fr-FR\"},{\"@type\":\"Organization\",\"@id\":\"https:\\\/\\\/www.helenefm.com\\\/#organization\",\"name\":\"H\u00c9L\u00c8NE FM\",\"url\":\"https:\\\/\\\/www.helenefm.com\\\/\",\"logo\":{\"@type\":\"ImageObject\",\"inLanguage\":\"fr-FR\",\"@id\":\"https:\\\/\\\/www.helenefm.com\\\/#\\\/schema\\\/logo\\\/image\\\/\",\"url\":\"https:\\\/\\\/www.helenefm.com\\\/wordpress\\\/wp-content\\\/uploads\\\/2018\\\/05\\\/cropped-cropped-logo-helene-fm-512x512-1.jpg\",\"contentUrl\":\"https:\\\/\\\/www.helenefm.com\\\/wordpress\\\/wp-content\\\/uploads\\\/2018\\\/05\\\/cropped-cropped-logo-helene-fm-512x512-1.jpg\",\"width\":512,\"height\":512,\"caption\":\"H\u00c9L\u00c8NE FM\"},\"image\":{\"@id\":\"https:\\\/\\\/www.helenefm.com\\\/#\\\/schema\\\/logo\\\/image\\\/\"},\"sameAs\":[\"https:\\\/\\\/www.facebook.com\\\/profile.php?id=100027030383449\",\"https:\\\/\\\/x.com\\\/HELENE_FM\",\"https:\\\/\\\/www.instagram.com\\\/helene__fm\\\/\"]},{\"@type\":\"Person\",\"@id\":\"https:\\\/\\\/www.helenefm.com\\\/#\\\/schema\\\/person\\\/fb04a82ede6f9fb2208a8b9eddd8ecfb\",\"name\":\"R\u00e9daction\",\"image\":{\"@type\":\"ImageObject\",\"inLanguage\":\"fr-FR\",\"@id\":\"https:\\\/\\\/secure.gravatar.com\\\/avatar\\\/e27376be9ce9d76a824c6eabb367e5b2ed263ed34a5b8cf79d455d67b1e2a424?s=96&d=mm&r=g\",\"url\":\"https:\\\/\\\/secure.gravatar.com\\\/avatar\\\/e27376be9ce9d76a824c6eabb367e5b2ed263ed34a5b8cf79d455d67b1e2a424?s=96&d=mm&r=g\",\"contentUrl\":\"https:\\\/\\\/secure.gravatar.com\\\/avatar\\\/e27376be9ce9d76a824c6eabb367e5b2ed263ed34a5b8cf79d455d67b1e2a424?s=96&d=mm&r=g\",\"caption\":\"R\u00e9daction\"},\"url\":\"https:\\\/\\\/www.helenefm.com\\\/?author=1\"}]}<\/script>\n<!-- \/ Yoast SEO plugin. -->","yoast_head_json":{"title":"Gr\u00e8ve \u00e0 la SNCF : les infos trafic en Poitou-Charentes - HELENE FM","robots":{"index":"index","follow":"follow","max-snippet":"max-snippet:-1","max-image-preview":"max-image-preview:large","max-video-preview":"max-video-preview:-1"},"canonical":"https:\/\/www.helenefm.com\/?p=3626","og_locale":"fr_FR","og_type":"article","og_title":"Gr\u00e8ve \u00e0 la SNCF : les infos trafic en Poitou-Charentes - HELENE FM","og_description":"Le d\u00e9but de la gr\u00e8ve aujourd\u2019hui \u00e0 la SNCF. \u00c7a commence ce soir \u00e0 19h. Quatre syndicats de cheminots appellent \u00e0 une gr\u00e8ve nationale reconductible pour protester contre le projet de r\u00e9formeLire la suite...","og_url":"https:\/\/www.helenefm.com\/?p=3626","og_site_name":"HELENE FM","article_publisher":"https:\/\/www.facebook.com\/profile.php?id=100027030383449","article_published_time":"2014-06-10T05:58:50+00:00","article_modified_time":"2014-06-10T05:59:54+00:00","og_image":[{"width":800,"height":562,"url":"https:\/\/www.helenefm.com\/wordpress\/wp-content\/uploads\/2014\/01\/SNCF-5.jpg","type":"image\/jpeg"}],"author":"R\u00e9daction","twitter_card":"summary_large_image","twitter_creator":"@HELENE_FM","twitter_site":"@HELENE_FM","twitter_misc":{"\u00c9crit par":"R\u00e9daction"},"schema":{"@context":"https:\/\/schema.org","@graph":[{"@type":"Article","@id":"https:\/\/www.helenefm.com\/?p=3626#article","isPartOf":{"@id":"https:\/\/www.helenefm.com\/?p=3626"},"author":{"name":"R\u00e9daction","@id":"https:\/\/www.helenefm.com\/#\/schema\/person\/fb04a82ede6f9fb2208a8b9eddd8ecfb"},"headline":"Gr\u00e8ve \u00e0 la SNCF : les infos trafic en Poitou-Charentes","datePublished":"2014-06-10T05:58:50+00:00","dateModified":"2014-06-10T05:59:54+00:00","mainEntityOfPage":{"@id":"https:\/\/www.helenefm.com\/?p=3626"},"wordCount":83,"commentCount":0,"publisher":{"@id":"https:\/\/www.helenefm.com\/#organization"},"image":{"@id":"https:\/\/www.helenefm.com\/?p=3626#primaryimage"},"thumbnailUrl":"https:\/\/www.helenefm.com\/wordpress\/wp-content\/uploads\/2014\/01\/SNCF-5.jpg","inLanguage":"fr-FR","potentialAction":[{"@type":"CommentAction","name":"Comment","target":["https:\/\/www.helenefm.com\/?p=3626#respond"]}]},{"@type":"WebPage","@id":"https:\/\/www.helenefm.com\/?p=3626","url":"https:\/\/www.helenefm.com\/?p=3626","name":"Gr\u00e8ve \u00e0 la SNCF : les infos trafic en Poitou-Charentes - HELENE FM","isPartOf":{"@id":"https:\/\/www.helenefm.com\/#website"},"primaryImageOfPage":{"@id":"https:\/\/www.helenefm.com\/?p=3626#primaryimage"},"image":{"@id":"https:\/\/www.helenefm.com\/?p=3626#primaryimage"},"thumbnailUrl":"https:\/\/www.helenefm.com\/wordpress\/wp-content\/uploads\/2014\/01\/SNCF-5.jpg","datePublished":"2014-06-10T05:58:50+00:00","dateModified":"2014-06-10T05:59:54+00:00","breadcrumb":{"@id":"https:\/\/www.helenefm.com\/?p=3626#breadcrumb"},"inLanguage":"fr-FR","potentialAction":[{"@type":"ReadAction","target":["https:\/\/www.helenefm.com\/?p=3626"]}]},{"@type":"ImageObject","inLanguage":"fr-FR","@id":"https:\/\/www.helenefm.com\/?p=3626#primaryimage","url":"https:\/\/www.helenefm.com\/wordpress\/wp-content\/uploads\/2014\/01\/SNCF-5.jpg","contentUrl":"https:\/\/www.helenefm.com\/wordpress\/wp-content\/uploads\/2014\/01\/SNCF-5.jpg","width":800,"height":562},{"@type":"BreadcrumbList","@id":"https:\/\/www.helenefm.com\/?p=3626#breadcrumb","itemListElement":[{"@type":"ListItem","position":1,"name":"Accueil","item":"https:\/\/www.helenefm.com\/"},{"@type":"ListItem","position":2,"name":"Gr\u00e8ve \u00e0 la SNCF : les infos trafic en Poitou-Charentes"}]},{"@type":"WebSite","@id":"https:\/\/www.helenefm.com\/#website","url":"https:\/\/www.helenefm.com\/","name":"H\u00c9L\u00c8NE FM","description":"","publisher":{"@id":"https:\/\/www.helenefm.com\/#organization"},"potentialAction":[{"@type":"SearchAction","target":{"@type":"EntryPoint","urlTemplate":"https:\/\/www.helenefm.com\/?s={search_term_string}"},"query-input":{"@type":"PropertyValueSpecification","valueRequired":true,"valueName":"search_term_string"}}],"inLanguage":"fr-FR"},{"@type":"Organization","@id":"https:\/\/www.helenefm.com\/#organization","name":"H\u00c9L\u00c8NE FM","url":"https:\/\/www.helenefm.com\/","logo":{"@type":"ImageObject","inLanguage":"fr-FR","@id":"https:\/\/www.helenefm.com\/#\/schema\/logo\/image\/","url":"https:\/\/www.helenefm.com\/wordpress\/wp-content\/uploads\/2018\/05\/cropped-cropped-logo-helene-fm-512x512-1.jpg","contentUrl":"https:\/\/www.helenefm.com\/wordpress\/wp-content\/uploads\/2018\/05\/cropped-cropped-logo-helene-fm-512x512-1.jpg","width":512,"height":512,"caption":"H\u00c9L\u00c8NE FM"},"image":{"@id":"https:\/\/www.helenefm.com\/#\/schema\/logo\/image\/"},"sameAs":["https:\/\/www.facebook.com\/profile.php?id=100027030383449","https:\/\/x.com\/HELENE_FM","https:\/\/www.instagram.com\/helene__fm\/"]},{"@type":"Person","@id":"https:\/\/www.helenefm.com\/#\/schema\/person\/fb04a82ede6f9fb2208a8b9eddd8ecfb","name":"R\u00e9daction","image":{"@type":"ImageObject","inLanguage":"fr-FR","@id":"https:\/\/secure.gravatar.com\/avatar\/e27376be9ce9d76a824c6eabb367e5b2ed263ed34a5b8cf79d455d67b1e2a424?s=96&d=mm&r=g","url":"https:\/\/secure.gravatar.com\/avatar\/e27376be9ce9d76a824c6eabb367e5b2ed263ed34a5b8cf79d455d67b1e2a424?s=96&d=mm&r=g","contentUrl":"https:\/\/secure.gravatar.com\/avatar\/e27376be9ce9d76a824c6eabb367e5b2ed263ed34a5b8cf79d455d67b1e2a424?s=96&d=mm&r=g","caption":"R\u00e9daction"},"url":"https:\/\/www.helenefm.com\/?author=1"}]}},"views":1413,"jetpack_publicize_connections":[],"jetpack_featured_media_url":"https:\/\/www.helenefm.com\/wordpress\/wp-content\/uploads\/2014\/01\/SNCF-5.jpg","jetpack_sharing_enabled":true,"jetpack_shortlink":"https:\/\/wp.me\/p48eP9-Wu","_links":{"self":[{"href":"https:\/\/www.helenefm.com\/index.php?rest_route=\/wp\/v2\/posts\/3626","targetHints":{"allow":["GET"]}}],"collection":[{"href":"https:\/\/www.helenefm.com\/index.php?rest_route=\/wp\/v2\/posts"}],"about":[{"href":"https:\/\/www.helenefm.com\/index.php?rest_route=\/wp\/v2\/types\/post"}],"author":[{"embeddable":true,"href":"https:\/\/www.helenefm.com\/index.php?rest_route=\/wp\/v2\/users\/1"}],"replies":[{"embeddable":true,"href":"https:\/\/www.helenefm.com\/index.php?rest_route=%2Fwp%2Fv2%2Fcomments&post=3626"}],"version-history":[{"count":1,"href":"https:\/\/www.helenefm.com\/index.php?rest_route=\/wp\/v2\/posts\/3626\/revisions"}],"predecessor-version":[{"id":3627,"href":"https:\/\/www.helenefm.com\/index.php?rest_route=\/wp\/v2\/posts\/3626\/revisions\/3627"}],"wp:featuredmedia":[{"embeddable":true,"href":"https:\/\/www.helenefm.com\/index.php?rest_route=\/wp\/v2\/media\/1494"}],"wp:attachment":[{"href":"https:\/\/www.helenefm.com\/index.php?rest_route=%2Fwp%2Fv2%2Fmedia&parent=3626"}],"wp:term":[{"taxonomy":"category","embeddable":true,"href":"https:\/\/www.helenefm.com\/index.php?rest_route=%2Fwp%2Fv2%2Fcategories&post=3626"},{"taxonomy":"post_tag","embeddable":true,"href":"https:\/\/www.helenefm.com\/index.php?rest_route=%2Fwp%2Fv2%2Ftags&post=3626"}],"curies":[{"name":"wp","href":"https:\/\/api.w.org\/{rel}","templated":true}]}}