{"id":1973,"date":"2014-02-17T07:48:48","date_gmt":"2014-02-17T06:48:48","guid":{"rendered":"http:\/\/www.helenefm.com\/?p=1973"},"modified":"2017-08-16T14:40:34","modified_gmt":"2017-08-16T12:40:34","slug":"scene-ouverte-le-210214-avec-alidade","status":"publish","type":"post","link":"https:\/\/www.helenefm.com\/?p=1973","title":{"rendered":"Sc\u00e8ne ouverte le 21\/02\/14 avec Alidade"},"content":{"rendered":"<div id=\"attachment_1974\" style=\"width: 810px\" class=\"wp-caption aligncenter\"><a href=\"http:\/\/www.helenefm.com\/wordpress\/wp-content\/uploads\/2014\/02\/Alidade-1-Copie.jpg\"><img loading=\"lazy\" decoding=\"async\" aria-describedby=\"caption-attachment-1974\" data-attachment-id=\"1974\" data-permalink=\"https:\/\/www.helenefm.com\/?attachment_id=1974\" data-orig-file=\"https:\/\/www.helenefm.com\/wordpress\/wp-content\/uploads\/2014\/02\/Alidade-1-Copie.jpg\" data-orig-size=\"800,319\" data-comments-opened=\"1\" data-image-meta=\"{&quot;aperture&quot;:&quot;2.7&quot;,&quot;credit&quot;:&quot;&quot;,&quot;camera&quot;:&quot;KODAK EASYSHARE C913 DIGITAL CAMERA&quot;,&quot;caption&quot;:&quot;&quot;,&quot;created_timestamp&quot;:&quot;1392066869&quot;,&quot;copyright&quot;:&quot;&quot;,&quot;focal_length&quot;:&quot;6&quot;,&quot;iso&quot;:&quot;160&quot;,&quot;shutter_speed&quot;:&quot;0.016667&quot;,&quot;title&quot;:&quot;&quot;}\" data-image-title=\"Alidade (1) &amp;#8211; Copie\" data-image-description=\"\" data-image-caption=\"\" data-large-file=\"https:\/\/www.helenefm.com\/wordpress\/wp-content\/uploads\/2014\/02\/Alidade-1-Copie.jpg\" class=\"size-full wp-image-1974\" alt=\"Alidade (1) - Copie\" src=\"http:\/\/www.helenefm.com\/wordpress\/wp-content\/uploads\/2014\/02\/Alidade-1-Copie.jpg\" width=\"800\" height=\"319\" srcset=\"https:\/\/www.helenefm.com\/wordpress\/wp-content\/uploads\/2014\/02\/Alidade-1-Copie.jpg 800w, https:\/\/www.helenefm.com\/wordpress\/wp-content\/uploads\/2014\/02\/Alidade-1-Copie-300x119.jpg 300w\" sizes=\"auto, (max-width: 800px) 100vw, 800px\" \/><\/a><p id=\"caption-attachment-1974\" class=\"wp-caption-text\">La Cie alidade. (photo SC)<\/p><\/div>\n<audio class=\"wp-audio-shortcode\" id=\"audio-1973-1\" preload=\"none\" style=\"width: 100%;\" controls=\"controls\"><source type=\"audio\/mpeg\" src=\"http:\/\/www.helenefm.com\/sceneouverte210214.mp3?_=1\" \/><a href=\"http:\/\/www.helenefm.com\/sceneouverte210214.mp3\">http:\/\/www.helenefm.com\/sceneouverte210214.mp3<\/a><\/audio>\n<p style=\"text-align: justify;\">La compagnie \u00ab\u00a0ALIDADE\u00a0\u00bb de Rochefort (17). Un ch\u0153ur de chants de mer et de marins\u00a0exclusivement f\u00e9minin qui rend hommage aux femmes aventuri\u00e8res, \u00e9pouses,\u00a0matelots, \u00e9crivains qui ont consacr\u00e9 leur vie \u00e0 la mer. Elle s&rsquo;est donn\u00e9e pour mission de promouvoir le\u00a0 patrimoine culturel, maritime et historique de nos r\u00e9gions et\u00a0 d\u2019ailleurs.<\/p>\n","protected":false},"excerpt":{"rendered":"<p>La compagnie \u00ab\u00a0ALIDADE\u00a0\u00bb de Rochefort (17). Un ch\u0153ur de chants de mer et de marins\u00a0exclusivement f\u00e9minin qui rend hommage aux femmes aventuri\u00e8res, \u00e9pouses,\u00a0matelots, \u00e9crivains qui ont consacr\u00e9 leur vie \u00e0 la mer.<a class=\"moretag\" href=\"https:\/\/www.helenefm.com\/?p=1973\">Lire la suite&#8230;<\/a><\/p>\n","protected":false},"author":1,"featured_media":0,"comment_status":"open","ping_status":"open","sticky":false,"template":"","format":"audio","meta":{"_monsterinsights_skip_tracking":false,"_monsterinsights_sitenote_active":false,"_monsterinsights_sitenote_note":"","_monsterinsights_sitenote_category":0,"jetpack_post_was_ever_published":false,"_jetpack_newsletter_access":"","_jetpack_dont_email_post_to_subs":true,"_jetpack_newsletter_tier_id":0,"_jetpack_memberships_contains_paywalled_content":false,"_jetpack_memberships_contains_paid_content":false,"footnotes":"","jetpack_publicize_message":"#Sc\u00e8neOuverte le 21\/02\/14 avec Alidade de #Rochefort","jetpack_publicize_feature_enabled":true,"jetpack_social_post_already_shared":true,"jetpack_social_options":{"image_generator_settings":{"template":"highway","default_image_id":0,"font":"","enabled":false},"version":2}},"categories":[54],"tags":[],"class_list":["post-1973","post","type-post","status-publish","format-audio","hentry","category-scene-ouverte","post_format-post-format-audio"],"views":1886,"jetpack_publicize_connections":[],"jetpack_featured_media_url":"","jetpack_sharing_enabled":true,"jetpack_shortlink":"https:\/\/wp.me\/p48eP9-vP","_links":{"self":[{"href":"https:\/\/www.helenefm.com\/index.php?rest_route=\/wp\/v2\/posts\/1973","targetHints":{"allow":["GET"]}}],"collection":[{"href":"https:\/\/www.helenefm.com\/index.php?rest_route=\/wp\/v2\/posts"}],"about":[{"href":"https:\/\/www.helenefm.com\/index.php?rest_route=\/wp\/v2\/types\/post"}],"author":[{"embeddable":true,"href":"https:\/\/www.helenefm.com\/index.php?rest_route=\/wp\/v2\/users\/1"}],"replies":[{"embeddable":true,"href":"https:\/\/www.helenefm.com\/index.php?rest_route=%2Fwp%2Fv2%2Fcomments&post=1973"}],"version-history":[{"count":4,"href":"https:\/\/www.helenefm.com\/index.php?rest_route=\/wp\/v2\/posts\/1973\/revisions"}],"predecessor-version":[{"id":23202,"href":"https:\/\/www.helenefm.com\/index.php?rest_route=\/wp\/v2\/posts\/1973\/revisions\/23202"}],"wp:attachment":[{"href":"https:\/\/www.helenefm.com\/index.php?rest_route=%2Fwp%2Fv2%2Fmedia&parent=1973"}],"wp:term":[{"taxonomy":"category","embeddable":true,"href":"https:\/\/www.helenefm.com\/index.php?rest_route=%2Fwp%2Fv2%2Fcategories&post=1973"},{"taxonomy":"post_tag","embeddable":true,"href":"https:\/\/www.helenefm.com\/index.php?rest_route=%2Fwp%2Fv2%2Ftags&post=1973"}],"curies":[{"name":"wp","href":"https:\/\/api.w.org\/{rel}","templated":true}]}}