{"id":1210,"date":"2014-01-08T08:23:48","date_gmt":"2014-01-08T07:23:48","guid":{"rendered":"http:\/\/www.helenefm.com\/?p=1210"},"modified":"2014-01-08T08:23:48","modified_gmt":"2014-01-08T07:23:48","slug":"saint-jean-dangely-lhopital-poursuit-son-developpement-malgre-des-comptes-dans-le-rouge","status":"publish","type":"post","link":"https:\/\/www.helenefm.com\/?p=1210","title":{"rendered":"Saint-Jean-d&rsquo;Ang\u00e9ly : l&rsquo;h\u00f4pital poursuit son d\u00e9veloppement malgr\u00e9 des comptes dans le rouge"},"content":{"rendered":"<p style=\"text-align: justify;\">Situation d\u00e9licate mais pas critique \u00e0 l\u2019h\u00f4pital de Saint-Jean-d\u2019Ang\u00e9ly. Les comptes sont dans le rouge et l\u2019Agence r\u00e9gionale de sant\u00e9 est oblig\u00e9e de piocher dans ses r\u00e9serves pour r\u00e9tablir l\u2019\u00e9quilibre. Toutefois, la direction de l\u2019\u00e9tablissement ang\u00e9rien, qui est en gestion commune avec le Centre hospitalier de Saintonge \u00e0 Saintes, renforce la mutualisation des moyens pour ma\u00eetriser les d\u00e9penses et tente de d\u00e9velopper l\u2019activit\u00e9 au sein de l\u2019h\u00f4pital de Saint-Jean qui est le premier employeur de la ville avec ses 600 salari\u00e9s. Alain Debetz, le directeur g\u00e9n\u00e9ral\u00a0:<\/p>\n<p style=\"text-align: justify;\">[audio:http:\/\/www.helenefm.com\/wordpress\/wp-content\/uploads\/2014\/01\/voeux-hop-st-jean.mp3]\n<p style=\"text-align: justify;\">Et malgr\u00e9 les difficult\u00e9s \u00e0 recruter des sp\u00e9cialistes en radiologie, en gyn\u00e9cologie obst\u00e9trique, en p\u00e9diatrie et en anesth\u00e9sie, l\u2019h\u00f4pital de Saint-Jean-d\u2019Ang\u00e9ly r\u00e9siste en d\u00e9veloppant de nouvelles comp\u00e9tences sp\u00e9cifiques, comme la prise en charge de l\u2019ob\u00e9sit\u00e9 avec une augmentation accrue de la chirurgie bariatrique. Mais aussi l\u2019ophtalmologie avec l\u2019arriv\u00e9e des premi\u00e8res greffes de corn\u00e9e dans les premiers mois de cette ann\u00e9e 2014.<\/p>\n","protected":false},"excerpt":{"rendered":"<p>Situation d\u00e9licate mais pas critique \u00e0 l\u2019h\u00f4pital de Saint-Jean-d\u2019Ang\u00e9ly. Les comptes sont dans le rouge et l\u2019Agence r\u00e9gionale de sant\u00e9 est oblig\u00e9e de piocher dans ses r\u00e9serves pour r\u00e9tablir l\u2019\u00e9quilibre. Toutefois, la<a class=\"moretag\" href=\"https:\/\/www.helenefm.com\/?p=1210\">Lire la suite&#8230;<\/a><\/p>\n","protected":false},"author":1,"featured_media":0,"comment_status":"open","ping_status":"open","sticky":false,"template":"","format":"standard","meta":{"_monsterinsights_skip_tracking":false,"_monsterinsights_sitenote_active":false,"_monsterinsights_sitenote_note":"","_monsterinsights_sitenote_category":0,"jetpack_post_was_ever_published":false,"_jetpack_newsletter_access":"","_jetpack_dont_email_post_to_subs":false,"_jetpack_newsletter_tier_id":0,"_jetpack_memberships_contains_paywalled_content":false,"_jetpack_memberships_contains_paid_content":false,"footnotes":"","jetpack_publicize_message":"#SaintJeandAng\u00e9ly : l'h\u00f4pital poursuit son d\u00e9veloppement malgr\u00e9 des comptes dans le rouge","jetpack_publicize_feature_enabled":true,"jetpack_social_post_already_shared":true,"jetpack_social_options":{"image_generator_settings":{"template":"highway","default_image_id":0,"font":"","enabled":false},"version":2}},"categories":[1],"tags":[44],"class_list":["post-1210","post","type-post","status-publish","format-standard","hentry","category-non-classe","tag-saint-jean-dangely"],"views":1570,"jetpack_publicize_connections":[],"jetpack_featured_media_url":"","jetpack_sharing_enabled":true,"jetpack_shortlink":"https:\/\/wp.me\/p48eP9-jw","_links":{"self":[{"href":"https:\/\/www.helenefm.com\/index.php?rest_route=\/wp\/v2\/posts\/1210","targetHints":{"allow":["GET"]}}],"collection":[{"href":"https:\/\/www.helenefm.com\/index.php?rest_route=\/wp\/v2\/posts"}],"about":[{"href":"https:\/\/www.helenefm.com\/index.php?rest_route=\/wp\/v2\/types\/post"}],"author":[{"embeddable":true,"href":"https:\/\/www.helenefm.com\/index.php?rest_route=\/wp\/v2\/users\/1"}],"replies":[{"embeddable":true,"href":"https:\/\/www.helenefm.com\/index.php?rest_route=%2Fwp%2Fv2%2Fcomments&post=1210"}],"version-history":[{"count":1,"href":"https:\/\/www.helenefm.com\/index.php?rest_route=\/wp\/v2\/posts\/1210\/revisions"}],"predecessor-version":[{"id":1212,"href":"https:\/\/www.helenefm.com\/index.php?rest_route=\/wp\/v2\/posts\/1210\/revisions\/1212"}],"wp:attachment":[{"href":"https:\/\/www.helenefm.com\/index.php?rest_route=%2Fwp%2Fv2%2Fmedia&parent=1210"}],"wp:term":[{"taxonomy":"category","embeddable":true,"href":"https:\/\/www.helenefm.com\/index.php?rest_route=%2Fwp%2Fv2%2Fcategories&post=1210"},{"taxonomy":"post_tag","embeddable":true,"href":"https:\/\/www.helenefm.com\/index.php?rest_route=%2Fwp%2Fv2%2Ftags&post=1210"}],"curies":[{"name":"wp","href":"https:\/\/api.w.org\/{rel}","templated":true}]}}